{"id":683524,"date":"2022-10-07T20:55:00","date_gmt":"2022-10-07T18:55:00","guid":{"rendered":"https:\/\/dailynewshungary.com\/de\/die-ungarische-opposition-fordert-ein-verlangertes-raumungsmoratorium\/"},"modified":"2022-10-07T20:55:00","modified_gmt":"2022-10-07T18:55:00","slug":"die-ungarische-opposition-fordert-ein-verlangertes-raumungsmoratorium","status":"publish","type":"post","link":"https:\/\/dailynewshungary.com\/de\/die-ungarische-opposition-fordert-ein-verlangertes-raumungsmoratorium\/","title":{"rendered":"Die ungarische Opposition fordert ein verl\u00e4ngertes R\u00e4umungsmoratorium"},"content":{"rendered":"<p><strong>Oppositionelle P\u00e1rbesz\u00e9d hat vorgeschlagen, vor dem Winter ein R\u00e4umungsmoratorium einzuf\u00fchren und bis zum Ende der Wirtschaftskrise aufrechtzuerhalten.<\/strong><\/p>\n<p>Der am Freitag in P\u00e1rbesz\u00e9d lebende Abgeordnete Andr\u00e1s J\u00e1mbor hielt eine Online-Pressekonferenz ab und verwies auf einen aktuellen Fall, in dem eine Frau aus ihrer kommunalen Wohnung im Zentrum von Budapest vertrieben wurde, nachdem sie die Zahlungsr\u00fcckst\u00e4nde in H\u00f6he von 300.000 HUF nicht beglichen hatte (<strong>708 EUR<\/strong>).<\/p>\n<p>J\u00e1mbor zitierte das Kommunalgesetz mit den Worten, \u201ekeine Gemeinde darf die Bewohner obdachlos machen\u201cund f\u00fcgte hinzu, dass die Regierung von Distrikt 5 der vertriebenen Frau ein Bett in einem Obdachlosenheim angeboten habe.<\/p>\n","protected":false},"excerpt":{"rendered":"<p>Oppositionelle P\u00e1rbesz\u00e9d hat vorgeschlagen, vor dem Winter ein R\u00e4umungsmoratorium einzuf\u00fchren und bis zum Ende der Wirtschaftskrise aufrechtzuerhalten. Der am Freitag in P\u00e1rbesz\u00e9d lebende Abgeordnete Andr\u00e1s J\u00e1mbor hielt eine Online-Pressekonferenz ab und verwies auf einen aktuellen Fall, in dem eine Frau aus ihrer kommunalen Wohnung im Zentrum von Budapest vertrieben wurde, nachdem sie die Zahlungsr\u00fcckst\u00e4nde in [&hellip;]<\/p>\n","protected":false},"author":33,"featured_media":683525,"comment_status":"open","ping_status":"open","sticky":false,"template":"","format":"standard","meta":{"_acf_changed":false,"_display_image":"no","footnotes":""},"categories":[1081],"tags":[1433,1102,1076],"class_list":["post-683524","post","type-post","status-publish","format-standard","has-post-thumbnail","hentry","category-politik","tag-kumpelhafteste","tag-ungarische-regierung","tag-ungarn"],"blocksy_meta":[],"acf":[],"author_username":"ugyelet","telegram_post":"","public_post_metadata":{"breaking_news":"yes","important":"no","csempe":"no","center_tile":"no","disable_thumbnail":"no","target_lang":"","_featured_image_style":"hidden","telegram_post":"","_xlat_group_id":""},"public_rank_math_data":{"title":"%title% %sep% %sitename%","description":"P\u00e1rbesz\u00e9d hat vorgeschlagen, vor dem Winter ein R\u00e4umungsmoratorium einzuf\u00fchren und bis zum Ende der Wirtschaftskrise aufrechtzuerhalten.","focus_keyword":"Moratorium","canonical_url":"","robots":"","primary_category":"1081","breadcrumb_title":"","facebook_title":"","facebook_description":"","facebook_image":"","facebook_image_id":"","twitter_title":"","twitter_description":"","twitter_image":"","twitter_image_id":"","twitter_card_type":"","twitter_use_facebook":"","advanced_robots":"","pillar_content":"","seo_score":"57","contentai_score":"","rich_snippet":""},"_links":{"self":[{"href":"https:\/\/dailynewshungary.com\/de\/wp-json\/wp\/v2\/posts\/683524","targetHints":{"allow":["GET"]}}],"collection":[{"href":"https:\/\/dailynewshungary.com\/de\/wp-json\/wp\/v2\/posts"}],"about":[{"href":"https:\/\/dailynewshungary.com\/de\/wp-json\/wp\/v2\/types\/post"}],"author":[{"embeddable":true,"href":"https:\/\/dailynewshungary.com\/de\/wp-json\/wp\/v2\/users\/33"}],"replies":[{"embeddable":true,"href":"https:\/\/dailynewshungary.com\/de\/wp-json\/wp\/v2\/comments?post=683524"}],"version-history":[{"count":0,"href":"https:\/\/dailynewshungary.com\/de\/wp-json\/wp\/v2\/posts\/683524\/revisions"}],"wp:featuredmedia":[{"embeddable":true,"href":"https:\/\/dailynewshungary.com\/de\/wp-json\/wp\/v2\/media\/683525"}],"wp:attachment":[{"href":"https:\/\/dailynewshungary.com\/de\/wp-json\/wp\/v2\/media?parent=683524"}],"wp:term":[{"taxonomy":"category","embeddable":true,"href":"https:\/\/dailynewshungary.com\/de\/wp-json\/wp\/v2\/categories?post=683524"},{"taxonomy":"post_tag","embeddable":true,"href":"https:\/\/dailynewshungary.com\/de\/wp-json\/wp\/v2\/tags?post=683524"}],"curies":[{"name":"wp","href":"https:\/\/api.w.org\/{rel}","templated":true}]}}