{"id":683565,"date":"2022-10-06T20:45:04","date_gmt":"2022-10-06T18:45:04","guid":{"rendered":"https:\/\/dailynewshungary.com\/de\/ungarn-ist-bereit-seinen-beitrag-zum-schutz-der-serbisch-nordmazedonischen-grenze-zu-erhohen\/"},"modified":"2022-10-06T20:45:04","modified_gmt":"2022-10-06T18:45:04","slug":"ungarn-ist-bereit-seinen-beitrag-zum-schutz-der-serbisch-nordmazedonischen-grenze-zu-erhohen","status":"publish","type":"post","link":"https:\/\/dailynewshungary.com\/de\/ungarn-ist-bereit-seinen-beitrag-zum-schutz-der-serbisch-nordmazedonischen-grenze-zu-erhohen\/","title":{"rendered":"Ungarn ist bereit, seinen Beitrag zum Schutz der serbisch-nordmazedonischen Grenze zu erh\u00f6hen"},"content":{"rendered":"<p><strong>Ungarn sei bereit, seinen Beitrag zum Schutz der serbisch-nordmazedonischen Grenze in Technologie und Personal zu erh\u00f6hen, um den Schutz der Grenze vor illegaler Migration zu verbessern, sagte der Au\u00dfenminister am Donnerstag in Belgrad.<\/strong><\/p>\n<p>Nach einem Treffen mit den serbischen Finanz, Au\u00dfen &#8211; und Innenministern und \u00d6sterreichs Au\u00dfen &#8211; und Innenministern in Belgrad sagte P\u00e9ter Szijj\u00e1rt\u00f3, dass durch den Schutz der eigenen Grenzen diese L\u00e4nder auch Europa sch\u00fctztenDie bereits bestehende Zusammenarbeit sollte verst\u00e4rkt werden, um sich an die wachsende Zahl von Migranten anzupassen, sagte er auf einer gemeinsamen Pressekonferenz.<\/p>\n<p>W\u00e4hrend sich die Verteidigungslinie derzeit an der ungarisch-serbischen Grenze befinde, w\u00e4re es f\u00fcr alle L\u00e4nder von Vorteil, sie weiter nach S\u00fcden zu verlagern, sagte er \u201eWir m\u00fcssen eine gro\u00dfe, starke und wirksame Grenzschutztruppe aufbauen, um die Grenze zwischen Serbien und Nordmazedonien zu sch\u00fctzen, und Ungarn ist bereit, das Maximum seiner F\u00e4higkeiten zu nutzen.\u201csagte Szijj\u00e1rt\u00f3.<\/p>\n<p>Ungarn stehe unterdessen unter doppeltem Druck, sagte Szijj\u00e1rt\u00f3. \u201eSeit Beginn des Krieges in der Ukraine hat es rund 1,5 Millionen Fl\u00fcchtlinge aufgenommen, obwohl auch die \u201eS\u00fcdgrenze belagert wird\u201csagte er\u201d \u201eDas ist keine \u00dcbertreibung, da sich Menschenschmuggler und Migranten an den S\u00fcdgrenzen bewaffnet haben und nicht z\u00f6gern, mit scharfer Munition aufeinander und auf die Polizisten zu schie\u00dfen, die die ungarische Grenze sch\u00fctzen\u201d, sagte er.<\/p>\n<p>Bisher seien allein in diesem Jahr 195.000 illegale Migranten an der Grenze gestoppt worden, gegen\u00fcber 85.000 im Vorjahreszeitraum und gegen\u00fcber 5.000 im Jahr 2018, sagte er.<\/p>\n<p><a class=\"dnh-embed-link\" href=\"https:\/\/dailynewshungary.com\/de\/ep-drangt-auf-preisobergrenze-fur-per-pipeline-geliefertes-gas\/\"><\/a><\/p>\n<p><a class=\"dnh-embed-link\" href=\"https:\/\/dailynewshungary.com\/de\/ep-drangt-auf-preisobergrenze-fur-per-pipeline-geliefertes-gas\/\"><\/p>\n<div class=\"dnh-embed\">\n<div class=\"dnh-embed-thumb\"><\/div>\n<h5 class=\"dnh-embed-title\"><span>Lesen Sie auch<\/span>EP dr\u00e4ngt auf Preisobergrenze f\u00fcr per Pipeline geliefertes Gas<\/h5>\n<\/div>\n<p><\/a><\/p>\n<p><a class=\"dnh-embed-link\" href=\"https:\/\/dailynewshungary.com\/de\/ep-drangt-auf-preisobergrenze-fur-per-pipeline-geliefertes-gas\/\"><\/a><\/p>\n<p>Die Grundursachen seien gravierender geworden, \u201cweil es neben der migrationsfreundlichen Politik der EU nun die weltweite wirtschaftliche Rezession und die Nahrungsmittelkrise durch den [Russland-Ukraine] &#8211; Krieg und die [EU] &#8211; Sanktionen gibt\u201d, sagte erDie Zahl der illegalen Migranten d\u00fcrfte weiter wachsen und den Druck auf die Grenzen erh\u00f6hen, sagte er.<\/p>\n<p>\u201cUngarn sieht es weiterhin als Sicherheits &#8211; und Kriminalit\u00e4tsfrage und nicht als Menschenrechtsfrage, denn die Grenze zwischen zwei sicheren L\u00e4ndern zu durchbrechen, ist ein Verbrechen\u201d, sagte er.<\/p>\n<p>Auf eine Frage hin lobte er die ungarischen Grenzpatrouillen daf\u00fcr, dass sie \u201cihr Leben riskierten, um die ungarische und europ\u00e4ische Grenze zu sch\u00fctzen\u201d Er wies Behauptungen zur\u00fcck, dass die Beamten gegen Gesetze versto\u00dfen h\u00e4tten, da sie die Grenze vor illegalen Migranten sch\u00fctzten.<\/p>\n<p>Der serbische Innenminister Aleksandar Vulin sagte, Serbien, Ungarn und \u00d6sterreich h\u00e4tten es mit derselben Krise zu tun, die seiner Meinung nach keine humanit\u00e4re sei. \u201eDie Krise ist das Ergebnis der Aktivit\u00e4ten organisierter Banden, die gegen internationale Vorschriften versto\u00dfen und das Schicksal von Menschen in Schwierigkeiten ausnutzen\u201csagte er. \u201eSerbien darf bei der Bew\u00e4ltigung der Krise nicht allein gelassen werden\u201d, sagte er und f\u00fcgte hinzu, dass die drei L\u00e4nder \u201ezuverl\u00e4ssige Verb\u00fcndete\u201d geworden seien. Serbiens Priorit\u00e4t sei die Sicherheit seiner B\u00fcrger, und daher k\u00f6nne es nicht zulassen, dass Migranten \u201eim Land stationiert\u201d w\u00fcrden und das t\u00e4gliche Leben st\u00f6ren.<\/p>\n<p>Der \u00f6sterreichische Innenminister Gerhard Karner dankte Serbien f\u00fcr seine Politik, die der EU hilft Er forderte technologische Zusammenarbeit, um den Grenzschutz und die Bek\u00e4mpfung von Menschenschmuggel und illegaler Migration wirksamer zu gestalten.<\/p>\n<p><a class=\"dnh-embed-link\" href=\"https:\/\/dailynewshungary.com\/de\/die-ungarische-verteidigungsindustrie-durfte-bis-2030-zu-den-besten-regionen-gehoren\/\"><\/a><\/p>\n<p><a class=\"dnh-embed-link\" href=\"https:\/\/dailynewshungary.com\/de\/die-ungarische-verteidigungsindustrie-durfte-bis-2030-zu-den-besten-regionen-gehoren\/\"><\/p>\n<div class=\"dnh-embed\">\n<div class=\"dnh-embed-thumb\"><img loading=\"lazy\" decoding=\"async\" width=\"1025\" height=\"450\" src=\"https:\/\/contentf5.dailynewshungary.com\/wp-content\/uploads\/2022\/10\/Hungary-military-development-1025x450.webp\" class=\"attachment-embed_thumbnail size-embed_thumbnail wp-post-image\" alt=\"Ungarn milit\u00e4rische Entwicklung\"><\/div>\n<h5 class=\"dnh-embed-title\"><span>Lesen Sie auch<\/span> Die ungarische Verteidigungsindustrie d\u00fcrfte bis 2030 zu den besten Regionen geh\u00f6ren <\/h5>\n<\/div>\n<p><\/a><\/p>\n<p><a class=\"dnh-embed-link\" href=\"https:\/\/dailynewshungary.com\/de\/die-ungarische-verteidigungsindustrie-durfte-bis-2030-zu-den-besten-regionen-gehoren\/\"><\/a><\/p>\n","protected":false},"excerpt":{"rendered":"<p>Ungarn sei bereit, seinen Beitrag zum Schutz der serbisch-nordmazedonischen Grenze in Technologie und Personal zu erh\u00f6hen, um den Schutz der Grenze vor illegaler Migration zu verbessern, sagte der Au\u00dfenminister am Donnerstag in Belgrad. Nach einem Treffen mit den serbischen Finanz, Au\u00dfen &#8211; und Innenministern und \u00d6sterreichs Au\u00dfen &#8211; und Innenministern in Belgrad sagte P\u00e9ter Szijj\u00e1rt\u00f3, [&hellip;]<\/p>\n","protected":false},"author":33,"featured_media":683566,"comment_status":"open","ping_status":"open","sticky":false,"template":"","format":"standard","meta":{"_acf_changed":false,"_display_image":"yes","footnotes":""},"categories":[1081],"tags":[1470,1445,1484,1076],"class_list":["post-683565","post","type-post","status-publish","format-standard","has-post-thumbnail","hentry","category-politik","tag-ausenministerium-fur-ungarn","tag-migration","tag-serbien","tag-ungarn"],"blocksy_meta":[],"acf":[],"author_username":"ugyelet","telegram_post":"","public_post_metadata":{"breaking_news":"yes","important":"no","csempe":"no","center_tile":"no","disable_thumbnail":"no","target_lang":"","_featured_image_style":"hidden","telegram_post":"","_xlat_group_id":""},"public_rank_math_data":{"title":"%title% %sep% %sitename%","description":"Ungarn ist bereit, seinen Beitrag zum Schutz der serbisch-nordmazedonischen Grenze in Technologie und Personal zu erh\u00f6hen, um den Schutz der Grenze vor illegaler Migration zu verbessern.","focus_keyword":"Ungarn","canonical_url":"","robots":"","primary_category":"1081","breadcrumb_title":"","facebook_title":"","facebook_description":"","facebook_image":"","facebook_image_id":"","twitter_title":"","twitter_description":"","twitter_image":"","twitter_image_id":"","twitter_card_type":"","twitter_use_facebook":"","advanced_robots":"","pillar_content":"","seo_score":"58","contentai_score":"","rich_snippet":""},"_links":{"self":[{"href":"https:\/\/dailynewshungary.com\/de\/wp-json\/wp\/v2\/posts\/683565","targetHints":{"allow":["GET"]}}],"collection":[{"href":"https:\/\/dailynewshungary.com\/de\/wp-json\/wp\/v2\/posts"}],"about":[{"href":"https:\/\/dailynewshungary.com\/de\/wp-json\/wp\/v2\/types\/post"}],"author":[{"embeddable":true,"href":"https:\/\/dailynewshungary.com\/de\/wp-json\/wp\/v2\/users\/33"}],"replies":[{"embeddable":true,"href":"https:\/\/dailynewshungary.com\/de\/wp-json\/wp\/v2\/comments?post=683565"}],"version-history":[{"count":0,"href":"https:\/\/dailynewshungary.com\/de\/wp-json\/wp\/v2\/posts\/683565\/revisions"}],"wp:featuredmedia":[{"embeddable":true,"href":"https:\/\/dailynewshungary.com\/de\/wp-json\/wp\/v2\/media\/683566"}],"wp:attachment":[{"href":"https:\/\/dailynewshungary.com\/de\/wp-json\/wp\/v2\/media?parent=683565"}],"wp:term":[{"taxonomy":"category","embeddable":true,"href":"https:\/\/dailynewshungary.com\/de\/wp-json\/wp\/v2\/categories?post=683565"},{"taxonomy":"post_tag","embeddable":true,"href":"https:\/\/dailynewshungary.com\/de\/wp-json\/wp\/v2\/tags?post=683565"}],"curies":[{"name":"wp","href":"https:\/\/api.w.org\/{rel}","templated":true}]}}