{"id":683599,"date":"2022-10-05T19:54:47","date_gmt":"2022-10-05T17:54:47","guid":{"rendered":"https:\/\/dailynewshungary.com\/de\/budapests-beruhmte-margareteninsel-von-touristen-uberstrapaziert-einwohner\/"},"modified":"2022-10-05T19:54:47","modified_gmt":"2022-10-05T17:54:47","slug":"budapests-beruhmte-margareteninsel-von-touristen-uberstrapaziert-einwohner","status":"publish","type":"post","link":"https:\/\/dailynewshungary.com\/de\/budapests-beruhmte-margareteninsel-von-touristen-uberstrapaziert-einwohner\/","title":{"rendered":"Budapests ber\u00fchmte Margareteninsel von Touristen \u00fcberstrapaziert, Einwohner?"},"content":{"rendered":"<p><strong>Das Budapester B\u00fcrgermeisteramt befragt die \u00f6ffentliche Meinung zur beliebten Margareteninsel der Stadt, um zu beurteilen, ob ihre Freizeitfunktionen gest\u00e4rkt werden sollten und ob die aktuellen Dienstleistungen beliebt seien, teilte das B\u00fcro am Mittwoch mit.<\/strong><\/p>\n<p>Der f\u00fcr das Gebiet zust\u00e4ndige Stadtrat m\u00f6chte beurteilen, ob der derzeitige Park funktioniert, wie hoch und qualitativ die verf\u00fcgbaren Dienstleistungen sind und wie hoch die Umweltbelastung des Parks ist, und sei \u00f6kologisch nachhaltig, hei\u00dft es in der Erkl\u00e4rungDie hohe Besucherzahl und die Vielfalt der Aktivit\u00e4ten, die derzeit auf der Insel zu beobachten sind, haben den Verdacht einer \u00dcbernutzung geweckt, f\u00fcgte es hinzu.<\/p>\n<p>Die B\u00fcrgermeisterei l\u00e4dt die Bev\u00f6lkerung ein, einen online verf\u00fcgbaren Fragebogen auszuf\u00fcllen <a href=\"http:\/\/budapest.hu\/lapok\/margitsziget.aspx\" target=\"_blank\" rel=\"noopener\">HIER<\/a> und an verschiedenen Orten vor Ort bis zum 19. Oktober.<\/p>\n<p><a class=\"dnh-embed-link\" href=\"https:\/\/dailynewshungary.com\/de\/video-lehrer-sollen-eine-budapester-brucke-besetzen-der-verkehr-konnte-am-nachmittag-zusammenbrechen\/\"><\/a><\/p>\n<p><a class=\"dnh-embed-link\" href=\"https:\/\/dailynewshungary.com\/de\/video-lehrer-sollen-eine-budapester-brucke-besetzen-der-verkehr-konnte-am-nachmittag-zusammenbrechen\/\"><\/p>\n<div class=\"dnh-embed\">\n<div class=\"dnh-embed-thumb\"><img loading=\"lazy\" decoding=\"async\" width=\"1025\" height=\"450\" src=\"https:\/\/contentf5.dailynewshungary.com\/wp-content\/uploads\/2022\/10\/Teacher-demonstration-Budapest-bridge-1025x450.webp\" class=\"attachment-embed_thumbnail size-embed_thumbnail wp-post-image\" alt=\"Lehrerdemonstration Budapester Br\u00fccke\"><\/div>\n<h5 class=\"dnh-embed-title\"><span>Lesen Sie auch<\/span>VIDEO: Lehrer sollen eine Budapester Br\u00fccke besetzen, der Verkehr k\u00f6nnte am Nachmittag zusammenbrechen<\/h5>\n<\/div>\n<p><\/a><\/p>\n<p><a class=\"dnh-embed-link\" href=\"https:\/\/dailynewshungary.com\/de\/video-lehrer-sollen-eine-budapester-brucke-besetzen-der-verkehr-konnte-am-nachmittag-zusammenbrechen\/\"><\/a><\/p>\n<h2>Nezspont: Ungarn, Deutsche haben eine gute Meinung \u00fcber das Land des anderen<\/h2>\n<p>Ungarn und Deutsche haben gegenseitig eine gute Meinung \u00fcber das Land des anderen und Menschen aus beiden L\u00e4ndern glauben, dass gute Beziehungen untereinander wichtig f\u00fcr die Zukunft der Europ\u00e4ischen Union sind, hei\u00dft es in einer k\u00fcrzlich am Mittwoch ver\u00f6ffentlichten Umfrage des Nezopont-Instituts.<\/p>\n<p>Nezopont-Direktor \u00c1goston S\u00e1muel Mr\u00e1z sagte auf einer Pressekonferenz, dass im Rahmen der in diesem Jahr zum sechsten Mal erstellten Umfrage \u201eUngarn-Deutschland-Barometer\u201c1.000 Menschen aus beiden L\u00e4ndern telefonisch befragt worden seien. Etwa 56 Prozent der Ungarn und 59 Prozent der Deutschen gaben an, eine gute Meinung \u00fcber das andere Land zu haben, aber weniger als die H\u00e4lfte der Ungarn und Deutschen sagten, die bilateralen Beziehungen seien gut.<\/p>\n<p>Die bilateralen Beziehungen m\u00fcssten verbessert werden, wenn man bedenke, dass 88 Prozent der Ungarn und 70 Prozent der Deutschen angaben, sie seien wichtig f\u00fcr die Zukunft der EU, f\u00fcgte er hinzu.<\/p>\n<p><a class=\"dnh-embed-link\" href=\"https:\/\/dailynewshungary.com\/de\/mieter-mussen-in-budapest-mit-unerschwinglich-hohen-mietpreisen-rechnen\/\"><\/a><\/p>\n<p><a class=\"dnh-embed-link\" href=\"https:\/\/dailynewshungary.com\/de\/mieter-mussen-in-budapest-mit-unerschwinglich-hohen-mietpreisen-rechnen\/\"><\/p>\n<div class=\"dnh-embed\">\n<div class=\"dnh-embed-thumb\"><img loading=\"lazy\" decoding=\"async\" width=\"1024\" height=\"450\" src=\"https:\/\/contentf5.dailynewshungary.com\/wp-content\/uploads\/2022\/10\/Rental-prices-Budapest-downtown-1024x450.webp\" class=\"attachment-embed_thumbnail size-embed_thumbnail wp-post-image\" alt=\"Wohnungsmarkt Mietpreise Budapest Innenstadt\"><\/div>\n<h5 class=\"dnh-embed-title\"><span>Lesen Sie auch<\/span>Mieter m\u00fcssen in Budapest mit unerschwinglich hohen Mietpreisen rechnen<\/h5>\n<\/div>\n<p><\/a><\/p>\n<p><a class=\"dnh-embed-link\" href=\"https:\/\/dailynewshungary.com\/de\/mieter-mussen-in-budapest-mit-unerschwinglich-hohen-mietpreisen-rechnen\/\"><\/a><\/p>\n","protected":false},"excerpt":{"rendered":"<p>Das Budapester B\u00fcrgermeisteramt befragt die \u00f6ffentliche Meinung zur beliebten Margareteninsel der Stadt, um zu beurteilen, ob ihre Freizeitfunktionen gest\u00e4rkt werden sollten und ob die aktuellen Dienstleistungen beliebt seien, teilte das B\u00fcro am Mittwoch mit. Der f\u00fcr das Gebiet zust\u00e4ndige Stadtrat m\u00f6chte beurteilen, ob der derzeitige Park funktioniert, wie hoch und qualitativ die verf\u00fcgbaren Dienstleistungen sind [&hellip;]<\/p>\n","protected":false},"author":50,"featured_media":683600,"comment_status":"open","ping_status":"open","sticky":false,"template":"","format":"standard","meta":{"_acf_changed":false,"_display_image":"","footnotes":""},"categories":[1081],"tags":[1336,1549,1079],"class_list":["post-683599","post","type-post","status-publish","format-standard","has-post-thumbnail","hentry","category-politik","tag-hungrig","tag-knospenstrausig","tag-tourismus"],"blocksy_meta":[],"acf":[],"author_username":"dnh","telegram_post":"","public_post_metadata":{"breaking_news":"yes","important":"no","csempe":"no","center_tile":"no","disable_thumbnail":"no","target_lang":"","_featured_image_style":"","telegram_post":"","_xlat_group_id":""},"public_rank_math_data":{"title":"%title% %sep% %sitename%","description":"Das Budapester B\u00fcrgermeisteramt befragt die \u00f6ffentliche Meinung zur beliebten Margareteninsel der Stadt. Hier sind die Details.","focus_keyword":"Margareteninsel","canonical_url":"","robots":"","primary_category":"1081","breadcrumb_title":"","facebook_title":"","facebook_description":"","facebook_image":"","facebook_image_id":"","twitter_title":"","twitter_description":"","twitter_image":"","twitter_image_id":"","twitter_card_type":"","twitter_use_facebook":"","advanced_robots":"","pillar_content":"","seo_score":"60","contentai_score":"","rich_snippet":""},"_links":{"self":[{"href":"https:\/\/dailynewshungary.com\/de\/wp-json\/wp\/v2\/posts\/683599","targetHints":{"allow":["GET"]}}],"collection":[{"href":"https:\/\/dailynewshungary.com\/de\/wp-json\/wp\/v2\/posts"}],"about":[{"href":"https:\/\/dailynewshungary.com\/de\/wp-json\/wp\/v2\/types\/post"}],"author":[{"embeddable":true,"href":"https:\/\/dailynewshungary.com\/de\/wp-json\/wp\/v2\/users\/50"}],"replies":[{"embeddable":true,"href":"https:\/\/dailynewshungary.com\/de\/wp-json\/wp\/v2\/comments?post=683599"}],"version-history":[{"count":0,"href":"https:\/\/dailynewshungary.com\/de\/wp-json\/wp\/v2\/posts\/683599\/revisions"}],"wp:featuredmedia":[{"embeddable":true,"href":"https:\/\/dailynewshungary.com\/de\/wp-json\/wp\/v2\/media\/683600"}],"wp:attachment":[{"href":"https:\/\/dailynewshungary.com\/de\/wp-json\/wp\/v2\/media?parent=683599"}],"wp:term":[{"taxonomy":"category","embeddable":true,"href":"https:\/\/dailynewshungary.com\/de\/wp-json\/wp\/v2\/categories?post=683599"},{"taxonomy":"post_tag","embeddable":true,"href":"https:\/\/dailynewshungary.com\/de\/wp-json\/wp\/v2\/tags?post=683599"}],"curies":[{"name":"wp","href":"https:\/\/api.w.org\/{rel}","templated":true}]}}