{"id":683665,"date":"2022-10-04T10:34:44","date_gmt":"2022-10-04T08:34:44","guid":{"rendered":"https:\/\/dailynewshungary.com\/de\/orban-hat-es-in-12-jahren-nicht-geschafft-die-situation-der-lehrer-zu-losen-jetzt-bittet-der-sprecher-des-reprasentantenhauses-um-mehr-zeit\/"},"modified":"2022-10-04T10:34:44","modified_gmt":"2022-10-04T08:34:44","slug":"orban-hat-es-in-12-jahren-nicht-geschafft-die-situation-der-lehrer-zu-losen-jetzt-bittet-der-sprecher-des-reprasentantenhauses-um-mehr-zeit","status":"publish","type":"post","link":"https:\/\/dailynewshungary.com\/de\/orban-hat-es-in-12-jahren-nicht-geschafft-die-situation-der-lehrer-zu-losen-jetzt-bittet-der-sprecher-des-reprasentantenhauses-um-mehr-zeit\/","title":{"rendered":"Orb\u00e1n hat es in 12 Jahren nicht geschafft, die Situation der Lehrer zu l\u00f6sen, jetzt bittet der Sprecher des Repr\u00e4sentantenhauses um mehr Zeit"},"content":{"rendered":"<p><strong>Lehrer brauchen eine Lohnerh\u00f6hung, aber die Situation der Lehrer und des \u00f6ffentlichen Bildungswesens muss als langfristige strategische Fragen behandelt werden, sagte Parlamentspr\u00e4sident L\u00e1szl\u00f3 K\u00f6v\u00e9r und f\u00fcgte hinzu, dass Streikma\u00dfnahmen nicht die L\u00f6sung seien.<\/strong><\/p>\n<p>Fidesz ist seit 12 Jahren unter Viktor Orb\u00e1n an der Regierung, hat aber in dieser langen Zeit nichts gegen die dem\u00fctigenden Geh\u00e4lter der Lehrer unternommen. Mittlerweile w\u00e4chst der Widerstand der Lehrer in Ungarn, da die Regierung versucht, sie gewaltsam zum Schweigen zu bringen, sodass Lehrer, die kritisieren oder streiken, entlassen und eingesch\u00fcchtert werden.<\/p>\n<p>In Ungarn herrscht ein riesiger Lehrermangel, derzeit fehlen Tausende Lehrer an den Schulen, nur wenige Menschen bewerben sich wegen der harten Bedingungen als Lehrer, und viele verlassen den Beruf, da selbst Reinigungskr\u00e4fte und Fabrikarbeiter mehr bezahlt werden als die Menschen, die die zuk\u00fcnftige Generation der Ungarn gro\u00dfziehen werden.<\/p>\n<h2>Sprecher: Lehrer konnten das Gesetz nicht beiseite legen und eine Bewegung des zivilen Ungehorsams starten<\/h2>\n<p>K\u00f6v\u00e9r kommentierte die Proteste an weiterf\u00fchrenden Schulen im ganzen Land und sagte am sp\u00e4ten Montag gegen\u00fcber dem kommerziellen HirTv, dass \u201edas Gesetz nicht beiseite geschoben und eine zivile Ungehorsamsbewegung ins Leben gerufen werden k\u00f6nne, die im ungarischen Recht keinen Nachteil f\u00fcr unsere Kinder darstellt.\u201c\u201d.<\/p>\n<p>Die L\u00f6hne der Lehrer m\u00fcssen angehoben werden, da sie nicht in einem angemessenen Verh\u00e4ltnis zu der Arbeit und Verantwortung stehen, die sie schultern, sagte K\u00f6v\u00e9r im Interview.<\/p>\n<p>Der Zustand der \u00f6ffentlichen Bildung, einschlie\u00dflich der L\u00f6hne, sei der Schl\u00fcssel zur Zukunft der Kinder, und erfordere langfristig strategische Entscheidungen, sagte erDamit \u201cwerden die L\u00f6hne kurzfristig nicht an die Qualit\u00e4t der Bildung gekoppelt, da anst\u00e4ndig denkende Lehrer ihre Leistung nicht von ihrem Lohn abh\u00e4ngig machen\u201d, f\u00fcgte er hinzuDer Redner spricht vermutlich leichtfertig, da K\u00f6v\u00e9r ein monatliches Bruttogehalt von 8.500 EUR mit nach Hause bringt, das die monatlichen Geh\u00e4lter von 10 gering bezahlten Lehrern zahlen w\u00fcrde.<\/p>\n<p>Die Situation der Lehrer geh\u00f6rte zu den ersten Sorgen der Fidesz-gef\u00fchrten Regierung nach der Macht\u00fcbernahme 2010, so K\u00f6v\u00e9rDer private und \u00f6ffentliche Sektor habe sich seitdem in einer Spirale des \u201cLohnwettbewerbs\u201d engagiert und die Lehrer seien zur\u00fcckgelassen worden, sagte er \u201cNiemand bestreitet diese Ungleichheit\u201d, sagte er und f\u00fcgte hinzu, dass es nun um die Frage gehe, wie die Regierung einen Wandel erreichen k\u00f6nne, \u201cder alle zufriedenstellt\u201d, nach welchem Zeitrahmen, sagte er.<\/p>\n<blockquote>\n<p>Kurzfristige L\u00f6sungen seien nicht zu erwarten, und die \u201cRegierung versuche, die aus diesem Grad der Lohnungleichheit resultierenden Anomalien mit Notl\u00f6sungen zu beheben, soweit es ihre Mittel erlauben\u201d, sagte K\u00f6v\u00e9r.<\/p>\n<\/blockquote>\n<p>Zu einem anderen Thema sagte K\u00f6v\u00e9r, das vom demokratischen Koalitions-Europaabgeordneten Kl\u00e1ra Dobrev eingesetzte Schattenkabinett sei eine \u201cBotschaft an andere Oppositionsparteien, dass die Zusammenarbeit beendet sei\u201d Gleichzeitig k\u00f6nne \u201cdie Frau des [DK-F\u00fchrers] Ferenc Gyurcsany den Regierungsparteien nichts Neues sagen\u201d Gyurcs\u00e1ny werde \u201cangesichts der S\u00fcnden, die er in der Vergangenheit begangen hat\u201d, keinen weiteren Stich auf die Regierung bekommen, sagte K\u00f6v\u00e9r.<\/p>\n<p>Zur europ\u00e4ischen Sanktionspolitik sagte K\u00f6v\u00e9r, die f\u00fchrenden Eliten der EU sollten \u201cwieder pro-Europa werden\u201d \u201cWir sind nicht pro-russisch oder russlandfreundlich; wir sind Ungarn und pro-ungarisch, und konzentrieren uns auf die Interessen unserer eigenen Nation\u201d, sagte er.<\/p>\n<p>\u201cDie Missachtung der grundlegendsten Bed\u00fcrfnisse Europas durch die europ\u00e4ische Elite ruiniert Europa. \u201eBis wir eine Antwort darauf haben, k\u00f6nnen wir keine Ver\u00e4nderungen in der Sichtweise der EU auf uns erwarten\u201csagte er\u201d.<\/p>\n<p>K\u00f6v\u00e9r sagte, dass Ungarn derzeit die Interessen Europas und Ungarns vertrete.<\/p>\n<p>K\u00f6v\u00e9r sagte, die politische F\u00fchrung der EU habe es vers\u00e4umt, das \u201cPotenzial des Gegners oder Feindes, dem sie gegen\u00fcbersteht\u201d zu ber\u00fccksichtigen, und f\u00fcgte hinzu, dass sie daher f\u00fcr den Job ungeeignet seien.<\/p>\n<p>K\u00f6v\u00e9r sagte<\/p>\n<blockquote>\n<p>Der eigentliche Krieg in der Ukraine sei nicht zwischen Russland und der Ukraine gewesen, sondern zwischen Russland und den USA, und \u201cdie Einf\u00fchrung in einen Konflikt, der zwischen China und dem von den USA gef\u00fchrten Westen gef\u00fchrt werden k\u00f6nnte, wenn wir nicht sehr vorsichtig sind\u201d.<\/p>\n<\/blockquote>\n<p>Ihr Ziel, so sagte er, sei es gewesen, \u201ceinen politischen und wirtschaftlichen Eisernen Vorhang zwischen Russland und Europa zu errichten, damit niemand im Traum einen friedlichen, ausgewogenen Wirtschaftsraum schaffen kann, der auf gegenseitigem Respekt basiert\u201d<\/p>\n<p>Zu \u00c4nderungen der Sonderrechtsordnung K\u00f6v\u00e9r sagte ein Vorschlag des Fraktionsvorsitzenden Mate Kocsis, der eine Fristsetzung zum Regierungsmandat per Dekret vorsah, so der Vorschlag von Fidesz-Fraktionsf\u00fchrer Mate KocsisDas Parlament m\u00fcsse nach geltender Gesetzgebung das von ihm erteilte Sondermandat zur\u00fcckziehenDie neue Regelung w\u00fcrde das Sondermandat automatisch nach 180 Tagen auslaufen lassen, sagte er \u201cDies schr\u00e4nkt nicht die Rechte der Opposition oder des Parlaments ein, das weiterhin seine Kontrollrechte aus\u00fcben w\u00fcrde\u201d, sagte er.<\/p>\n","protected":false},"excerpt":{"rendered":"<p>Lehrer brauchen eine Lohnerh\u00f6hung, aber die Situation der Lehrer und des \u00f6ffentlichen Bildungswesens muss als langfristige strategische Fragen behandelt werden, sagte Parlamentspr\u00e4sident L\u00e1szl\u00f3 K\u00f6v\u00e9r und f\u00fcgte hinzu, dass Streikma\u00dfnahmen nicht die L\u00f6sung seien. Fidesz ist seit 12 Jahren unter Viktor Orb\u00e1n an der Regierung, hat aber in dieser langen Zeit nichts gegen die dem\u00fctigenden Geh\u00e4lter [&hellip;]<\/p>\n","protected":false},"author":2,"featured_media":683666,"comment_status":"open","ping_status":"open","sticky":false,"template":"","format":"standard","meta":{"_acf_changed":false,"_display_image":"no","footnotes":""},"categories":[1081],"tags":[1729,1096,1438,1091,1746,1102,1076],"class_list":["post-683665","post","type-post","status-publish","format-standard","has-post-thumbnail","hentry","category-politik","tag-arbeitskraftemangel","tag-arbeitsmarkt","tag-bildung","tag-fidesz","tag-hausredner","tag-ungarische-regierung","tag-ungarn"],"blocksy_meta":[],"acf":[],"author_username":"alk","telegram_post":"","public_post_metadata":{"breaking_news":"yes","important":"no","csempe":"no","center_tile":"no","disable_thumbnail":"no","target_lang":"","_featured_image_style":"hidden","telegram_post":"","_xlat_group_id":""},"public_rank_math_data":{"title":"%title% %sep% %sitename%","description":"","focus_keyword":"","canonical_url":"","robots":"","primary_category":"1081","breadcrumb_title":"","facebook_title":"","facebook_description":"","facebook_image":"","facebook_image_id":"","twitter_title":"","twitter_description":"","twitter_image":"","twitter_image_id":"","twitter_card_type":"","twitter_use_facebook":"","advanced_robots":"","pillar_content":"","seo_score":"64","contentai_score":"","rich_snippet":""},"_links":{"self":[{"href":"https:\/\/dailynewshungary.com\/de\/wp-json\/wp\/v2\/posts\/683665","targetHints":{"allow":["GET"]}}],"collection":[{"href":"https:\/\/dailynewshungary.com\/de\/wp-json\/wp\/v2\/posts"}],"about":[{"href":"https:\/\/dailynewshungary.com\/de\/wp-json\/wp\/v2\/types\/post"}],"author":[{"embeddable":true,"href":"https:\/\/dailynewshungary.com\/de\/wp-json\/wp\/v2\/users\/2"}],"replies":[{"embeddable":true,"href":"https:\/\/dailynewshungary.com\/de\/wp-json\/wp\/v2\/comments?post=683665"}],"version-history":[{"count":0,"href":"https:\/\/dailynewshungary.com\/de\/wp-json\/wp\/v2\/posts\/683665\/revisions"}],"wp:featuredmedia":[{"embeddable":true,"href":"https:\/\/dailynewshungary.com\/de\/wp-json\/wp\/v2\/media\/683666"}],"wp:attachment":[{"href":"https:\/\/dailynewshungary.com\/de\/wp-json\/wp\/v2\/media?parent=683665"}],"wp:term":[{"taxonomy":"category","embeddable":true,"href":"https:\/\/dailynewshungary.com\/de\/wp-json\/wp\/v2\/categories?post=683665"},{"taxonomy":"post_tag","embeddable":true,"href":"https:\/\/dailynewshungary.com\/de\/wp-json\/wp\/v2\/tags?post=683665"}],"curies":[{"name":"wp","href":"https:\/\/api.w.org\/{rel}","templated":true}]}}