{"id":683686,"date":"2022-10-03T17:04:11","date_gmt":"2022-10-03T15:04:11","guid":{"rendered":"https:\/\/dailynewshungary.com\/de\/orban-das-ist-der-beginn-des-kannibalismus-in-der-eu\/"},"modified":"2022-10-03T17:04:11","modified_gmt":"2022-10-03T15:04:11","slug":"orban-das-ist-der-beginn-des-kannibalismus-in-der-eu","status":"publish","type":"post","link":"https:\/\/dailynewshungary.com\/de\/orban-das-ist-der-beginn-des-kannibalismus-in-der-eu\/","title":{"rendered":"Orb\u00e1n: Das ist der Beginn des Kannibalismus in der EU"},"content":{"rendered":"<div class=\"titleNews\">\n<p><strong>Illegale Migration werde zu einem immer gr\u00f6\u00dferen Problem, weil niemand den \u201calarmierenden Zahlen und Fakten\u201d der Sache geb\u00fchrende Aufmerksamkeit schenke, sagte Ministerpr\u00e4sident Viktor Orb\u00e1n nach einem Treffen mit dem \u00f6sterreichischen Kanzler und dem serbischen Pr\u00e4sidenten am Montag in Budapest.<\/strong><\/p>\n<h2>Ungarischer Premierminister Orb\u00e1n<\/h2>\n<p>Orb\u00e1n sagte auf einer Pressekonferenz, dass das Treffen das erste einer Reihe von Treffen sei, an denen Staats- und Regierungschefs von L\u00e4ndern beteiligt seien, die stark von illegaler Migration betroffen seien.<\/p>\n<p>\u201cAlle drei [L\u00e4nder] leiden unter illegaler Migration\u201d, sagte der Premierminister und f\u00fcgte hinzu, dass diese Bem\u00fchungen \u201cimmense Energie, Arbeitskr\u00e4fte und riesige Geldbetr\u00e4ge verbrauchen\u201d \u201cAuch gleichzeitig sind wir mit der entstandenen Situation noch lange nicht zufrieden\u201d, f\u00fcgte er hinzu.<\/p>\n<p>Mit Bezug auf den Krieg in der Ukraine, hohe Energiepreise und Sanktionen sagte Orb\u00e1n, dass die Aufmerksamkeit vom Thema Migration auf \u201candere brennende Probleme\u201d abgelenkt werde.<\/p>\n<p>Ziel des heutigen Treffens sei es, sich der Situation zu stellen und geeignete Ma\u00dfnahmen auszuarbeiten, und f\u00fcgte hinzu, dass sich Ungarn aufgrund von Migrationsproblemen aus zwei Richtungen in einer \u201ebesonderen Situation\u201c befinde.<\/p>\n<p>Der Ministerpr\u00e4sident stellte fest, dass mehr als eine Million Fl\u00fcchtlinge aus der Ukraine nach Ungarn gekommen seien, w\u00e4hrend die Grenze von S\u00fcden her \u201cunter st\u00e4ndiger Belagerung\u201d stehe.<\/p>\n<p>Orb\u00e1n bestand darauf, dass die EU-Politik \u201eMigration f\u00f6rdern\u201cund Umverteilungsquoten immer noch vorgelegt w\u00fcrden.<\/p>\n<p>Die Kombination aus Krieg, Sanktionen, dem globalen Wirtschaftsabschwung und Ern\u00e4hrungsproblemen habe den Druck im Hinblick auf illegale Migration erh\u00f6ht, sagte er.<\/p>\n<p>Der Westbalkan ist ein Major <a href=\"https:\/\/dailynewshungary.com\/de\/der-grose-britische-zuguberfall-wie-eine-15-kopfige-bande-1963-26-millionen-pfund-stahl\/\">Migration<\/a> Weg nach Europa, bemerkte er, und Menschenschmuggler und illegale Migranten haben ein gef\u00e4hrliches neues Niveau erreicht, indem sie Waffen in Pattsituationen mit Grenzschutzbeamten einsetzen.<\/p>\n<p>Ungarn, \u00d6sterreich und Serbien sch\u00fctzen ganz Europa, nicht nur ihre eigenen Grenzen, sagte Orb\u00e1n.<\/p>\n<p>Ungarn, f\u00fcgte er hinzu, komme seinen Schengen-Verpflichtungen nach, es liege jedoch im Interesse ganz Europas, die Verteidigungslinie von der serbisch-ungarischen Grenze aus schrittweise so weit wie m\u00f6glich nach S\u00fcden zu verschieben.<\/p>\n<p>Der Premierminister sagte, dass Serbien und Nordmazedonien zwar Unterst\u00fctzung f\u00fcr ihre Bem\u00fchungen zur Migrationsbek\u00e4mpfung erhalten h\u00e4tten, es aber neuer Formen der Zusammenarbeit bed\u00fcrfe. Das n\u00e4chste Treffen der aktuellen Reihe werde auf Ministerebene in Belgrad stattfinden, um gemeinsame Ma\u00dfnahmen sowie die ben\u00f6tigten Finanzmittel und Arbeitskr\u00e4fte zu besprechen. Ein drittes Treffen sei in Wien geplant, f\u00fcgte er hinzu.<\/p>\n<p>Orb\u00e1n sagte, illegale Migranten m\u00fcssten zur\u00fcckgef\u00fchrt und au\u00dferhalb des EU-Territoriums Fl\u00fcchtlings-Hotspots f\u00fcr die Einreichung von Asylantr\u00e4gen eingerichtet werden.<\/p>\n<p>Es wird erwartet, dass die Transportwege f\u00fcr G\u00fcter und Energie aus dem Osten bald an Fahrt gewinnen, daher werden die Routen aus dem S\u00fcden besonders wichtig, sagte er und f\u00fcgte hinzu, dass Ungarn Serbien nun als seinen wichtigsten Partner \u201ef\u00fcr die Erreichung der Welt\u201csehe\u201d.<\/p>\n<p>\u201cWir sind Serbien dankbar\u201d, sagte er mit Blick auf die Gaspipeline, die Ungarn speist.<\/p>\n<blockquote>\n<p>\u201cW\u00e4hrend Ungarn Gas hat, wird Serbien auch Gas haben; wir helfen uns gegenseitig auf die eine oder andere Weise\u201d, f\u00fcgte er hinzu.<\/p>\n<\/blockquote>\n<p>Orb\u00e1n sagte derweil, reiche L\u00e4nder w\u00fcrden ihre eigenen Unternehmen \u201cmit riesigen Summen\u201d retten, \u00e4rmere L\u00e4nder seien aber nicht in der Lage, dasselbe zu tun \u201cBr\u00fcssel muss etwas dagegen tun, sonst wird die europ\u00e4ische Einheit zerst\u00f6rt\u201d.<\/p>\n<p>Der Ministerpr\u00e4sident nannte die Beziehungen zwischen \u00d6sterreich und Ungarn \u201cpragmatisch\u201d, forderte aber, ideologische Fragen beiseite zu legen \u201cWas wir jetzt brauchen, sind konkrete L\u00f6sungen und keine Doktrinen\u201d, sagte er.<\/p>\n<p>Orb\u00e1n warf der EU vor, Ungarn keine Finanzierung f\u00fcr den Bau und Betrieb seines s\u00fcdlichen Zauns bereitgestellt zu haben.<\/p>\n<p>Er bestand darauf, dass Regeln in Br\u00fcssel \u201cdem Leben in diesem Winkel der Welt fremd sind\u201d Gerade Migrationsregeln w\u00fcrden hier \u201cnur \u00c4rger machen\u201d, f\u00fcgte er hinzu.<\/p>\n<p>Orb\u00e1n forderte \u201ceine neue Fl\u00fcchtlingspolitik in Br\u00fcssel\u201d \u201cAber wir k\u00f6nnen uns nicht zur\u00fccklehnen und warten; wir m\u00fcssen handeln\u201d, sagte er.<\/p>\n<blockquote>\n<p>\u201cWir w\u00fcrden uns \u00fcber eine europ\u00e4ische L\u00f6sung freuen, aber gerade halten uns europ\u00e4ische L\u00f6sungen zur\u00fcck\u201d<\/p>\n<\/blockquote>\n<p>Er sagte, das Hinzuf\u00fcgen nationaler L\u00f6sungen sei der Weg nach vorne.<\/p>\n<p>Nach <a href=\"https:\/\/telex.hu\/belfold\/2022\/10\/03\/orban-viktor-aleksandar-vucic-karl-nehammer-budapest-sajtotajekoztato\" target=\"_blank\" rel=\"noopener\">Telex<\/a>\u201eOrb\u00e1n sagte auch, dass Deutschland in der Energiekrise seine eigenen Unternehmen mit Hunderten Milliarden Euro retten kann, reiche L\u00e4nder ihre Unternehmen mit riesigen Summen retten k\u00f6nnen, \u00e4rmere L\u00e4nder jedoch nicht. Dar\u00fcber hinaus, sagt er, helfe die EU nicht den \u00e4rmeren L\u00e4ndern, es werden Sanktionen verh\u00e4ngt, aber sie helfen nicht finanziell.<\/p>\n<blockquote>\n<p>\u201cDas ist der Beginn des Kannibalismus in der EU. Br\u00fcssel muss etwas dagegen tun, denn es wird die europ\u00e4ische Einheit brechen\u201d, sagte Orb\u00e1n.<\/p>\n<\/blockquote>\n<p><a class=\"dnh-embed-link\" href=\"https:\/\/dailynewshungary.com\/de\/deutschland-unterstutzt-den-verlust-des-vetos-ungarns-in-der-europaischen-union\/\"><\/a><\/p>\n<p><a class=\"dnh-embed-link\" href=\"https:\/\/dailynewshungary.com\/de\/deutschland-unterstutzt-den-verlust-des-vetos-ungarns-in-der-europaischen-union\/\"><\/p>\n<div class=\"dnh-embed\">\n<div class=\"dnh-embed-thumb\"><img loading=\"lazy\" decoding=\"async\" width=\"1025\" height=\"450\" src=\"https:\/\/contentf5.dailynewshungary.com\/wp-content\/uploads\/2022\/09\/rsz_anna_luhrmann-1025x450.jpg\" class=\"attachment-embed_thumbnail size-embed_thumbnail wp-post-image\" alt=\"anna L\u00fchrmann\"><\/div>\n<h5 class=\"dnh-embed-title\"><span>Lesen Sie auch<\/span>Deutschland unterst\u00fctzt den Verlust des Vetos Ungarns in der Europ\u00e4ischen Union<\/h5>\n<\/div>\n<p><\/a><\/p>\n<p><a class=\"dnh-embed-link\" href=\"https:\/\/dailynewshungary.com\/de\/deutschland-unterstutzt-den-verlust-des-vetos-ungarns-in-der-europaischen-union\/\"><\/a><\/p>\n<h2>\u00d6sterreichischer Bundeskanzler Nehammer<\/h2>\n<p>Der \u00f6sterreichische Bundeskanzler Karl Nehammer sagte auf der Pressekonferenz, dass Ma\u00dfnahmen gegen illegale Migration ein entscheidendes Sicherheitsthema f\u00fcr \u00d6sterreich seien, und wies darauf hin, dass die Polizei aus \u00d6sterreich, Serbien und Ungarn seit langem kooperiere und diese ausgeweitet werde.<\/p>\n<p>Im Rahmen der Kooperationsbem\u00fchungen, so stellte er fest, erhalte Serbien Fachwissen und technische Hilfe bei der R\u00fcckf\u00fchrung illegaler Migranten sowie Hilfe bei der Verringerung des Migrationsdrucks an der nordmazedonisch-serbischen Grenze.<\/p>\n<p>Nehammer sagte, \u00d6sterreich habe eine wachsende Zahl von Asylbewerbern gesehen, die illegal \u00fcber Serbien und Ungarn ankamen. Er sagte, Aleksander Vucics Versprechen, die serbischen Visaregeln mit denen der EU zu harmonisieren, sei ein signalhaftes Ergebnis des Treffens und dies w\u00fcrde den Migrationsdruck verringern.<\/p>\n<h2>Serbischer Pr\u00e4sident Vucic<\/h2>\n<p>Vucic wies darauf hin, dass das Inkrafttreten einer neuen EU-Visumpolitik am 1. Januar dazu f\u00fchren w\u00fcrde, dass die Reise von Serbien in westliche L\u00e4nder schwieriger werden w\u00fcrde. Daher entwerfen Ungarn, \u00d6sterreich und Serbien einen gemeinsamen Aktionsplan f\u00fcr die Strafverfolgungsbeh\u00f6rden der drei L\u00e4nder als Reaktion.<\/p>\n<p>\u201cDie Menschen in Belgrad haben keine Ahnung, wie ernst die Probleme sind, mit denen unsere Grenzschutzbeamten konfrontiert sind, aber die Menschen &#8230; die neben der Nordgrenze leben, tun es wirklich\u201d, sagte er.<\/p>\n<\/div>\n","protected":false},"excerpt":{"rendered":"<p>Illegale Migration werde zu einem immer gr\u00f6\u00dferen Problem, weil niemand den \u201calarmierenden Zahlen und Fakten\u201d der Sache geb\u00fchrende Aufmerksamkeit schenke, sagte Ministerpr\u00e4sident Viktor Orb\u00e1n nach einem Treffen mit dem \u00f6sterreichischen Kanzler und dem serbischen Pr\u00e4sidenten am Montag in Budapest. Ungarischer Premierminister Orb\u00e1n Orb\u00e1n sagte auf einer Pressekonferenz, dass das Treffen das erste einer Reihe von [&hellip;]<\/p>\n","protected":false},"author":2,"featured_media":683687,"comment_status":"open","ping_status":"open","sticky":false,"template":"","format":"standard","meta":{"_acf_changed":false,"_display_image":"","footnotes":""},"categories":[1081],"tags":[1177,1312,1082,1445,1129,1484,1076,1333],"class_list":["post-683686","post","type-post","status-publish","format-standard","has-post-thumbnail","hentry","category-politik","tag-deutschland","tag-energie","tag-europaische-union","tag-migration","tag-osterreich","tag-serbien","tag-ungarn","tag-viktor-oder-ban"],"blocksy_meta":[],"acf":[],"author_username":"alk","telegram_post":"","public_post_metadata":{"breaking_news":"yes","important":"no","csempe":"no","center_tile":"no","disable_thumbnail":"no","target_lang":"","_featured_image_style":"","telegram_post":"","_xlat_group_id":""},"public_rank_math_data":{"title":"%title% %sep% %sitename%","description":"Orb\u00e1n: Illegale Migration wird zu einem immer gr\u00f6\u00dferen Problem, weil niemand den \"alarmierenden Zahlen und Fakten\" die geb\u00fchrende Aufmerksamkeit schenkt","focus_keyword":"Orb\u00e1n","canonical_url":"","robots":"","primary_category":"1081","breadcrumb_title":"","facebook_title":"","facebook_description":"","facebook_image":"","facebook_image_id":"","twitter_title":"","twitter_description":"","twitter_image":"","twitter_image_id":"","twitter_card_type":"","twitter_use_facebook":"","advanced_robots":"","pillar_content":"","seo_score":"71","contentai_score":"","rich_snippet":""},"_links":{"self":[{"href":"https:\/\/dailynewshungary.com\/de\/wp-json\/wp\/v2\/posts\/683686","targetHints":{"allow":["GET"]}}],"collection":[{"href":"https:\/\/dailynewshungary.com\/de\/wp-json\/wp\/v2\/posts"}],"about":[{"href":"https:\/\/dailynewshungary.com\/de\/wp-json\/wp\/v2\/types\/post"}],"author":[{"embeddable":true,"href":"https:\/\/dailynewshungary.com\/de\/wp-json\/wp\/v2\/users\/2"}],"replies":[{"embeddable":true,"href":"https:\/\/dailynewshungary.com\/de\/wp-json\/wp\/v2\/comments?post=683686"}],"version-history":[{"count":0,"href":"https:\/\/dailynewshungary.com\/de\/wp-json\/wp\/v2\/posts\/683686\/revisions"}],"wp:featuredmedia":[{"embeddable":true,"href":"https:\/\/dailynewshungary.com\/de\/wp-json\/wp\/v2\/media\/683687"}],"wp:attachment":[{"href":"https:\/\/dailynewshungary.com\/de\/wp-json\/wp\/v2\/media?parent=683686"}],"wp:term":[{"taxonomy":"category","embeddable":true,"href":"https:\/\/dailynewshungary.com\/de\/wp-json\/wp\/v2\/categories?post=683686"},{"taxonomy":"post_tag","embeddable":true,"href":"https:\/\/dailynewshungary.com\/de\/wp-json\/wp\/v2\/tags?post=683686"}],"curies":[{"name":"wp","href":"https:\/\/api.w.org\/{rel}","templated":true}]}}