{"id":683701,"date":"2022-10-03T09:53:14","date_gmt":"2022-10-03T07:53:14","guid":{"rendered":"https:\/\/dailynewshungary.com\/de\/ungarisches-parlament-soll-anderungsantrage-einreichen-um-die-einigung-mit-der-eg-zu-erleichtern\/"},"modified":"2022-10-03T09:53:14","modified_gmt":"2022-10-03T07:53:14","slug":"ungarisches-parlament-soll-anderungsantrage-einreichen-um-die-einigung-mit-der-eg-zu-erleichtern","status":"publish","type":"post","link":"https:\/\/dailynewshungary.com\/de\/ungarisches-parlament-soll-anderungsantrage-einreichen-um-die-einigung-mit-der-eg-zu-erleichtern\/","title":{"rendered":"Ungarisches Parlament soll \u00c4nderungsantr\u00e4ge einreichen, um die Einigung mit der EG zu erleichtern"},"content":{"rendered":"<p><strong>Das Parlament wird diese Woche eine dreit\u00e4gige Sitzung abhalten, mit \u00c4nderungsvorschl\u00e4gen, die eine Einigung mit dem Parlament erleichtern sollen <a href=\"https:\/\/dailynewshungary.com\/de\/der-grose-britische-zuguberfall-wie-eine-15-kopfige-bande-1963-26-millionen-pfund-stahl\/\">Europ\u00e4ische Kommission<\/a> Tagesordnung stehen.<\/strong><\/p>\n<p>In der Sitzung ab Montag um 1 Uhr werden die Gesetzgeber \u00c4nderungen an Abschnitten der Strafprozessordnung zur Aus\u00fcbung \u00f6ffentlicher \u00c4mter oder zum Umgang mit \u00f6ffentlichen Geldern bei Straftaten von besonderer Bedeutung diskutieren und dar\u00fcber abstimmen.<\/p>\n<p>Weitere Vorschl\u00e4ge auf der Tagesordnung sind Rechtsvorschriften, die es der Regierung erm\u00f6glichen, die \u00d6ffentlichkeit zu 90 Prozent der Gesetzesentw\u00fcrfe zu konsultieren, die zollrechtliche Unterst\u00fctzung der EU-Korruptionsbeh\u00f6rde OLAF bei der Durchf\u00fchrung lokaler Inspektionen in Ungarn zu erm\u00f6glichen und die ungarischen Rechtsvorschriften zur Anforderung von Daten von \u00f6ffentlichem Interesse an EU-Leitlinien anzupassen, ein weiterer Vorschlag w\u00fcrde die Einrichtung einer Integrit\u00e4tsbeh\u00f6rde und einer Arbeitsgruppe zur Korruptionsbek\u00e4mpfung zum Schutz der finanziellen Interessen der EU in Ungarn vorsehen.<\/p>\n<p><a class=\"dnh-embed-link\" href=\"https:\/\/dailynewshungary.com\/de\/der-eu-konditionalitatsmechanismus-konnte-noch-vor-jahresende-beendet-werden-sagt-minister-varga\/\"><\/a><\/p>\n<p><a class=\"dnh-embed-link\" href=\"https:\/\/dailynewshungary.com\/de\/der-eu-konditionalitatsmechanismus-konnte-noch-vor-jahresende-beendet-werden-sagt-minister-varga\/\"><\/p>\n<div class=\"dnh-embed\">\n<div class=\"dnh-embed-thumb\"><img loading=\"lazy\" decoding=\"async\" width=\"1025\" height=\"450\" src=\"https:\/\/contentf5.dailynewshungary.com\/wp-content\/uploads\/2022\/09\/EU-HUNGARY-FLAG-1025x450.jpg\" class=\"attachment-embed_thumbnail size-embed_thumbnail wp-post-image\" alt=\"Eu-ungarnflagge\"><\/div>\n<h5 class=\"dnh-embed-title\"><span>Lesen Sie auch<\/span>Der EU-Konditionalit\u00e4tsmechanismus k\u00f6nnte noch vor Jahresende beendet werden, sagt Minister Varga<\/h5>\n<\/div>\n<p><\/a><\/p>\n<p><a class=\"dnh-embed-link\" href=\"https:\/\/dailynewshungary.com\/de\/der-eu-konditionalitatsmechanismus-konnte-noch-vor-jahresende-beendet-werden-sagt-minister-varga\/\"><\/a><\/p>\n","protected":false},"excerpt":{"rendered":"<p>Das Parlament wird diese Woche eine dreit\u00e4gige Sitzung abhalten, mit \u00c4nderungsvorschl\u00e4gen, die eine Einigung mit dem Parlament erleichtern sollen Europ\u00e4ische Kommission Tagesordnung stehen. In der Sitzung ab Montag um 1 Uhr werden die Gesetzgeber \u00c4nderungen an Abschnitten der Strafprozessordnung zur Aus\u00fcbung \u00f6ffentlicher \u00c4mter oder zum Umgang mit \u00f6ffentlichen Geldern bei Straftaten von besonderer Bedeutung diskutieren [&hellip;]<\/p>\n","protected":false},"author":2,"featured_media":683702,"comment_status":"open","ping_status":"open","sticky":false,"template":"","format":"standard","meta":{"_acf_changed":false,"_display_image":"yes","footnotes":""},"categories":[1081],"tags":[1426,1082,1103],"class_list":["post-683701","post","type-post","status-publish","format-standard","has-post-thumbnail","hentry","category-politik","tag-europaische-kommission","tag-europaische-union","tag-ungarisches-parlament"],"blocksy_meta":[],"acf":[],"author_username":"alk","telegram_post":"","public_post_metadata":{"breaking_news":"yes","important":"no","csempe":"no","center_tile":"no","disable_thumbnail":"no","target_lang":"","_featured_image_style":"hidden","telegram_post":"","_xlat_group_id":""},"public_rank_math_data":{"title":"%title% %sep% %sitename%","description":"Das Parlament wird diese Woche eine dreit\u00e4gige Sitzung abhalten, mit \u00c4nderungsvorschl\u00e4gen, die eine Einigung mit der EG erleichtern sollen...","focus_keyword":"Parlament","canonical_url":"","robots":"","primary_category":"1081","breadcrumb_title":"","facebook_title":"","facebook_description":"","facebook_image":"","facebook_image_id":"","twitter_title":"","twitter_description":"","twitter_image":"","twitter_image_id":"","twitter_card_type":"","twitter_use_facebook":"","advanced_robots":"","pillar_content":"","seo_score":"60","contentai_score":"","rich_snippet":""},"_links":{"self":[{"href":"https:\/\/dailynewshungary.com\/de\/wp-json\/wp\/v2\/posts\/683701","targetHints":{"allow":["GET"]}}],"collection":[{"href":"https:\/\/dailynewshungary.com\/de\/wp-json\/wp\/v2\/posts"}],"about":[{"href":"https:\/\/dailynewshungary.com\/de\/wp-json\/wp\/v2\/types\/post"}],"author":[{"embeddable":true,"href":"https:\/\/dailynewshungary.com\/de\/wp-json\/wp\/v2\/users\/2"}],"replies":[{"embeddable":true,"href":"https:\/\/dailynewshungary.com\/de\/wp-json\/wp\/v2\/comments?post=683701"}],"version-history":[{"count":0,"href":"https:\/\/dailynewshungary.com\/de\/wp-json\/wp\/v2\/posts\/683701\/revisions"}],"wp:featuredmedia":[{"embeddable":true,"href":"https:\/\/dailynewshungary.com\/de\/wp-json\/wp\/v2\/media\/683702"}],"wp:attachment":[{"href":"https:\/\/dailynewshungary.com\/de\/wp-json\/wp\/v2\/media?parent=683701"}],"wp:term":[{"taxonomy":"category","embeddable":true,"href":"https:\/\/dailynewshungary.com\/de\/wp-json\/wp\/v2\/categories?post=683701"},{"taxonomy":"post_tag","embeddable":true,"href":"https:\/\/dailynewshungary.com\/de\/wp-json\/wp\/v2\/tags?post=683701"}],"curies":[{"name":"wp","href":"https:\/\/api.w.org\/{rel}","templated":true}]}}