{"id":683751,"date":"2022-10-01T18:34:00","date_gmt":"2022-10-01T16:34:00","guid":{"rendered":"https:\/\/dailynewshungary.com\/de\/video-fotos-ronaldinho-ist-in-budapest-angekommen\/"},"modified":"2022-10-01T18:34:00","modified_gmt":"2022-10-01T16:34:00","slug":"video-fotos-ronaldinho-ist-in-budapest-angekommen","status":"publish","type":"post","link":"https:\/\/dailynewshungary.com\/de\/video-fotos-ronaldinho-ist-in-budapest-angekommen\/","title":{"rendered":"VIDEO, FOTOS: Ronaldinho ist in Budapest angekommen!"},"content":{"rendered":"<p><strong><span data-preserver-spaces=\"true\">Das Flugzeug des legend\u00e4ren brasilianischen Fu\u00dfballspielers landete nur Stunden zuvor am Budapester internationalen Flughafen Ferenc Liszt. Er ging in die Innenstadt der ungarischen Hauptstadt, aber zuvor begr\u00fc\u00dfte er seine ungarischen Fans auf Ungarisch. Unten k\u00f6nnen Sie sich einige Fotos und das Video ansehen und herausfinden, warum der brasilianische Star Ungarn besucht. Dar\u00fcber hinaus verraten wir Ihnen, wo Sie ihn morgen treffen k\u00f6nnen.<\/span><\/strong><\/p>\n<p><span data-preserver-spaces=\"true\">Nach&nbsp;<\/span><a class=\"editor-rtfLink\" href=\"https:\/\/hvg.hu\/elet\/20221001_Ronaldinho_teqball?s=hk\" target=\"_blank\" rel=\"noopener\"><span data-preserver-spaces=\"true\">hvg.hu<\/span><\/a><span data-preserver-spaces=\"true\">\u2018s, Ronaldinho ist wieder in Ungarn Der ehemalige Star des AC Mailand, PSG und Barcelona und Weltmeister von 2002 kam wegen der Budapester Veranstaltung der Teqball Tour Er begr\u00fc\u00dfte die Ungarn auf Ungarisch, sagte \u201cSziasztok, magyarok\u201d (Hallo, Ungarn) auf einem Video, das der Ungarische Teqball-Verband geteilt hat.<\/span><\/p>\n<figure id=\"attachment_521939\" aria-describedby=\"caption-attachment-521939\" style=\"width: 368px\" class=\"wp-caption aligncenter\"><img loading=\"lazy\" decoding=\"async\" class=\"size-full wp-image-521939\" src=\"https:\/\/contentf5.dailynewshungary.com\/wp-content\/uploads\/2022\/10\/Ronaldinho-Budapest3.png\" alt=\"Ronaldinho Budapest\" width=\"368\" height=\"381\" srcset=\"https:\/\/contentf5.dailynewshungary.com\/wp-content\/uploads\/2022\/10\/Ronaldinho-Budapest3.png 368w, https:\/\/contentf5.dailynewshungary.com\/wp-content\/uploads\/2022\/10\/Ronaldinho-Budapest3-248x257.png 248w, https:\/\/contentf5.dailynewshungary.com\/wp-content\/uploads\/2022\/10\/Ronaldinho-Budapest3-141x146.png 141w, https:\/\/contentf5.dailynewshungary.com\/wp-content\/uploads\/2022\/10\/Ronaldinho-Budapest3-48x50.png 48w, https:\/\/contentf5.dailynewshungary.com\/wp-content\/uploads\/2022\/10\/Ronaldinho-Budapest3-72x75.png 72w\" sizes=\"auto, (max-width: 368px) 100vw, 368px\"><figcaption id=\"caption-attachment-521939\" class=\"wp-caption-text\">Foto: PrtScr\/Instagram<\/figcaption><\/figure>\n<p><span data-preserver-spaces=\"true\">Als wir&nbsp;<\/span><a class=\"editor-rtfLink\" href=\"https:\/\/dailynewshungary.com\/de\/ronaldinho-kommt-im-oktober-nach-budapest\/\" target=\"_blank\" rel=\"noopener\"><span data-preserver-spaces=\"true\">Vorher berichtet<\/span><\/a><span data-preserver-spaces=\"true\">, Teqball, gegr\u00fcndet von Gy\u00f6rgy Gatty\u00e1n, Viktor Husz\u00e1r und G\u00e1bor Bors\u00e1nyi, wurde am 18. Oktober 2016 in Budapest von Ronaldinho offiziell eingef\u00fchrt, ein Jahr sp\u00e4ter, 2017, folgte die erste Teqball-Weltmeisterschaft, ebenfalls in Budapest.<\/span><\/p>\n<p><span data-preserver-spaces=\"true\">Der Champions-League-Sieger Brasilianer kam auf Einladung der FITEQ (International Teqball Federation\/Nemzetk\u00f6zi Teqball Sz\u00f6vets\u00e9g) nach Budapest, um an der vom 29. September bis 2. Oktober in Budapest organisierten European Teqball Tour teilzunehmen. Ronaldinho ist der Botschafter des neuen Sports, der dies anstrebt bald Teil der Olympischen Spiele zu werden.<\/span><\/p>\n<div id=\"gallery-4\" class=\"gallery galleryid-521932 gallery-columns-1 gallery-size-thumbnail\">\n<figure class=\"gallery-item\">\n<div class=\"gallery-icon landscape\">\n\t\t\t\t<a href=\"https:\/\/dailynewshungary.com\/de\/video-fotos-ronaldinho-ist-in-budapest-angekommen\/\"><img loading=\"lazy\" decoding=\"async\" width=\"282\" height=\"148\" src=\"https:\/\/contentf5.dailynewshungary.com\/wp-content\/uploads\/2022\/10\/Ronaldinho-Budapest2.png\" class=\"attachment-thumbnail size-thumbnail\" alt=\"Ronaldinho Budapest\" aria-describedby=\"gallery-4-521938\" srcset=\"https:\/\/contentf5.dailynewshungary.com\/wp-content\/uploads\/2022\/10\/Ronaldinho-Budapest2.png 633w, https:\/\/contentf5.dailynewshungary.com\/wp-content\/uploads\/2022\/10\/Ronaldinho-Budapest2-248x130.png 248w, https:\/\/contentf5.dailynewshungary.com\/wp-content\/uploads\/2022\/10\/Ronaldinho-Budapest2-260x136.png 260w, https:\/\/contentf5.dailynewshungary.com\/wp-content\/uploads\/2022\/10\/Ronaldinho-Budapest2-50x26.png 50w, https:\/\/contentf5.dailynewshungary.com\/wp-content\/uploads\/2022\/10\/Ronaldinho-Budapest2-143x75.png 143w\" sizes=\"auto, (max-width: 282px) 100vw, 282px\"><\/a>\n\t\t\t<\/div><figcaption class=\"wp-caption-text gallery-caption\" id=\"gallery-4-521938\">\n\t\t\t\tEin Selfie mit Fan am Flughafen Foto: PrtScr\/Instagram<br \/>\n\t\t\t\t<\/figcaption><\/figure>\n<figure class=\"gallery-item\">\n<div class=\"gallery-icon landscape\">\n\t\t\t\t<a href=\"https:\/\/dailynewshungary.com\/de\/video-fotos-ronaldinho-ist-in-budapest-angekommen\/\"><img loading=\"lazy\" decoding=\"async\" width=\"265\" height=\"200\" src=\"https:\/\/contentf5.dailynewshungary.com\/wp-content\/uploads\/2022\/10\/Ronaldinho-Budapest4.png\" class=\"attachment-thumbnail size-thumbnail\" alt=\"Ronaldinho Budapest\" aria-describedby=\"gallery-4-521940\" srcset=\"https:\/\/contentf5.dailynewshungary.com\/wp-content\/uploads\/2022\/10\/Ronaldinho-Budapest4.png 362w, https:\/\/contentf5.dailynewshungary.com\/wp-content\/uploads\/2022\/10\/Ronaldinho-Budapest4-248x187.png 248w, https:\/\/contentf5.dailynewshungary.com\/wp-content\/uploads\/2022\/10\/Ronaldinho-Budapest4-194x146.png 194w, https:\/\/contentf5.dailynewshungary.com\/wp-content\/uploads\/2022\/10\/Ronaldinho-Budapest4-50x38.png 50w, https:\/\/contentf5.dailynewshungary.com\/wp-content\/uploads\/2022\/10\/Ronaldinho-Budapest4-99x75.png 99w\" sizes=\"auto, (max-width: 265px) 100vw, 265px\"><\/a>\n\t\t\t<\/div><figcaption class=\"wp-caption-text gallery-caption\" id=\"gallery-4-521940\">\n\t\t\t\tFoto: PrtScr\/Instagram<br \/>\n\t\t\t\t<\/figcaption><\/figure>\n<\/p><\/div>\n<p><span data-preserver-spaces=\"true\">Nach seiner Ankunft in Budapest ver\u00f6ffentlichte Ronaldinho ein Video, das zeigt, dass seine Unterkunft in der N\u00e4he der Donau auf der Budaer Seite der Hauptstadt liegt. Der brasilianische Star erfuhr wahrscheinlich vom ungarischen Parlament und einigen anderen ikonischen Geb\u00e4uden Budapests, weil jemand auf die Aufnahmen hingedeutet hat. <\/span><\/p>\n<blockquote class=\"instagram-media\" style=\"background: #FFF; border: 0; border-radius: 3px; box-shadow: 0 0 1px 0 rgba(0,0,0,0.5),0 1px 10px 0 rgba(0,0,0,0.15); margin: 1px; max-width: 540px; min-width: 326px; padding: 0; width: calc(100% - 2px);\" data-instgrm-captioned=\"\" data-instgrm-permalink=\"https:\/\/www.instagram.com\/reel\/CjKWZpaM8P-\/?utm_source=ig_embed&amp;utm_campaign=loading\" data-instgrm-version=\"14\">\n<div style=\"padding: 16px;\">\n<div style=\"display: flex; flex-direction: row; align-items: center;\">\n<div style=\"background-color: #f4f4f4; border-radius: 50%; flex-grow: 0; height: 40px; margin-right: 14px; width: 40px;\">&nbsp;<\/div>\n<div style=\"display: flex; flex-direction: column; flex-grow: 1; justify-content: center;\">\n<div style=\"background-color: #f4f4f4; border-radius: 4px; flex-grow: 0; height: 14px; margin-bottom: 6px; width: 100px;\">&nbsp;<\/div>\n<div style=\"background-color: #f4f4f4; border-radius: 4px; flex-grow: 0; height: 14px; width: 60px;\">&nbsp;<\/div>\n<\/div>\n<\/div>\n<div style=\"padding: 19% 0;\">&nbsp;<\/div>\n<div style=\"display: block; height: 50px; margin: 0 auto 12px; width: 50px;\">&nbsp;<\/div>\n<div style=\"padding-top: 8px;\">\n<div style=\"color: #3897f0; font-family: Arial,sans-serif; font-size: 14px; font-style: normal; font-weight: 550; line-height: 18px;\">Ein bejegizedes megtekintese az Instagramon<\/div>\n<\/div>\n<div style=\"padding: 12.5% 0;\">&nbsp;<\/div>\n<div style=\"display: flex; flex-direction: row; margin-bottom: 14px; align-items: center;\">\n<div>\n<div style=\"background-color: #f4f4f4; border-radius: 50%; height: 12.5px; width: 12.5px; transform: translateX(0px) translateY(7px);\">&nbsp;<\/div>\n<div style=\"background-color: #f4f4f4; height: 12.5px; transform: rotate(-45deg) translateX(3px) translateY(1px); width: 12.5px; flex-grow: 0; margin-right: 14px; margin-left: 2px;\">&nbsp;<\/div>\n<div style=\"background-color: #f4f4f4; border-radius: 50%; height: 12.5px; width: 12.5px; transform: translateX(9px) translateY(-18px);\">&nbsp;<\/div>\n<\/div>\n<div style=\"margin-left: 8px;\">\n<div style=\"background-color: #f4f4f4; border-radius: 50%; flex-grow: 0; height: 20px; width: 20px;\">&nbsp;<\/div>\n<div style=\"width: 0; height: 0; border-top: 2px solid transparent; border-left: 6px solid #f4f4f4; border-bottom: 2px solid transparent; transform: translateX(16px) translateY(-4px) rotate(30deg);\">&nbsp;<\/div>\n<\/div>\n<div style=\"margin-left: auto;\">\n<div style=\"width: 0px; border-top: 8px solid #F4F4F4; border-right: 8px solid transparent; transform: translateY(16px);\">&nbsp;<\/div>\n<div style=\"background-color: #f4f4f4; flex-grow: 0; height: 12px; width: 16px; transform: translateY(-4px);\">&nbsp;<\/div>\n<div style=\"width: 0; height: 0; border-top: 8px solid #F4F4F4; border-left: 8px solid transparent; transform: translateY(-4px) translateX(8px);\">&nbsp;<\/div>\n<\/div>\n<\/div>\n<div style=\"display: flex; flex-direction: column; flex-grow: 1; justify-content: center; margin-bottom: 24px;\">\n<div style=\"background-color: #f4f4f4; border-radius: 4px; flex-grow: 0; height: 14px; margin-bottom: 6px; width: 224px;\">&nbsp;<\/div>\n<div style=\"background-color: #f4f4f4; border-radius: 4px; flex-grow: 0; height: 14px; width: 144px;\">&nbsp;<\/div>\n<\/div>\n<p style=\"color: #c9c8cd; font-family: Arial,sans-serif; font-size: 14px; line-height: 17px; margin-bottom: 0; margin-top: 8px; overflow: hidden; padding: 8px 0 7px; text-align: center; text-overflow: ellipsis; white-space: nowrap;\"><a style=\"color: #c9c8cd; font-family: Arial,sans-serif; font-size: 14px; font-style: normal; font-weight: normal; line-height: 17px; text-decoration: none;\" href=\"https:\/\/www.instagram.com\/reel\/CjKWZpaM8P-\/?utm_source=ig_embed&amp;utm_campaign=loading\" target=\"_blank\" rel=\"noopener\">TEQBALL (@teqball) \u00e1ltal Megosztott Bejegis\u00e9s<\/a><\/p>\n<\/div>\n<\/blockquote>\n<p><script async=\"\" src=\"\/\/www.instagram.com\/embed.js\"><\/script><\/p>\n<p>&nbsp;<\/p>\n<p><span data-preserver-spaces=\"true\"><a class=\"dnh-embed-link\" href=\"https:\/\/dailynewshungary.com\/de\/fotos-video-ungarn-besiegte-deutschland-und-konnte-die-uefa-nations-league-gewinnen\/\"><\/a><\/span><\/p>\n<div class=\"dnh-embed\">\n<div class=\"dnh-embed-thumb\"><a class=\"dnh-embed-link\" href=\"https:\/\/dailynewshungary.com\/de\/fotos-video-ungarn-besiegte-deutschland-und-konnte-die-uefa-nations-league-gewinnen\/\"><img loading=\"lazy\" decoding=\"async\" width=\"800\" height=\"450\" src=\"https:\/\/contentf5.dailynewshungary.com\/wp-content\/uploads\/2022\/09\/Hungary-football-UEFA-Nations-League-Germany4-800x450.webp\" class=\"attachment-embed_thumbnail size-embed_thumbnail wp-post-image\" alt=\"Ungarischer Fu\u00dfball UEFA Nations League\"><\/a><\/div>\n<h5 class=\"dnh-embed-title\"><a class=\"dnh-embed-link\" href=\"https:\/\/dailynewshungary.com\/de\/fotos-video-ungarn-besiegte-deutschland-und-konnte-die-uefa-nations-league-gewinnen\/\"><span>Lesen Sie auch<\/span>FOTOS, VIDEO: Ungarn besiegte Deutschland und k\u00f6nnte die UEFA Nations League gewinnen<\/a><\/h5>\n<\/div>\n<p><span data-preserver-spaces=\"true\">Ronaldinho wird der Gaststar des morgigen Finales sein und ein Galamatch in der neu er\u00f6ffneten Budapester Riz-Levente-Sporthalle bestreiten. Dort k\u00f6nnen Sie ihn vielleicht pers\u00f6nlich treffen.<\/span><\/p>\n<p><span data-preserver-spaces=\"true\">Das Turnier brachte Spieler aus 29 L\u00e4ndern und mehreren Kontinenten zusammen, die Gesamtzahl der registrierten Spieler betr\u00e4gt mehr als 150. Das Finale wird live auf Sport TV \u00fcbertragen und kann sp\u00e4ter auf Eurosport verfolgt werden Das Gesamtpreisgeld f\u00fcr die Veranstaltung betr\u00e4gt USD 30.000.<\/span><\/p>\n<p>Hier ein Video der Veranstaltung:<\/p>\n<blockquote class=\"instagram-media\" style=\"background: #FFF; border: 0; border-radius: 3px; box-shadow: 0 0 1px 0 rgba(0,0,0,0.5),0 1px 10px 0 rgba(0,0,0,0.15); margin: 1px; max-width: 540px; min-width: 326px; padding: 0; width: calc(100% - 2px);\" data-instgrm-captioned=\"\" data-instgrm-permalink=\"https:\/\/www.instagram.com\/reel\/CivVTbXsGar\/?utm_source=ig_embed&amp;utm_campaign=loading\" data-instgrm-version=\"14\">\n<div style=\"padding: 16px;\">\n<div style=\"display: flex; flex-direction: row; align-items: center;\">\n<div style=\"background-color: #f4f4f4; border-radius: 50%; flex-grow: 0; height: 40px; margin-right: 14px; width: 40px;\">&nbsp;<\/div>\n<div style=\"display: flex; flex-direction: column; flex-grow: 1; justify-content: center;\">\n<div style=\"background-color: #f4f4f4; border-radius: 4px; flex-grow: 0; height: 14px; margin-bottom: 6px; width: 100px;\">&nbsp;<\/div>\n<div style=\"background-color: #f4f4f4; border-radius: 4px; flex-grow: 0; height: 14px; width: 60px;\">&nbsp;<\/div>\n<\/div>\n<\/div>\n<div style=\"padding: 19% 0;\">&nbsp;<\/div>\n<div style=\"display: block; height: 50px; margin: 0 auto 12px; width: 50px;\">&nbsp;<\/div>\n<div style=\"padding-top: 8px;\">\n<div style=\"color: #3897f0; font-family: Arial,sans-serif; font-size: 14px; font-style: normal; font-weight: 550; line-height: 18px;\">Ein bejegizedes megtekintese az Instagramon<\/div>\n<\/div>\n<div style=\"padding: 12.5% 0;\">&nbsp;<\/div>\n<div style=\"display: flex; flex-direction: row; margin-bottom: 14px; align-items: center;\">\n<div>\n<div style=\"background-color: #f4f4f4; border-radius: 50%; height: 12.5px; width: 12.5px; transform: translateX(0px) translateY(7px);\">&nbsp;<\/div>\n<div style=\"background-color: #f4f4f4; height: 12.5px; transform: rotate(-45deg) translateX(3px) translateY(1px); width: 12.5px; flex-grow: 0; margin-right: 14px; margin-left: 2px;\">&nbsp;<\/div>\n<div style=\"background-color: #f4f4f4; border-radius: 50%; height: 12.5px; width: 12.5px; transform: translateX(9px) translateY(-18px);\">&nbsp;<\/div>\n<\/div>\n<div style=\"margin-left: 8px;\">\n<div style=\"background-color: #f4f4f4; border-radius: 50%; flex-grow: 0; height: 20px; width: 20px;\">&nbsp;<\/div>\n<div style=\"width: 0; height: 0; border-top: 2px solid transparent; border-left: 6px solid #f4f4f4; border-bottom: 2px solid transparent; transform: translateX(16px) translateY(-4px) rotate(30deg);\">&nbsp;<\/div>\n<\/div>\n<div style=\"margin-left: auto;\">\n<div style=\"width: 0px; border-top: 8px solid #F4F4F4; border-right: 8px solid transparent; transform: translateY(16px);\">&nbsp;<\/div>\n<div style=\"background-color: #f4f4f4; flex-grow: 0; height: 12px; width: 16px; transform: translateY(-4px);\">&nbsp;<\/div>\n<div style=\"width: 0; height: 0; border-top: 8px solid #F4F4F4; border-left: 8px solid transparent; transform: translateY(-4px) translateX(8px);\">&nbsp;<\/div>\n<\/div>\n<\/div>\n<div style=\"display: flex; flex-direction: column; flex-grow: 1; justify-content: center; margin-bottom: 24px;\">\n<div style=\"background-color: #f4f4f4; border-radius: 4px; flex-grow: 0; height: 14px; margin-bottom: 6px; width: 224px;\">&nbsp;<\/div>\n<div style=\"background-color: #f4f4f4; border-radius: 4px; flex-grow: 0; height: 14px; width: 144px;\">&nbsp;<\/div>\n<\/div>\n<p style=\"color: #c9c8cd; font-family: Arial,sans-serif; font-size: 14px; line-height: 17px; margin-bottom: 0; margin-top: 8px; overflow: hidden; padding: 8px 0 7px; text-align: center; text-overflow: ellipsis; white-space: nowrap;\"><a style=\"color: #c9c8cd; font-family: Arial,sans-serif; font-size: 14px; font-style: normal; font-weight: normal; line-height: 17px; text-decoration: none;\" href=\"https:\/\/www.instagram.com\/reel\/CivVTbXsGar\/?utm_source=ig_embed&amp;utm_campaign=loading\" target=\"_blank\" rel=\"noopener\">TEQBALL (@teqball) \u00e1ltal Megosztott Bejegis\u00e9s<\/a><\/p>\n<\/div>\n<\/blockquote>\n<p><script async=\"\" src=\"\/\/www.instagram.com\/embed.js\"><\/script><\/p>\n<p><a class=\"dnh-embed-link\" href=\"https:\/\/dailynewshungary.com\/de\/video-foto-ungarische-fans-gegen-klimamonstranten-auf-den-strasen-leipzigs\/\"><\/p>\n<div class=\"dnh-embed\">\n<div class=\"dnh-embed-thumb\"><img loading=\"lazy\" decoding=\"async\" width=\"1025\" height=\"450\" src=\"https:\/\/contentf5.dailynewshungary.com\/wp-content\/uploads\/2022\/09\/Hungarian-football-fans-vs-climate-activits-1025x450.webp\" class=\"attachment-embed_thumbnail size-embed_thumbnail wp-post-image\" alt=\"Ungarische Fu\u00dfballfans gegen Klimaaktivisten\"><\/div>\n<h5 class=\"dnh-embed-title\"><span>Lesen Sie auch<\/span>VIDEO, FOTO: Ungarische Fans gegen Klimamonstranten auf den Stra\u00dfen Leipzigs<\/h5>\n<\/div>\n<p><\/a><\/p>\n","protected":false},"excerpt":{"rendered":"<p>Das Flugzeug des legend\u00e4ren brasilianischen Fu\u00dfballspielers landete nur Stunden zuvor am Budapester internationalen Flughafen Ferenc Liszt. Er ging in die Innenstadt der ungarischen Hauptstadt, aber zuvor begr\u00fc\u00dfte er seine ungarischen Fans auf Ungarisch. Unten k\u00f6nnen Sie sich einige Fotos und das Video ansehen und herausfinden, warum der brasilianische Star Ungarn besucht. Dar\u00fcber hinaus verraten wir [&hellip;]<\/p>\n","protected":false},"author":18,"featured_media":683752,"comment_status":"open","ping_status":"open","sticky":false,"template":"","format":"standard","meta":{"_acf_changed":false,"_display_image":"","footnotes":""},"categories":[1219],"tags":[1218,1334,1076,1192],"class_list":["post-683751","post","type-post","status-publish","format-standard","has-post-thumbnail","hentry","category-sport","tag-fusball","tag-knospenapst","tag-ungarn","tag-video"],"blocksy_meta":[],"acf":[],"author_username":"johnwoods","telegram_post":"","public_post_metadata":{"breaking_news":"yes","important":"no","csempe":"no","center_tile":"no","disable_thumbnail":"no","target_lang":"","_featured_image_style":"","telegram_post":"","_xlat_group_id":""},"public_rank_math_data":{"title":"%title% %sep% %sitename%","description":"Wo Sie morgen in Budapest den legend\u00e4ren brasilianischen Fu\u00dfball - und Weltmeister, Ronaldinho, treffen k\u00f6nnen, verraten wir Ihnen in diesem Artikel.","focus_keyword":"Ronaldinho","canonical_url":"","robots":"","primary_category":"1219","breadcrumb_title":"","facebook_title":"","facebook_description":"","facebook_image":"","facebook_image_id":"","twitter_title":"","twitter_description":"","twitter_image":"","twitter_image_id":"","twitter_card_type":"","twitter_use_facebook":"","advanced_robots":"","pillar_content":"","seo_score":"74","contentai_score":"","rich_snippet":""},"_links":{"self":[{"href":"https:\/\/dailynewshungary.com\/de\/wp-json\/wp\/v2\/posts\/683751","targetHints":{"allow":["GET"]}}],"collection":[{"href":"https:\/\/dailynewshungary.com\/de\/wp-json\/wp\/v2\/posts"}],"about":[{"href":"https:\/\/dailynewshungary.com\/de\/wp-json\/wp\/v2\/types\/post"}],"author":[{"embeddable":true,"href":"https:\/\/dailynewshungary.com\/de\/wp-json\/wp\/v2\/users\/18"}],"replies":[{"embeddable":true,"href":"https:\/\/dailynewshungary.com\/de\/wp-json\/wp\/v2\/comments?post=683751"}],"version-history":[{"count":0,"href":"https:\/\/dailynewshungary.com\/de\/wp-json\/wp\/v2\/posts\/683751\/revisions"}],"wp:featuredmedia":[{"embeddable":true,"href":"https:\/\/dailynewshungary.com\/de\/wp-json\/wp\/v2\/media\/683752"}],"wp:attachment":[{"href":"https:\/\/dailynewshungary.com\/de\/wp-json\/wp\/v2\/media?parent=683751"}],"wp:term":[{"taxonomy":"category","embeddable":true,"href":"https:\/\/dailynewshungary.com\/de\/wp-json\/wp\/v2\/categories?post=683751"},{"taxonomy":"post_tag","embeddable":true,"href":"https:\/\/dailynewshungary.com\/de\/wp-json\/wp\/v2\/tags?post=683751"}],"curies":[{"name":"wp","href":"https:\/\/api.w.org\/{rel}","templated":true}]}}