{"id":683981,"date":"2022-09-25T11:44:00","date_gmt":"2022-09-25T09:44:00","guid":{"rendered":"https:\/\/dailynewshungary.com\/de\/franzosischer-europaabgeordneter-orban-ist-bereit-putins-befehle-anzunehmen\/"},"modified":"2022-09-25T11:44:00","modified_gmt":"2022-09-25T09:44:00","slug":"franzosischer-europaabgeordneter-orban-ist-bereit-putins-befehle-anzunehmen","status":"publish","type":"post","link":"https:\/\/dailynewshungary.com\/de\/franzosischer-europaabgeordneter-orban-ist-bereit-putins-befehle-anzunehmen\/","title":{"rendered":"Franz\u00f6sischer Europaabgeordneter: Orb\u00e1n ist bereit, Putins Befehle anzunehmen"},"content":{"rendered":"<div>\n<p><strong><span data-preserver-spaces=\"true\">Magyar Hang, eine ungarische Wochenzeitung, interviewte die franz\u00f6sische Europaabgeordnete Gwendoline Delbos-Corfield, die den Bericht des Europ\u00e4ischen Parlaments \u00fcber die Rechtsstaatlichkeit in Ungarn verfasst hat. Sie sagte, dass Premierminister Viktor Orb\u00e1n bereit sei, einige Befehle Putins anzunehmen \u201eEs ist ganz klar, dass Orb\u00e1n einige von Putins Forderungen an den Europ\u00e4ischen Rat \u00fcbermittelt.\u201cf\u00fcgte sie hinzu.<\/span><\/strong><\/p>\n<p><span data-preserver-spaces=\"true\">Sie glaubt in dem Interview, dass die ungarische Regierung beschlossen hat, sich an Russland zu wenden und nicht nur in der Frage der Energieabh\u00e4ngigkeitEs gibt russische Banken und Finanzinstitutef\u00fcgte sie hinzuDelbos-Corfield, der Mitglied der Gr\u00fcnen im Europ\u00e4ischen Parlament ist, glaubt, dass Ungarn ein Einstiegspunkt f\u00fcr Russland in die EU ist Und das ist die Folge einer bewussten Entscheidung der Regierung Sie sagte, Ungarn habe die EU-Sanktionen kritisiert, weil die Regierung die Gunst von Putin und Gazprom suche, <\/span><a class=\"editor-rtfLink\" href=\"https:\/\/hang.hu\/eu\/gwendoline-delbos-corfield-orban-parancsokat-fogad-el-putyintol-146165?\" target=\"_blank\" rel=\"noopener\"><span data-preserver-spaces=\"true\">Magyar Hang<\/span><\/a><span data-preserver-spaces=\"true\">&nbsp;Geschrieben.<\/span><\/p>\n<p><span data-preserver-spaces=\"true\">Sie \u00e4u\u00dferte ihre Skepsis gegen\u00fcber den rechtlichen \u00c4nderungen, die auf mehr Transparenz und weniger Korruption abzielen. Sie sagte, der Beitritt zur Europ\u00e4ischen Staatsanwaltschaft w\u00fcrde es erm\u00f6glichen, diese Ziele zu erreichen. Die neue ungarische Antikorruptionsinstitution, die von der Regierung und dem ungarischen Pr\u00e4sidenten abh\u00e4ngig ist, werde ihre Aufgabe nicht erf\u00fcllen, glaubt sie.<\/span><\/p>\n<p><a class=\"dnh-embed-link\" href=\"https:\/\/dailynewshungary.com\/de\/stellt-sich-orban-auf-die-seite-putins-antwort-des-ungarischen-ministers-an-die-cnn\/\"><\/p>\n<div class=\"dnh-embed\">\n<div class=\"dnh-embed-thumb\"><img loading=\"lazy\" decoding=\"async\" width=\"1025\" height=\"450\" src=\"https:\/\/contentf5.dailynewshungary.com\/wp-content\/uploads\/2022\/08\/Putin-and-Orban-1025x450.webp\" class=\"attachment-embed_thumbnail size-embed_thumbnail wp-post-image\" alt=\"Putin und Orb\u00e1n\"><\/div>\n<h5 class=\"dnh-embed-title\"><span>Lesen Sie auch<\/span> Stellt sich Orb\u00e1n auf die Seite Putins? Antwort des ungarischen Ministers an die CNN <\/h5>\n<\/div>\n<p><\/a><\/p>\n<h2><span style=\"color: revert; font-size: revert; font-weight: revert;\">Orb\u00e1n: Tradition bringt Frieden, Freude, Harmonie in das Leben der Menschen<\/span><\/h2>\n<\/div>\n<div>\n<p>Ministerpr\u00e4sident Viktor Orb\u00e1n habe die j\u00fcdische Gemeinde Ungarns anl\u00e4sslich des bevorstehenden j\u00fcdischen Neujahrs, Rosch Haschana, in einem Brief begr\u00fc\u00dft, sagte sein Pressechef am Samstag.<\/p>\n<p>\u201cEs ist eine Erfahrung, die wir alle teilen, dass Traditionen, die von unseren Vorfahren weitergegeben wurden, Frieden, Freude und Harmonie in das Leben der Menschen bringen, und k\u00f6nnen Kraft f\u00fcr das Alltagsleben geben sowie die Feiertage heller machen\u201d, sagte Orban in dem Brief, der an den Leiter des Bundes Ungarischer J\u00fcdischer Gemeinden (MAZSIHISZ) Andr\u00e1s Heisler, Oberrabbiner der j\u00fcdischen Gemeinschaft der EMIH Shlomo K\u00f6ves, Leiter der Ungarischen Autonomen Orthodoxen Kongregation (MAOIH) R\u00f3bert Deutsch, Leiter der Ungarischen Stiftung J\u00fcdisches Erbe Gy\u00f6rgy Szab\u00f3 und Anf\u00fchrer der Ungarischen J\u00fcdischen Gebetsvereinigung (ZSIMA) Tamis R\u00f3na, sagte Bert\u00e1alan Havasi.<\/p>\n<p>\u201cErlauben Sie mir, Sie und die ungarische j\u00fcdische Gemeinde anl\u00e4sslich Rosch Haschana respektvoll zu begr\u00fc\u00dfen\u201d, sagte Orb\u00e1n \u201cIch w\u00fcnsche mir, dass dieses neue Jahr f\u00fcr Sie so s\u00fc\u00df und rund wird wie der Honig und der Apfel, die f\u00fcr den Feiertag auf den Tisch gelegt werden\u201d, f\u00fcgte er hinzu.<\/p>\n<\/div>\n","protected":false},"excerpt":{"rendered":"<p>Magyar Hang, eine ungarische Wochenzeitung, interviewte die franz\u00f6sische Europaabgeordnete Gwendoline Delbos-Corfield, die den Bericht des Europ\u00e4ischen Parlaments \u00fcber die Rechtsstaatlichkeit in Ungarn verfasst hat. Sie sagte, dass Premierminister Viktor Orb\u00e1n bereit sei, einige Befehle Putins anzunehmen \u201eEs ist ganz klar, dass Orb\u00e1n einige von Putins Forderungen an den Europ\u00e4ischen Rat \u00fcbermittelt.\u201cf\u00fcgte sie hinzu. Sie glaubt [&hellip;]<\/p>\n","protected":false},"author":18,"featured_media":683982,"comment_status":"open","ping_status":"open","sticky":false,"template":"","format":"standard","meta":{"_acf_changed":false,"_display_image":"yes","footnotes":""},"categories":[1081],"tags":[1082,1209,1076,1333],"class_list":["post-683981","post","type-post","status-publish","format-standard","has-post-thumbnail","hentry","category-politik","tag-europaische-union","tag-russland","tag-ungarn","tag-viktor-oder-ban"],"blocksy_meta":[],"acf":[],"author_username":"johnwoods","telegram_post":"","public_post_metadata":{"breaking_news":"yes","important":"no","csempe":"no","center_tile":"no","disable_thumbnail":"no","target_lang":"","_featured_image_style":"hidden","telegram_post":"","_xlat_group_id":""},"public_rank_math_data":{"title":"%title% %sep% %sitename%","description":"Es ist ganz klar, dass Orb\u00e1n einige von Putins Antr\u00e4gen an den Europ\u00e4ischen Rat \u00fcbermittelt\", f\u00fcgte Gwendoline Delbos-Corfield hinzu.","focus_keyword":"Orb\u00e1n","canonical_url":"","robots":"","primary_category":"1081","breadcrumb_title":"","facebook_title":"","facebook_description":"","facebook_image":"","facebook_image_id":"","twitter_title":"","twitter_description":"","twitter_image":"","twitter_image_id":"","twitter_card_type":"","twitter_use_facebook":"","advanced_robots":"","pillar_content":"","seo_score":"69","contentai_score":"","rich_snippet":""},"_links":{"self":[{"href":"https:\/\/dailynewshungary.com\/de\/wp-json\/wp\/v2\/posts\/683981","targetHints":{"allow":["GET"]}}],"collection":[{"href":"https:\/\/dailynewshungary.com\/de\/wp-json\/wp\/v2\/posts"}],"about":[{"href":"https:\/\/dailynewshungary.com\/de\/wp-json\/wp\/v2\/types\/post"}],"author":[{"embeddable":true,"href":"https:\/\/dailynewshungary.com\/de\/wp-json\/wp\/v2\/users\/18"}],"replies":[{"embeddable":true,"href":"https:\/\/dailynewshungary.com\/de\/wp-json\/wp\/v2\/comments?post=683981"}],"version-history":[{"count":0,"href":"https:\/\/dailynewshungary.com\/de\/wp-json\/wp\/v2\/posts\/683981\/revisions"}],"wp:featuredmedia":[{"embeddable":true,"href":"https:\/\/dailynewshungary.com\/de\/wp-json\/wp\/v2\/media\/683982"}],"wp:attachment":[{"href":"https:\/\/dailynewshungary.com\/de\/wp-json\/wp\/v2\/media?parent=683981"}],"wp:term":[{"taxonomy":"category","embeddable":true,"href":"https:\/\/dailynewshungary.com\/de\/wp-json\/wp\/v2\/categories?post=683981"},{"taxonomy":"post_tag","embeddable":true,"href":"https:\/\/dailynewshungary.com\/de\/wp-json\/wp\/v2\/tags?post=683981"}],"curies":[{"name":"wp","href":"https:\/\/api.w.org\/{rel}","templated":true}]}}