{"id":684066,"date":"2022-09-23T09:34:00","date_gmt":"2022-09-23T07:34:00","guid":{"rendered":"https:\/\/dailynewshungary.com\/de\/fotos-video-ungarischer-ukw-verhandelte-mit-russischem-amtskollegen-unter-einem-riesigen-putin-foto\/"},"modified":"2022-09-23T09:34:00","modified_gmt":"2022-09-23T07:34:00","slug":"fotos-video-ungarischer-ukw-verhandelte-mit-russischem-amtskollegen-unter-einem-riesigen-putin-foto","status":"publish","type":"post","link":"https:\/\/dailynewshungary.com\/de\/fotos-video-ungarischer-ukw-verhandelte-mit-russischem-amtskollegen-unter-einem-riesigen-putin-foto\/","title":{"rendered":"FOTOS, VIDEO: Ungarischer UKW verhandelte mit russischem Amtskollegen unter einem riesigen Putin-Foto"},"content":{"rendered":"<p><strong>Die UN-Generalversammlung in dieser Woche w\u00e4re eine perfekte Gelegenheit gewesen, Friedensgespr\u00e4che \u00fcber den Krieg in der Ukraine aufzunehmen, aber das wird wohl kaum passieren, sagte Au\u00dfenminister P\u00e9ter Szijj\u00e1rt\u00f3 am Donnerstag in New York nach Gespr\u00e4chen mit dem russischen Amtskollegen Sergej Lawrow.<\/strong><\/p>\n<p>Ungarn sei als Nachbar der Ukraine den Kriegsfolgen wie Inflation und Fl\u00fcchtlingswellen ausgesetzt, zitierte das Ministerium Szijj\u00e1rt\u00f3Die L\u00f6sung best\u00fcnde darin, den durch Gespr\u00e4che vermittelten Frieden zu sichern, was Ungarn anstrebe, f\u00fcgte er hinzuBis zum Ende des vierten Tages der Generalversammlung \u201cm\u00fcssen wir bedauerlicherweise sagen, dass die Gespr\u00e4che nicht in der UN-Generalversammlung stattfinden werden, was eine perfekte Gelegenheit gewesen w\u00e4re\u201d, sagte er.<\/p>\n<p>Hier einige Fotos:<\/p>\n<p><iframe loading=\"lazy\" style=\"border: none; overflow: hidden;\" src=\"https:\/\/www.facebook.com\/plugins\/post.php?href=https%3A%2F%2Fwww.facebook.com%2Fszijjarto.peter.official%2Fposts%2Fpfbid02RccXFb9wATF8bEcLQU7xNuhR36Bpjqztk85UczWzedTf1EY22ZwWktM5DTigKHYul&amp;show_text=true&amp;width=500\" width=\"500\" height=\"703\" frameborder=\"0\" scrolling=\"no\" allowfullscreen=\"allowfullscreen\"><\/iframe><\/p>\n<p><a class=\"dnh-embed-link\" href=\"https:\/\/dailynewshungary.com\/de\/putins-ankundigung-lies-den-ungarischen-forint-einbrechen\/\"><\/p>\n<div class=\"dnh-embed\">\n<div class=\"dnh-embed-thumb\"><img loading=\"lazy\" decoding=\"async\" width=\"350\" height=\"233\" src=\"https:\/\/contentf5.dailynewshungary.com\/wp-content\/uploads\/2022\/04\/rsz_forint_euro-350x233.jpg\" class=\"attachment-embed_thumbnail size-embed_thumbnail wp-post-image\" alt=\"Forint Euro-Scheine\" srcset=\"https:\/\/contentf5.dailynewshungary.com\/wp-content\/uploads\/2022\/04\/rsz_forint_euro-350x233.jpg 350w, https:\/\/contentf5.dailynewshungary.com\/wp-content\/uploads\/2022\/04\/rsz_forint_euro-768x512.jpg 768w, https:\/\/contentf5.dailynewshungary.com\/wp-content\/uploads\/2022\/04\/rsz_forint_euro-248x165.jpg 248w, https:\/\/contentf5.dailynewshungary.com\/wp-content\/uploads\/2022\/04\/rsz_forint_euro-1030x686.jpg 1030w, https:\/\/contentf5.dailynewshungary.com\/wp-content\/uploads\/2022\/04\/rsz_forint_euro-219x146.jpg 219w, https:\/\/contentf5.dailynewshungary.com\/wp-content\/uploads\/2022\/04\/rsz_forint_euro-50x33.jpg 50w, https:\/\/contentf5.dailynewshungary.com\/wp-content\/uploads\/2022\/04\/rsz_forint_euro-113x75.jpg 113w, https:\/\/contentf5.dailynewshungary.com\/wp-content\/uploads\/2022\/04\/rsz_forint_euro.jpg 1280w\" sizes=\"auto, (max-width: 350px) 100vw, 350px\"><\/div>\n<h5 class=\"dnh-embed-title\"><span>Lesen Sie auch<\/span>Putins Ank\u00fcndigung lie\u00df den ungarischen Forint einbrechen<\/h5>\n<\/div>\n<p><\/a><\/p>\n<p>Szijj\u00e1rt\u00f3 bemerkte, dass er der einzige Au\u00dfenminister der Europ\u00e4ischen Union war, der Lawrow traf \u201cZu Hause werden Oppositionsabgeordnete, Experten und die Presse wahrscheinlich fragen, warum ich Lawrow getroffen habe. \u201eAber ich sage, Frieden wird nicht ohne Dialog vermittelt. \u201eSolange in naher Zukunft keine Friedensgespr\u00e4che beginnen, wird die Welt noch schlimmere Folgen haben als bisher.\u201cwarnte er\u201d.<\/p>\n<p><iframe loading=\"lazy\" style=\"border: none; overflow: hidden;\" src=\"https:\/\/www.facebook.com\/plugins\/video.php?height=476&amp;href=https%3A%2F%2Fwww.facebook.com%2Fszijjarto.peter.official%2Fvideos%2F780627886491323%2F&amp;show_text=false&amp;width=476&amp;t=0\" width=\"476\" height=\"476\" frameborder=\"0\" scrolling=\"no\" allowfullscreen=\"allowfullscreen\"><\/iframe><\/p>\n<p>Zum Thema Energiekrise stellte der Minister fest, dass Gazprom Ungarn ohne Unterbrechung beliefert und dank einer k\u00fcrzlich getroffenen Vereinbarung, gr\u00f6\u00dfere Mengen als im urspr\u00fcnglichen Vertrag vorgesehen zu liefern, t\u00e4glich 5,8 Millionen Kubikmeter Gas liefert, f\u00fcgte er hinzu, dass TurkStream heute die zuverl\u00e4ssigste Gastransitroute zwischen Russland und Europa sei, w\u00e4hrend die Versorgung aus dem Norden und Westen praktisch zum Erliegen gekommen sei.<\/p>\n<p>Die Gasspeicherung in Ungarn n\u00e4here sich 41 Prozent des Jahresverbrauchs, w\u00e4hrend der europ\u00e4ische Durchschnitt bei 23 Prozent liege \u201cUngarn verfolgt eine verantwortungsvolle Energiepolitik\u201d, sagte er und f\u00fcgte hinzu, dass eine vorhersehbare Zusammenarbeit mit Russland und Gazprom im nationalen Interesse liege.<\/p>\n<p>Szijj\u00e1rt\u00f3 sagte auch, dass die neuen Paks-Reaktorbl\u00f6cke, die 2030 ans Netz gehen sollen, dazu beitragen w\u00fcrden, Ungarn teilweise unabh\u00e4ngig von den Launen und Preiserh\u00f6hungen auf dem internationalen Energiemarkt zu machen. Er f\u00fcgte hinzu, dass der aktuelle Betrieb auch in der kommenden Zeit gew\u00e4hrleistet sei, da eine neue Lieferung von St\u00e4ben aus Russland an das Kernkraftwerk Paks eingetroffen sei, wenn auch auf Umwegen.<\/p>\n","protected":false},"excerpt":{"rendered":"<p>Die UN-Generalversammlung in dieser Woche w\u00e4re eine perfekte Gelegenheit gewesen, Friedensgespr\u00e4che \u00fcber den Krieg in der Ukraine aufzunehmen, aber das wird wohl kaum passieren, sagte Au\u00dfenminister P\u00e9ter Szijj\u00e1rt\u00f3 am Donnerstag in New York nach Gespr\u00e4chen mit dem russischen Amtskollegen Sergej Lawrow. Ungarn sei als Nachbar der Ukraine den Kriegsfolgen wie Inflation und Fl\u00fcchtlingswellen ausgesetzt, zitierte [&hellip;]<\/p>\n","protected":false},"author":50,"featured_media":684067,"comment_status":"open","ping_status":"open","sticky":false,"template":"","format":"standard","meta":{"_acf_changed":false,"_display_image":"","footnotes":""},"categories":[1081],"tags":[1169,1312,1084,1209,1076],"class_list":["post-684066","post","type-post","status-publish","format-standard","has-post-thumbnail","hentry","category-politik","tag-aussenministerium-von-ungarn","tag-energie","tag-krieg-in-der-ukraine","tag-russland","tag-ungarn"],"blocksy_meta":[],"acf":[],"author_username":"dnh","telegram_post":"","public_post_metadata":{"breaking_news":"yes","important":"no","csempe":"no","center_tile":"no","disable_thumbnail":"no","target_lang":"","_featured_image_style":"","telegram_post":"","_xlat_group_id":""},"public_rank_math_data":{"title":"%title% %sep% %sitename%","description":"Der ungarische Au\u00dfenminister mahnte zum Frieden, nachdem er mit dem russischen Au\u00dfenminister Sergej Lawrow gesprochen hatteHier die Details.","focus_keyword":"Ungarisch","canonical_url":"","robots":"","primary_category":"1081","breadcrumb_title":"","facebook_title":"","facebook_description":"","facebook_image":"","facebook_image_id":"","twitter_title":"","twitter_description":"","twitter_image":"","twitter_image_id":"","twitter_card_type":"","twitter_use_facebook":"","advanced_robots":"","pillar_content":"","seo_score":"56","contentai_score":"","rich_snippet":""},"_links":{"self":[{"href":"https:\/\/dailynewshungary.com\/de\/wp-json\/wp\/v2\/posts\/684066","targetHints":{"allow":["GET"]}}],"collection":[{"href":"https:\/\/dailynewshungary.com\/de\/wp-json\/wp\/v2\/posts"}],"about":[{"href":"https:\/\/dailynewshungary.com\/de\/wp-json\/wp\/v2\/types\/post"}],"author":[{"embeddable":true,"href":"https:\/\/dailynewshungary.com\/de\/wp-json\/wp\/v2\/users\/50"}],"replies":[{"embeddable":true,"href":"https:\/\/dailynewshungary.com\/de\/wp-json\/wp\/v2\/comments?post=684066"}],"version-history":[{"count":0,"href":"https:\/\/dailynewshungary.com\/de\/wp-json\/wp\/v2\/posts\/684066\/revisions"}],"wp:featuredmedia":[{"embeddable":true,"href":"https:\/\/dailynewshungary.com\/de\/wp-json\/wp\/v2\/media\/684067"}],"wp:attachment":[{"href":"https:\/\/dailynewshungary.com\/de\/wp-json\/wp\/v2\/media?parent=684066"}],"wp:term":[{"taxonomy":"category","embeddable":true,"href":"https:\/\/dailynewshungary.com\/de\/wp-json\/wp\/v2\/categories?post=684066"},{"taxonomy":"post_tag","embeddable":true,"href":"https:\/\/dailynewshungary.com\/de\/wp-json\/wp\/v2\/tags?post=684066"}],"curies":[{"name":"wp","href":"https:\/\/api.w.org\/{rel}","templated":true}]}}