{"id":684540,"date":"2022-09-10T10:34:00","date_gmt":"2022-09-10T08:34:00","guid":{"rendered":"https:\/\/dailynewshungary.com\/de\/tschechischer-minister-ungarn-am-rande-des-abgrunds-huxit-moglich\/"},"modified":"2022-09-10T10:34:00","modified_gmt":"2022-09-10T08:34:00","slug":"tschechischer-minister-ungarn-am-rande-des-abgrunds-huxit-moglich","status":"publish","type":"post","link":"https:\/\/dailynewshungary.com\/de\/tschechischer-minister-ungarn-am-rande-des-abgrunds-huxit-moglich\/","title":{"rendered":"Tschechischer Minister: Ungarn am Rande des Abgrunds, Huxit m\u00f6glich"},"content":{"rendered":"<p><strong><span data-preserver-spaces=\"true\">Ungarn driftet<\/span> Immer weiter weg <span data-preserver-spaces=\"true\">Aus dem europ\u00e4ischen Mainstream Daher ist ein Austritt aus der Europ\u00e4ischen Union kein unm\u00f6gliches Szenario, sagte Mikul\u00e1scha Bek, der tschechische Minister f\u00fcr europ\u00e4ische Angelegenheiten, in einem Interview.<\/span><\/strong><\/p>\n<p><span data-preserver-spaces=\"true\">Im Juli dieses Jahres startete die tschechische Pr\u00e4sidentschaft des Rates der Europ\u00e4ischen Union gem <\/span><a class=\"editor-rtfLink\" href=\"https:\/\/index.hu\/kulfold\/2022\/09\/09\/mikulas-bek-cseh-miniszter-magyarorszag-europai-unio-szakadek\/\" target=\"_blank\" rel=\"noopener\"><span data-preserver-spaces=\"true\">Index.hu<\/span><\/a><span data-preserver-spaces=\"true\">\u201eHerr Bek sprach haupts\u00e4chlich \u00fcber ihre Ziele.\u201cEr erw\u00e4hnte beispielsweise, dass sie gerne alles tun w\u00fcrden, um die Energiekrise zu bew\u00e4ltigen. Im Moment gehen die Meinungen jedoch erheblich auseinander, wie die EU die Situation angehen sollte, f\u00fcgte er hinzu. \u201eWenn ich drei Experten frage, geben sie vier Szenarien an, wie es am besten w\u00e4re, den Markt zu regulieren\u201d, betonte er.<\/span><\/p>\n<p><span data-preserver-spaces=\"true\">Er sagte, viele L\u00e4nder unterst\u00fctzten den Vorschlag der Kommission, eine Preisobergrenze f\u00fcr russisches Gas einzuf\u00fchren, nicht, Er erw\u00e4hnte Italien unter jenen L\u00e4ndern, die eine Vereinbarung oder einen Waffenstillstand mit den Russen vorschlagenSie w\u00fcrden dies auch tun, indem sie ukrainische Gebiete opfern und Kiew schw\u00e4chen.<\/span><\/p>\n<ul>\n<li><span data-preserver-spaces=\"true\">Lesen Sie auch: <a href=\"https:\/\/dailynewshungary.com\/de\/tschechischer-fm-orban-regierte-tschechien-wahrend-der-babis-verwaltung\/\">Tschechischer FM: Orb\u00e1n \u201eregierte\u201d Tschechien w\u00e4hrend der Babis-Verwaltung<\/a><\/span><\/li>\n<\/ul>\n<p><span data-preserver-spaces=\"true\">Die ungarische und die zyprische Regierung unterst\u00fctzten solche Pl\u00e4ne bereits im Laufe des Sommers Der Minister sagte jedoch, solche Vorschl\u00e4ge seien derzeit Teil einer Minderheitsmeinung. Aber sie vergessen nicht, sie zu ber\u00fccksichtigen. Er sagte, die Europ\u00e4ische Union werde im Gegenzug f\u00fcr einen kurzfristigen wirtschaftlichen Aufstieg keinen ung\u00fcnstigen Waffenstillstand akzeptieren.<\/span><\/p>\n<p><span data-preserver-spaces=\"true\">Bek sagte, es werde schwieriger, Ungarn als Teil des europ\u00e4ischen Mainstreams zu erhaltenEr erw\u00e4hnte unter den Erfolgen, dass Ungarn kein Veto gegen die Sanktionen gegen die russischen Oligarchen eingelegt habeGlobal sei Herr Bek dagegen pessimistisch in der Frage \u201cIn der Europ\u00e4ischen Union gibt es schwierige Verhandlungen\u201d, sagte er \u201cAber Ungarn ist sehr weit von uns entfernt\u201d, hob er hervor.<\/span><\/p>\n<p><span data-preserver-spaces=\"true\">Er sagte, Ungarn stehe am Rande des Abgrunds, und nun m\u00fcssten sie entscheiden, ob sie umkehren oder riskieren und springen. Er f\u00fcgte hinzu, er w\u00fcrde nicht einmal die Konsequenzen der letztgenannten Option in Betracht ziehen. Er sagte auch, es sei nicht unm\u00f6glich, dass Ungarn irgendwann die Europ\u00e4ische Union verlassen k\u00f6nnte.<\/span><\/p>\n","protected":false},"excerpt":{"rendered":"<p>Ungarn driftet Immer weiter weg Aus dem europ\u00e4ischen Mainstream Daher ist ein Austritt aus der Europ\u00e4ischen Union kein unm\u00f6gliches Szenario, sagte Mikul\u00e1scha Bek, der tschechische Minister f\u00fcr europ\u00e4ische Angelegenheiten, in einem Interview. Im Juli dieses Jahres startete die tschechische Pr\u00e4sidentschaft des Rates der Europ\u00e4ischen Union gem Index.hu\u201eHerr Bek sprach haupts\u00e4chlich \u00fcber ihre Ziele.\u201cEr erw\u00e4hnte beispielsweise, [&hellip;]<\/p>\n","protected":false},"author":18,"featured_media":684541,"comment_status":"open","ping_status":"open","sticky":false,"template":"","format":"standard","meta":{"_acf_changed":false,"_display_image":"yes","footnotes":""},"categories":[1081],"tags":[1082,1366,1076],"class_list":["post-684540","post","type-post","status-publish","format-standard","has-post-thumbnail","hentry","category-politik","tag-europaische-union","tag-tschechische-republik","tag-ungarn"],"blocksy_meta":[],"acf":[],"author_username":"johnwoods","telegram_post":"","public_post_metadata":{"breaking_news":"yes","important":"no","csempe":"no","center_tile":"no","disable_thumbnail":"no","target_lang":"","_featured_image_style":"hidden","telegram_post":"","_xlat_group_id":""},"public_rank_math_data":{"title":"%title% %sep% %sitename%","description":"Ungarn driftet immer mehr vom europ\u00e4ischen Mainstream ab. \u201eAlso ist ein Huxit kein unm\u00f6gliches Szenario, sagte Mikul\u00e1scha Bek.","focus_keyword":"Huxit","canonical_url":"","robots":"","primary_category":"1081","breadcrumb_title":"","facebook_title":"","facebook_description":"","facebook_image":"","facebook_image_id":"","twitter_title":"","twitter_description":"","twitter_image":"","twitter_image_id":"","twitter_card_type":"","twitter_use_facebook":"","advanced_robots":"","pillar_content":"","seo_score":"59","contentai_score":"","rich_snippet":""},"_links":{"self":[{"href":"https:\/\/dailynewshungary.com\/de\/wp-json\/wp\/v2\/posts\/684540","targetHints":{"allow":["GET"]}}],"collection":[{"href":"https:\/\/dailynewshungary.com\/de\/wp-json\/wp\/v2\/posts"}],"about":[{"href":"https:\/\/dailynewshungary.com\/de\/wp-json\/wp\/v2\/types\/post"}],"author":[{"embeddable":true,"href":"https:\/\/dailynewshungary.com\/de\/wp-json\/wp\/v2\/users\/18"}],"replies":[{"embeddable":true,"href":"https:\/\/dailynewshungary.com\/de\/wp-json\/wp\/v2\/comments?post=684540"}],"version-history":[{"count":0,"href":"https:\/\/dailynewshungary.com\/de\/wp-json\/wp\/v2\/posts\/684540\/revisions"}],"wp:featuredmedia":[{"embeddable":true,"href":"https:\/\/dailynewshungary.com\/de\/wp-json\/wp\/v2\/media\/684541"}],"wp:attachment":[{"href":"https:\/\/dailynewshungary.com\/de\/wp-json\/wp\/v2\/media?parent=684540"}],"wp:term":[{"taxonomy":"category","embeddable":true,"href":"https:\/\/dailynewshungary.com\/de\/wp-json\/wp\/v2\/categories?post=684540"},{"taxonomy":"post_tag","embeddable":true,"href":"https:\/\/dailynewshungary.com\/de\/wp-json\/wp\/v2\/tags?post=684540"}],"curies":[{"name":"wp","href":"https:\/\/api.w.org\/{rel}","templated":true}]}}