{"id":685436,"date":"2022-08-14T11:34:00","date_gmt":"2022-08-14T09:34:00","guid":{"rendered":"https:\/\/dailynewshungary.com\/de\/der-familienstreit-endete-mit-11-toten-und-6-verletzten-beileid-wurde-gesendet\/"},"modified":"2022-08-14T11:34:00","modified_gmt":"2022-08-14T09:34:00","slug":"der-familienstreit-endete-mit-11-toten-und-6-verletzten-beileid-wurde-gesendet","status":"publish","type":"post","link":"https:\/\/dailynewshungary.com\/de\/der-familienstreit-endete-mit-11-toten-und-6-verletzten-beileid-wurde-gesendet\/","title":{"rendered":"Der Familienstreit endete mit 11 Toten und 6 Verletzten: Beileid wurde gesendet"},"content":{"rendered":"<p><strong>Der Sprecher des Repr\u00e4sentantenhauses L\u00e1szl\u00f3 K\u00f6v\u00e9r sandte am Samstag ein Kondolenztelegramm an seinen montenegrinischen Amtskollegen f\u00fcr die Opfer einer Schie\u00dferei in Cetinje.<\/strong><\/p>\n<p>Am Freitag erschoss dort ein Mann nach einem Familienstreit elf Menschen und verletzte sechs, der Mann wurde daraufhin bei einer Schie\u00dferei mit der Polizei get\u00f6tet, in seinem Telegramm \u00e4u\u00dferte K\u00f6v\u00e9r im Namen des ungarischen Volkes \u201cdas aufrichtigste Mitgef\u00fchl mit den Familienangeh\u00f6rigen dieses schockierenden Vorfalls\u201d.<\/p>\n","protected":false},"excerpt":{"rendered":"<p>Der Sprecher des Repr\u00e4sentantenhauses L\u00e1szl\u00f3 K\u00f6v\u00e9r sandte am Samstag ein Kondolenztelegramm an seinen montenegrinischen Amtskollegen f\u00fcr die Opfer einer Schie\u00dferei in Cetinje. Am Freitag erschoss dort ein Mann nach einem Familienstreit elf Menschen und verletzte sechs, der Mann wurde daraufhin bei einer Schie\u00dferei mit der Polizei get\u00f6tet, in seinem Telegramm \u00e4u\u00dferte K\u00f6v\u00e9r im Namen des [&hellip;]<\/p>\n","protected":false},"author":50,"featured_media":685437,"comment_status":"open","ping_status":"open","sticky":false,"template":"","format":"standard","meta":{"_acf_changed":false,"_display_image":"","footnotes":""},"categories":[1101],"tags":[1746,1236,3615],"class_list":["post-685436","post","type-post","status-publish","format-standard","has-post-thumbnail","hentry","category-flashnews","tag-hausredner","tag-polizei","tag-tat"],"blocksy_meta":[],"acf":[],"author_username":"dnh","telegram_post":"","public_post_metadata":{"breaking_news":"yes","important":"no","csempe":"no","center_tile":"no","disable_thumbnail":"no","target_lang":"","_featured_image_style":"","telegram_post":"","_xlat_group_id":""},"public_rank_math_data":{"title":"%title% %sep% %sitename%","description":"Am Freitag erschoss dort ein Mann nach einem Familienstreit elf Menschen und verletzte sechs. Der ungarische Sprecher des Repr\u00e4sentantenhauses sprach sein Beileid aus.","focus_keyword":"Beileid","canonical_url":"","robots":"","primary_category":"1101","breadcrumb_title":"","facebook_title":"","facebook_description":"","facebook_image":"","facebook_image_id":"","twitter_title":"","twitter_description":"","twitter_image":"","twitter_image_id":"","twitter_card_type":"","twitter_use_facebook":"","advanced_robots":"","pillar_content":"","seo_score":"","contentai_score":"","rich_snippet":""},"_links":{"self":[{"href":"https:\/\/dailynewshungary.com\/de\/wp-json\/wp\/v2\/posts\/685436","targetHints":{"allow":["GET"]}}],"collection":[{"href":"https:\/\/dailynewshungary.com\/de\/wp-json\/wp\/v2\/posts"}],"about":[{"href":"https:\/\/dailynewshungary.com\/de\/wp-json\/wp\/v2\/types\/post"}],"author":[{"embeddable":true,"href":"https:\/\/dailynewshungary.com\/de\/wp-json\/wp\/v2\/users\/50"}],"replies":[{"embeddable":true,"href":"https:\/\/dailynewshungary.com\/de\/wp-json\/wp\/v2\/comments?post=685436"}],"version-history":[{"count":0,"href":"https:\/\/dailynewshungary.com\/de\/wp-json\/wp\/v2\/posts\/685436\/revisions"}],"wp:featuredmedia":[{"embeddable":true,"href":"https:\/\/dailynewshungary.com\/de\/wp-json\/wp\/v2\/media\/685437"}],"wp:attachment":[{"href":"https:\/\/dailynewshungary.com\/de\/wp-json\/wp\/v2\/media?parent=685436"}],"wp:term":[{"taxonomy":"category","embeddable":true,"href":"https:\/\/dailynewshungary.com\/de\/wp-json\/wp\/v2\/categories?post=685436"},{"taxonomy":"post_tag","embeddable":true,"href":"https:\/\/dailynewshungary.com\/de\/wp-json\/wp\/v2\/tags?post=685436"}],"curies":[{"name":"wp","href":"https:\/\/api.w.org\/{rel}","templated":true}]}}