{"id":686008,"date":"2022-07-27T15:34:00","date_gmt":"2022-07-27T13:34:00","guid":{"rendered":"https:\/\/dailynewshungary.com\/de\/der-in-ungarn-geborene-dirigent-brach-zusammen-und-starb-wahrend-der-auffuhrung\/"},"modified":"2022-07-27T15:34:00","modified_gmt":"2022-07-27T13:34:00","slug":"der-in-ungarn-geborene-dirigent-brach-zusammen-und-starb-wahrend-der-auffuhrung","status":"publish","type":"post","link":"https:\/\/dailynewshungary.com\/de\/der-in-ungarn-geborene-dirigent-brach-zusammen-und-starb-wahrend-der-auffuhrung\/","title":{"rendered":"Der in Ungarn geborene Dirigent brach zusammen und starb w\u00e4hrend der Auff\u00fchrung"},"content":{"rendered":"<p><strong>Am Freitag, den 22. Juli, brach der in Ungarn geborene Dirigent Stefan Solteesz w\u00e4hrend einer Auff\u00fchrung zusammen und starb.<\/strong><\/p>\n<p>Die Nachricht wurde von der Bayerischen Staatsoper bekannt gegebenDie Institution schrieb auf ihrer Facebook-Seite, dass Solteesz am Freitag w\u00e4hrend einer Auff\u00fchrung von Richard Strauss\u2018Die stille Frau am Nationaltheater M\u00fcnchen zusammengebrochen seiDas Leben des 74-j\u00e4hrigen K\u00fcnstlers konnte nicht gerettet werden.<\/p>\n<h2>Solteesz&#8217; Leben<\/h2>\n<p>Stefan Solteesz wurde 1949 in Ny\u00edregyh\u00e1za, Ungarn, als Istv\u00e1n Solteesz geboren, zog aber 1956 mit seinen Eltern nach \u00d6sterreich, wo er sein Studium an der Universit\u00e4t f\u00fcr Musik und darstellende Kunst in Wien abschloss.<\/p>\n<p>Er begann seine Laufbahn 1971 als Dirigent am Theater an der Wien und dirigierte zwischen 1973 und 1983 an der Staatsoper, au\u00dferdem war er in Graz t\u00e4tig und Assistent von Karl B\u00f6hm, Herbert von Karajan und Christoph von Dohn\u00e1nyi bei den Salzburger Festspielen, bis 1985 war er st\u00e4ndiger Dirigent in Hamburg, danach an der Deutschen Oper.<\/p>\n<h2>Musikdirektor des Opernhauses des Jahres<\/h2>\n<p>1991 wurde er zum Direktor der Fl\u00e4mischen Oper ernannt. Von 1997 bis 2013 war er Musikdirektor des Essener Philharmonischen Orchesters und k\u00fcnstlerischer Leiter des Aalto-Theaters 2008 von der Opernwelt zum Opernhaus des Jahres gew\u00e4hlt. 2012 wurde er vom Staatsorchester Braunschweig zum Ehrendirigenten ernannt.<\/p>\n<p>Seit 2012 sei er freiberuflicher Dirigent und trat an verschiedenen Veranstaltungsorten in ganz Europa auf, schreibt er <a href=\"https:\/\/www.szeretlekmagyarorszag.hu\/kult\/eloadas-kozben-lett-rosszul-es-halt-meg-a-magyar-szarmazasu-karmester-stefan-soltesz\/\" target=\"_blank\" rel=\"noopener\">szeretlekmagyarorszag.hu<\/a>. Besonders die sp\u00e4tdeutsche Romantik mit Wagner und Strauss hatte es ihm angetan, er war regelm\u00e4\u00dfig eingeladen worden, Opern und Konzerte in Amsterdam, Wien, Z\u00fcrich, Paris, London, Washington und San Francisco zu dirigieren.<\/p>\n<p>\u201cWir haben einen talentierten Dirigenten verloren Ich selbst habe einen guten Freund verlorenMeine Sympathien f\u00fcr seine Frau, Michaela\u201d Serge Dorny, Generaldirektor der Bayerischen Staatsoper, kommentierte die tragische NachrichtDer Dirigent war auch ein wiederkehrender Gast am Ungarischen Staatsopernhaus, und h\u00e4tte in der n\u00e4chsten Saison die Mai &#8211; und Juni-Auff\u00fchrungen von Strauss&#8217; Oper Die Frau ohne Schatten dirigiert, die <a href=\"https:\/\/fidelio.hu\/zenes-szinhaz\/elhunyt-stefan-soltesz-172861.html\" target=\"_blank\" rel=\"noopener\">fidelio.hu berichtet<\/a>.<\/p>\n","protected":false},"excerpt":{"rendered":"<p>Am Freitag, den 22. Juli, brach der in Ungarn geborene Dirigent Stefan Solteesz w\u00e4hrend einer Auff\u00fchrung zusammen und starb. Die Nachricht wurde von der Bayerischen Staatsoper bekannt gegebenDie Institution schrieb auf ihrer Facebook-Seite, dass Solteesz am Freitag w\u00e4hrend einer Auff\u00fchrung von Richard Strauss\u2018Die stille Frau am Nationaltheater M\u00fcnchen zusammengebrochen seiDas Leben des 74-j\u00e4hrigen K\u00fcnstlers konnte [&hellip;]<\/p>\n","protected":false},"author":62,"featured_media":686009,"comment_status":"open","ping_status":"open","sticky":false,"template":"","format":"standard","meta":{"_acf_changed":false,"_display_image":"","footnotes":""},"categories":[1151],"tags":[1314,1263,1711,1076],"class_list":["post-686008","post","type-post","status-publish","format-standard","has-post-thumbnail","hentry","category-kulturen","tag-kunst","tag-musik","tag-trauer","tag-ungarn"],"blocksy_meta":[],"acf":[],"author_username":"hmercedesz","telegram_post":"","public_post_metadata":{"breaking_news":"yes","important":"no","csempe":"no","center_tile":"no","disable_thumbnail":"no","target_lang":"","_featured_image_style":"","telegram_post":"","_xlat_group_id":""},"public_rank_math_data":{"title":"%title% %sep% %sitename%","description":"Am Freitag, den 22. Juli, brach der in Ungarn geborene Dirigent Stefan Solteesz w\u00e4hrend einer Auff\u00fchrung zusammen und starb.","focus_keyword":"Leiter","canonical_url":"","robots":"","primary_category":"1151","breadcrumb_title":"","facebook_title":"","facebook_description":"","facebook_image":"","facebook_image_id":"","twitter_title":"","twitter_description":"","twitter_image":"","twitter_image_id":"","twitter_card_type":"","twitter_use_facebook":"","advanced_robots":"","pillar_content":"","seo_score":"69","contentai_score":"","rich_snippet":""},"_links":{"self":[{"href":"https:\/\/dailynewshungary.com\/de\/wp-json\/wp\/v2\/posts\/686008","targetHints":{"allow":["GET"]}}],"collection":[{"href":"https:\/\/dailynewshungary.com\/de\/wp-json\/wp\/v2\/posts"}],"about":[{"href":"https:\/\/dailynewshungary.com\/de\/wp-json\/wp\/v2\/types\/post"}],"author":[{"embeddable":true,"href":"https:\/\/dailynewshungary.com\/de\/wp-json\/wp\/v2\/users\/62"}],"replies":[{"embeddable":true,"href":"https:\/\/dailynewshungary.com\/de\/wp-json\/wp\/v2\/comments?post=686008"}],"version-history":[{"count":0,"href":"https:\/\/dailynewshungary.com\/de\/wp-json\/wp\/v2\/posts\/686008\/revisions"}],"wp:featuredmedia":[{"embeddable":true,"href":"https:\/\/dailynewshungary.com\/de\/wp-json\/wp\/v2\/media\/686009"}],"wp:attachment":[{"href":"https:\/\/dailynewshungary.com\/de\/wp-json\/wp\/v2\/media?parent=686008"}],"wp:term":[{"taxonomy":"category","embeddable":true,"href":"https:\/\/dailynewshungary.com\/de\/wp-json\/wp\/v2\/categories?post=686008"},{"taxonomy":"post_tag","embeddable":true,"href":"https:\/\/dailynewshungary.com\/de\/wp-json\/wp\/v2\/tags?post=686008"}],"curies":[{"name":"wp","href":"https:\/\/api.w.org\/{rel}","templated":true}]}}