{"id":686553,"date":"2022-07-12T11:30:00","date_gmt":"2022-07-12T09:30:00","guid":{"rendered":"https:\/\/dailynewshungary.com\/de\/einer-der-reichsten-ungarn-beging-selbstmord\/"},"modified":"2022-07-12T11:30:00","modified_gmt":"2022-07-12T09:30:00","slug":"einer-der-reichsten-ungarn-beging-selbstmord","status":"publish","type":"post","link":"https:\/\/dailynewshungary.com\/de\/einer-der-reichsten-ungarn-beging-selbstmord\/","title":{"rendered":"Einer der reichsten Ungarn beging Selbstmord"},"content":{"rendered":"<p><strong>Nach aktuellen Informationen k\u00f6nnte der Selbstmord des 47-j\u00e4hrigen Agrarunternehmers 2022, der als 55. reichster Ungar eingestuft wurde, sowohl auf famili\u00e4re als auch auf gesch\u00e4ftliche Schwierigkeiten zur\u00fcckzuf\u00fchren sein.<\/strong><\/p>\n<p>P\u00e9ter Claessens, Gesch\u00e4ftsf\u00fchrer der Claessens-Gruppe, der 2022 auf Platz 55 der reichsten Ungarn stand, beging am vergangenen Wochenende Selbstmord (siehe <a href=\"https:\/\/mfor.hu\/cikkek\/vallalatok\/elhunyt-az-egyik-leggazdagabb-magyar.html\" target=\"_blank\" rel=\"noopener\">Mfor.<\/a> Der 47-j\u00e4hrige Agribusinessman beendete sein Leben in seinem Haus selbst, der Tod wurde von mehreren ihm nahestehenden Personen best\u00e4tigt, laut dem ungarischen Nachrichtenportal k\u00f6nnte die Entscheidung sowohl durch famili\u00e4re als auch gesch\u00e4ftliche Schwierigkeiten ausgel\u00f6st worden sein.<\/p>\n<p>Der in Belgien geborene Gesch\u00e4ftsmann zog 1995 nach Ungarn und sp\u00e4ter folgten seine beiden Br\u00fcder Christophe und Johan, seitdem haben alle drei die ungarische Staatsb\u00fcrgerschaft erworben, sie begannen ihre Familienfarm mit dem Erwerb des Nachfolgeunternehmens der South Somogy State Farm, die sich zu einem der gr\u00f6\u00dften landwirtschaftlichen Betriebe im Komitat Somogy entwickelt hat und mehr als 300 Mitarbeiter besch\u00e4ftigt Innerhalb der Gruppe besch\u00e4ftigt sich die Agr\u00e1r Ltd. mit der Schweinezucht und dem Betrieb einer Herdenzuchtfarm, w\u00e4hrend die Claessens Ltd. in der Rinderzucht t\u00e4tig ist Der Hauptsitz der Gruppe befindet sich in Nagybar\u00e1ti-Puszta, Somogyszob (berichtet von <a href=\"https:\/\/168.hu\/itthon\/ongyilkos-lett-az-egyik-leggazdagabb-magyar-239998\" target=\"_blank\" rel=\"noopener\">168 Ora.<\/a><\/p>\n<p>Im vergangenen Jahr \u00fcberstieg der Umsatz des Familienunternehmens 73,7 Mio. EUR (~HUF 30 Mrd.) und sein Vorsteuergewinn lag bei rund 12,3 Mio. EUR (~HUF 5 Mrd.).Sie halten eine Zuchtherde von 8.500 Ferkeln in ihren hochmodernen St\u00e4llen. Sie z\u00fcchten j\u00e4hrlich 350.000 Ferkel, von denen 200.000 in ihren eigenen Mastst\u00e4llen aufgezogen werden und das notwendige Futter auf ihren eigenen Ackerfl\u00e4chen produziert wird. Ihr Milchviehbetrieb hat 2.000 K\u00fche und eine j\u00e4hrliche Milchproduktion von \u00fcber 24 Millionen Litern 2.<\/p>\n<p style=\"text-align: center\"><strong>Verwandter Artikel: <a href=\"https:\/\/dailynewshungary.com\/de\/zwei-ungarn-unter-den-wohlhabendsten-menschen-der-welt-konnen-sie-sich-vorstellen-wer\/\" target=\"_blank\" rel=\"noreferrer noopener\">Zwei Ungarn unter den wohlhabendsten Menschen der Welt, k\u00f6nnen Sie sich vorstellen, wer?<\/a><\/strong><\/p>\n<p>Der 47-j\u00e4hrige Peter Claessens wurde im Juni dieses Jahres im Ministerium f\u00fcr ausw\u00e4rtige Angelegenheiten und Handel mit dem Verdienstkreuz des ungarischen Verdienstordens ausgezeichnet, in Anerkennung seiner jahrzehntelangen bedeutenden Arbeit auf dem Gebiet der Landwirtschaft, insbesondere bei der Anwendung innovativer Technologien in Ungarn.<\/p>\n","protected":false},"excerpt":{"rendered":"<p>Nach aktuellen Informationen k\u00f6nnte der Selbstmord des 47-j\u00e4hrigen Agrarunternehmers 2022, der als 55. reichster Ungar eingestuft wurde, sowohl auf famili\u00e4re als auch auf gesch\u00e4ftliche Schwierigkeiten zur\u00fcckzuf\u00fchren sein. P\u00e9ter Claessens, Gesch\u00e4ftsf\u00fchrer der Claessens-Gruppe, der 2022 auf Platz 55 der reichsten Ungarn stand, beging am vergangenen Wochenende Selbstmord (siehe Mfor. Der 47-j\u00e4hrige Agribusinessman beendete sein Leben in [&hellip;]<\/p>\n","protected":false},"author":37,"featured_media":686554,"comment_status":"open","ping_status":"open","sticky":false,"template":"","format":"standard","meta":{"_acf_changed":false,"_display_image":"","footnotes":""},"categories":[1098],"tags":[1118,1535,1475,1076],"class_list":["post-686553","post","type-post","status-publish","format-standard","has-post-thumbnail","hentry","category-gesellschaft","tag-geld","tag-hungerische-landwirtschaft","tag-landwirtschaft","tag-ungarn"],"blocksy_meta":[],"acf":[],"author_username":"T. Kitti","telegram_post":"","public_post_metadata":{"breaking_news":"yes","important":"no","csempe":"no","center_tile":"no","disable_thumbnail":"no","target_lang":"","_featured_image_style":"","telegram_post":"","_xlat_group_id":""},"public_rank_math_data":{"title":"%title% %sep% %sitename%","description":"Der Selbstmord des 47-j\u00e4hrigen Agrarunternehmers k\u00f6nnte sowohl auf famili\u00e4re als auch auf gesch\u00e4ftliche Schwierigkeiten zur\u00fcckzuf\u00fchren sein.","focus_keyword":"Reichster ungarischer Selbstmord","canonical_url":"","robots":"","primary_category":"1098","breadcrumb_title":"","facebook_title":"","facebook_description":"","facebook_image":"","facebook_image_id":"","twitter_title":"","twitter_description":"","twitter_image":"","twitter_image_id":"","twitter_card_type":"","twitter_use_facebook":"","advanced_robots":"","pillar_content":"","seo_score":"15","contentai_score":"","rich_snippet":""},"_links":{"self":[{"href":"https:\/\/dailynewshungary.com\/de\/wp-json\/wp\/v2\/posts\/686553","targetHints":{"allow":["GET"]}}],"collection":[{"href":"https:\/\/dailynewshungary.com\/de\/wp-json\/wp\/v2\/posts"}],"about":[{"href":"https:\/\/dailynewshungary.com\/de\/wp-json\/wp\/v2\/types\/post"}],"author":[{"embeddable":true,"href":"https:\/\/dailynewshungary.com\/de\/wp-json\/wp\/v2\/users\/37"}],"replies":[{"embeddable":true,"href":"https:\/\/dailynewshungary.com\/de\/wp-json\/wp\/v2\/comments?post=686553"}],"version-history":[{"count":0,"href":"https:\/\/dailynewshungary.com\/de\/wp-json\/wp\/v2\/posts\/686553\/revisions"}],"wp:featuredmedia":[{"embeddable":true,"href":"https:\/\/dailynewshungary.com\/de\/wp-json\/wp\/v2\/media\/686554"}],"wp:attachment":[{"href":"https:\/\/dailynewshungary.com\/de\/wp-json\/wp\/v2\/media?parent=686553"}],"wp:term":[{"taxonomy":"category","embeddable":true,"href":"https:\/\/dailynewshungary.com\/de\/wp-json\/wp\/v2\/categories?post=686553"},{"taxonomy":"post_tag","embeddable":true,"href":"https:\/\/dailynewshungary.com\/de\/wp-json\/wp\/v2\/tags?post=686553"}],"curies":[{"name":"wp","href":"https:\/\/api.w.org\/{rel}","templated":true}]}}