{"id":688035,"date":"2022-05-29T18:45:00","date_gmt":"2022-05-29T16:45:00","guid":{"rendered":"https:\/\/dailynewshungary.com\/de\/minister-ungarn-will-frieden-sicherheit\/"},"modified":"2022-05-29T18:45:00","modified_gmt":"2022-05-29T16:45:00","slug":"minister-ungarn-will-frieden-sicherheit","status":"publish","type":"post","link":"https:\/\/dailynewshungary.com\/de\/minister-ungarn-will-frieden-sicherheit\/","title":{"rendered":"Minister: Ungarn will Frieden, Sicherheit"},"content":{"rendered":"<p><strong>Die Ungarn wollen Frieden und Sicherheit, sagte der Verteidigungsminister am Sonntag anl\u00e4sslich des Ungarischen Heldentags in Budapest.<\/strong><\/p>\n<p>Krist\u00f3f Szalay-Bobroviczky erz\u00e4hlte bei einer Gedenkveranstaltung auf dem Heldenplatz, dass viele ungarische Helden ihr Leben verloren h\u00e4tten, weil \u201cwir die Kriege anderer Menschen f\u00fchren mussten\u201d.<\/p>\n<p>\u201cWir sind jetzt auf der guten Seite der Geschichte, wir sind eine freie und unabh\u00e4ngige Nation, und seit 12 Jahren geben wir nationalen Interessen Vorrang\u201d, sagte erEr f\u00fcgte hinzu, dass er seinen Eid zum Schutz des Heimatlandes geleistet habe und seine Hauptaufgabe darin bestehe, die Verteidigung und Sicherheit Ungarns zu wahren.<\/p>\n<ul>\n<li>Lesen Sie auch: <a href=\"https:\/\/dailynewshungary.com\/de\/die-unglaubliche-geschichte-des-ungarischen-priesters-der-tausende-juden-in-paris-rettete\/\">Die unglaubliche Geschichte des ungarischen Priesters, der Tausende Juden in Paris rettete<\/a><\/li>\n<\/ul>\n<figure id=\"attachment_494016\" aria-describedby=\"caption-attachment-494016\" style=\"width: 1280px\" class=\"wp-caption aligncenter\"><img loading=\"lazy\" decoding=\"async\" class=\"size-full wp-image-494016\" src=\"https:\/\/contentf5.dailynewshungary.com\/wp-content\/uploads\/2022\/05\/Heroes-Day-in-Hungary.webp\" alt=\"Heldentag in Ungarn\" width=\"1280\" height=\"853\" srcset=\"https:\/\/contentf5.dailynewshungary.com\/wp-content\/uploads\/2022\/05\/Heroes-Day-in-Hungary.webp 1280w, https:\/\/contentf5.dailynewshungary.com\/wp-content\/uploads\/2022\/05\/Heroes-Day-in-Hungary-768x512.webp 768w, https:\/\/contentf5.dailynewshungary.com\/wp-content\/uploads\/2022\/05\/Heroes-Day-in-Hungary-350x233.webp 350w, https:\/\/contentf5.dailynewshungary.com\/wp-content\/uploads\/2022\/05\/Heroes-Day-in-Hungary-248x165.webp 248w, https:\/\/contentf5.dailynewshungary.com\/wp-content\/uploads\/2022\/05\/Heroes-Day-in-Hungary-1030x686.webp 1030w, https:\/\/contentf5.dailynewshungary.com\/wp-content\/uploads\/2022\/05\/Heroes-Day-in-Hungary-219x146.webp 219w, https:\/\/contentf5.dailynewshungary.com\/wp-content\/uploads\/2022\/05\/Heroes-Day-in-Hungary-50x33.webp 50w, https:\/\/contentf5.dailynewshungary.com\/wp-content\/uploads\/2022\/05\/Heroes-Day-in-Hungary-113x75.webp 113w\" sizes=\"auto, (max-width: 1280px) 100vw, 1280px\"><figcaption id=\"caption-attachment-494016\" class=\"wp-caption-text\">Ungarns neuer Verteidigungsminister Krist\u00f3f Szalay-Bobroviczky. Foto: MTI<\/figcaption><\/figure>\n<p>Er sagte, der russisch-ukrainische Konflikt habe auch Ungarn getroffen und \u201eunser Job ist es\u201c<\/p>\n<blockquote>\n<p>Ungarischen Familien vor dem Krieg zu sch\u00fctzen\u201d.<\/p>\n<\/blockquote>\n<p>\u201cWir d\u00fcrfen nicht zulassen, dass Ungarn hineingezogen wird, es ist nicht unser Krieg\u201d, f\u00fcgte er hinzu.<\/p>\n<p>Die NATO-Mitgliedschaft Ungarns und seine Streitkr\u00e4fte stellen die Garantie f\u00fcr die Sicherheit der Ungarn dar, sagte er.<\/p>\n","protected":false},"excerpt":{"rendered":"<p>Die Ungarn wollen Frieden und Sicherheit, sagte der Verteidigungsminister am Sonntag anl\u00e4sslich des Ungarischen Heldentags in Budapest. Krist\u00f3f Szalay-Bobroviczky erz\u00e4hlte bei einer Gedenkveranstaltung auf dem Heldenplatz, dass viele ungarische Helden ihr Leben verloren h\u00e4tten, weil \u201cwir die Kriege anderer Menschen f\u00fchren mussten\u201d. \u201cWir sind jetzt auf der guten Seite der Geschichte, wir sind eine freie [&hellip;]<\/p>\n","protected":false},"author":50,"featured_media":688036,"comment_status":"open","ping_status":"open","sticky":false,"template":"","format":"standard","meta":{"_acf_changed":false,"_display_image":"","footnotes":""},"categories":[1081],"tags":[1203,1483,1144,1334,1102],"class_list":["post-688035","post","type-post","status-publish","format-standard","has-post-thumbnail","hentry","category-politik","tag-armee","tag-ereignis","tag-gedenken","tag-knospenapst","tag-ungarische-regierung"],"blocksy_meta":[],"acf":[],"author_username":"dnh","telegram_post":"","public_post_metadata":{"breaking_news":"yes","important":"no","csempe":"no","center_tile":"no","disable_thumbnail":"no","target_lang":"","_featured_image_style":"","telegram_post":"","_xlat_group_id":""},"public_rank_math_data":{"title":"%title% %sep% %sitename%","description":"Ungarn wolle Frieden und Sicherheit, sagte der Verteidigungsminister am Sonntag anl\u00e4sslich des Ungarischen Heldentags in Budapest.","focus_keyword":"Ungarn","canonical_url":"","robots":"","primary_category":"1081","breadcrumb_title":"","facebook_title":"","facebook_description":"","facebook_image":"","facebook_image_id":"","twitter_title":"","twitter_description":"","twitter_image":"","twitter_image_id":"","twitter_card_type":"","twitter_use_facebook":"","advanced_robots":"","pillar_content":"","seo_score":"67","contentai_score":"","rich_snippet":""},"_links":{"self":[{"href":"https:\/\/dailynewshungary.com\/de\/wp-json\/wp\/v2\/posts\/688035","targetHints":{"allow":["GET"]}}],"collection":[{"href":"https:\/\/dailynewshungary.com\/de\/wp-json\/wp\/v2\/posts"}],"about":[{"href":"https:\/\/dailynewshungary.com\/de\/wp-json\/wp\/v2\/types\/post"}],"author":[{"embeddable":true,"href":"https:\/\/dailynewshungary.com\/de\/wp-json\/wp\/v2\/users\/50"}],"replies":[{"embeddable":true,"href":"https:\/\/dailynewshungary.com\/de\/wp-json\/wp\/v2\/comments?post=688035"}],"version-history":[{"count":0,"href":"https:\/\/dailynewshungary.com\/de\/wp-json\/wp\/v2\/posts\/688035\/revisions"}],"wp:featuredmedia":[{"embeddable":true,"href":"https:\/\/dailynewshungary.com\/de\/wp-json\/wp\/v2\/media\/688036"}],"wp:attachment":[{"href":"https:\/\/dailynewshungary.com\/de\/wp-json\/wp\/v2\/media?parent=688035"}],"wp:term":[{"taxonomy":"category","embeddable":true,"href":"https:\/\/dailynewshungary.com\/de\/wp-json\/wp\/v2\/categories?post=688035"},{"taxonomy":"post_tag","embeddable":true,"href":"https:\/\/dailynewshungary.com\/de\/wp-json\/wp\/v2\/tags?post=688035"}],"curies":[{"name":"wp","href":"https:\/\/api.w.org\/{rel}","templated":true}]}}