{"id":690537,"date":"2022-03-11T11:30:00","date_gmt":"2022-03-11T10:30:00","guid":{"rendered":"https:\/\/dailynewshungary.com\/de\/regierung-will-nachrichtendienste-weiter-starken\/"},"modified":"2022-03-11T11:30:00","modified_gmt":"2022-03-11T10:30:00","slug":"regierung-will-nachrichtendienste-weiter-starken","status":"publish","type":"post","link":"https:\/\/dailynewshungary.com\/de\/regierung-will-nachrichtendienste-weiter-starken\/","title":{"rendered":"Regierung will Nachrichtendienste weiter st\u00e4rken"},"content":{"rendered":"<p><strong>Ungarns Nachrichtendienste tragen in der aktuellen Situation eine besondere Verantwortung, erkl\u00e4rte Au\u00dfenminister P\u00e9ter Szijj\u00e1rt\u00f3 am Donnerstag und argumentierte, es sei ihre Aufgabe, Versuche abzuwehren, die Sicherheit Ungarns zu untergraben oder das Land in den Konflikt hineinzuziehen.<\/strong><\/p>\n<p>Die Regierung erwarte, dass die Geheimdienste dieser Verantwortung nachkommen und Versuche gegen das Land abwehren, sagte Szijj\u00e1rt\u00f3 bei der Einweihung eines neuen Fl\u00fcgels des Hauptquartiers des Informationsb\u00fcros (IH), Ungarns zivilem Geheimdienst.<\/p>\n<blockquote>\n<p>\u201cDie in den letzten Jahren unternommenen Entwicklungen und der Stand der Bereitschaft des Geheimdienstpersonals lassen uns hoffen, dass die ungarische Geheimdienstgemeinschaft in der Lage ist, diese sehr wichtigen Aufgaben zu erf\u00fcllen\u201d<\/p>\n<\/blockquote>\n<p>Er sagte.<\/p>\n<p>Wegen der milit\u00e4rischen Aggression Russlands in der Ukraine habe die Aufgabe, die Sicherheit Ungarns zu garantieren, nun Vorrang \u201cvor jedem Ziel, jeder Frage und jeder Aufgabe\u201d, sagte erDas, so Szijj\u00e1rt\u00f3, sei eine Voraussetzung f\u00fcr die Wahrung der Freiheit und Souver\u00e4nit\u00e4t Ungarns.<\/p>\n<blockquote>\n<p>Ungarns Regierung hat ihre Nachrichtendienste erheblich verst\u00e4rkt, die<\/p>\n<\/blockquote>\n<p>Ihre Ressourcen und ihr institutionelles System in den letzten vier Jahren, sagte der Minister und f\u00fcgte hinzu, dass der Staat \u00fcber die notwendigen Mittel f\u00fcr weitere Modernisierungen verf\u00fcge. Dazu w\u00fcrden seiner Meinung nach die Einrichtung eines IH-Krisenmanagementzentrums und die Einrichtung einer Geheimdienstakademie geh\u00f6ren.<\/p>\n<ul>\n<li>Lesen Sie auch: <a href=\"https:\/\/dailynewshungary.com\/de\/indien-dankte-ungarn-fur-die-hilfe-fur-seine-burger-die-aus-der-ukraine-flohen\/\">Indien dankte Ungarn f\u00fcr die Hilfe f\u00fcr seine B\u00fcrger, die aus der Ukraine flohen<\/a><\/li>\n<\/ul>\n<p>Szijj\u00e1rt\u00f3 stellte fest, dass die ungarische Au\u00dfenpolitik, Au\u00dfenhandelsstrategie und Geheimdienste nun \u201eein einheitliches System von Zielen und Instrumentenkit\u201cbenutzten. \u201eEr sagte, dass der Krieg in der Ukraine dazu gef\u00fchrt habe, dass der globale Status quo \u201ezum zweiten Mal in zwei Jahren r\u00fcckg\u00e4ngig gemacht\u201d worden sei und die Welt konnte nur erahnen, welche Art von neuer Ordnung in der kommenden Zeit Gestalt annehmen w\u00fcrde.<\/p>\n<blockquote>\n<p>\u201cDie Tatsache, dass Ungarn mit seinen Gesundheitsschutzma\u00dfnahmen erfolgreich war, und die Tatsache, dass 2021 das erfolgreichste Jahr in der Wirtschaftsgeschichte Ungarns war, sprechen f\u00fcr den Erfolg der ungarischen Geheimdienstarbeit,\u201d<\/p>\n<\/blockquote>\n<p>Der Minister sagte mit dem Argument, dass die Regierung bei ihren Entscheidungen auf genaue Informationen angewiesen sei.<\/p>\n","protected":false},"excerpt":{"rendered":"<p>Ungarns Nachrichtendienste tragen in der aktuellen Situation eine besondere Verantwortung, erkl\u00e4rte Au\u00dfenminister P\u00e9ter Szijj\u00e1rt\u00f3 am Donnerstag und argumentierte, es sei ihre Aufgabe, Versuche abzuwehren, die Sicherheit Ungarns zu untergraben oder das Land in den Konflikt hineinzuziehen. Die Regierung erwarte, dass die Geheimdienste dieser Verantwortung nachkommen und Versuche gegen das Land abwehren, sagte Szijj\u00e1rt\u00f3 bei der [&hellip;]<\/p>\n","protected":false},"author":50,"featured_media":690538,"comment_status":"open","ping_status":"open","sticky":false,"template":"","format":"standard","meta":{"_acf_changed":false,"_display_image":"yes","footnotes":""},"categories":[1081],"tags":[1470,1184,1092,1102,1076],"class_list":["post-690537","post","type-post","status-publish","format-standard","has-post-thumbnail","hentry","category-politik","tag-ausenministerium-fur-ungarn","tag-krieg","tag-ukraine","tag-ungarische-regierung","tag-ungarn"],"blocksy_meta":[],"acf":[],"author_username":"dnh","telegram_post":"","public_post_metadata":{"breaking_news":"yes","important":"no","csempe":"no","center_tile":"no","disable_thumbnail":"no","target_lang":"","_featured_image_style":"hidden","telegram_post":"","_xlat_group_id":""},"public_rank_math_data":{"title":"%title% %sep% %sitename%","description":"Ungarns Nachrichtendienste tragen in der aktuellen Situation eine besondere Verantwortung, sagte Au\u00dfenminister P\u00e9ter Szijj\u00e1rt\u00f3 am Donnerstag","focus_keyword":"Intelligenz","canonical_url":"","robots":"","primary_category":"1081","breadcrumb_title":"","facebook_title":"","facebook_description":"","facebook_image":"","facebook_image_id":"","twitter_title":"","twitter_description":"","twitter_image":"","twitter_image_id":"","twitter_card_type":"","twitter_use_facebook":"","advanced_robots":"","pillar_content":"","seo_score":"56","contentai_score":"","rich_snippet":""},"_links":{"self":[{"href":"https:\/\/dailynewshungary.com\/de\/wp-json\/wp\/v2\/posts\/690537","targetHints":{"allow":["GET"]}}],"collection":[{"href":"https:\/\/dailynewshungary.com\/de\/wp-json\/wp\/v2\/posts"}],"about":[{"href":"https:\/\/dailynewshungary.com\/de\/wp-json\/wp\/v2\/types\/post"}],"author":[{"embeddable":true,"href":"https:\/\/dailynewshungary.com\/de\/wp-json\/wp\/v2\/users\/50"}],"replies":[{"embeddable":true,"href":"https:\/\/dailynewshungary.com\/de\/wp-json\/wp\/v2\/comments?post=690537"}],"version-history":[{"count":0,"href":"https:\/\/dailynewshungary.com\/de\/wp-json\/wp\/v2\/posts\/690537\/revisions"}],"wp:featuredmedia":[{"embeddable":true,"href":"https:\/\/dailynewshungary.com\/de\/wp-json\/wp\/v2\/media\/690538"}],"wp:attachment":[{"href":"https:\/\/dailynewshungary.com\/de\/wp-json\/wp\/v2\/media?parent=690537"}],"wp:term":[{"taxonomy":"category","embeddable":true,"href":"https:\/\/dailynewshungary.com\/de\/wp-json\/wp\/v2\/categories?post=690537"},{"taxonomy":"post_tag","embeddable":true,"href":"https:\/\/dailynewshungary.com\/de\/wp-json\/wp\/v2\/tags?post=690537"}],"curies":[{"name":"wp","href":"https:\/\/api.w.org\/{rel}","templated":true}]}}