{"id":690597,"date":"2022-03-10T08:30:00","date_gmt":"2022-03-10T07:30:00","guid":{"rendered":"https:\/\/dailynewshungary.com\/de\/10-widerspruche-in-orbans-putin-politik-wird-er-deswegen-die-wahlen-verlieren\/"},"modified":"2022-03-10T08:30:00","modified_gmt":"2022-03-10T07:30:00","slug":"10-widerspruche-in-orbans-putin-politik-wird-er-deswegen-die-wahlen-verlieren","status":"publish","type":"post","link":"https:\/\/dailynewshungary.com\/de\/10-widerspruche-in-orbans-putin-politik-wird-er-deswegen-die-wahlen-verlieren\/","title":{"rendered":"10 Widerspr\u00fcche in Orb\u00e1ns Putin-Politik \u2013 Wird er deswegen die Wahlen verlieren?"},"content":{"rendered":"<p><strong><span data-preserver-spaces=\"true\">Nachdem Russland die Ukraine angegriffen hatte, vervielfachte sich die Zahl der Themen, die f\u00fcr Premierminister Viktor Orb\u00e1n problematisch sein k\u00f6nnten. 24.hu sammelte alle relevanten Umfragen, politischen Aktionen und Aussagen, die f\u00fcr die derzeitige Regierung peinlich sein k\u00f6nnten. Sie kamen zu dem Schluss, dass einige davon bei den Parlamentswahlen im April gef\u00e4hrlich sein k\u00f6nnten.&nbsp;<\/span><\/strong><\/p>\n<p><span data-preserver-spaces=\"true\">Nach&nbsp;<\/span><a class=\"editor-rtfLink\" href=\"https:\/\/24.hu\/belfold\/2022\/03\/07\/orosz-ukrn-haboru-ner-orban-viktor-elllentmondas\/\" target=\"_blank\" rel=\"noopener\"><span data-preserver-spaces=\"true\">24.hu<\/span><\/a><span data-preserver-spaces=\"true\">Wichtig ist, wie die Regierungsstellung in einem bestimmten Thema vorher war, wenn es einen Widerspruch zwischen ihrer vergangenen und gegenw\u00e4rtigen Haltung gibt, bestrafen die W\u00e4hler vielleicht die Verwaltung Fidesz scheint in Ungarn allerdings das Gegenteil zu denken, zur \u00c4nderung der Migrationspolitik der Regierung G\u00e1bor G. Fodor, einer der Chefberater der Regierung, sagte beispielsweise 2015, dass es den Menschen egal sei, was Fidesz 12 Jahre zuvor und dann \u00fcber den Liberalismus gesagt habeSie halten es f\u00fcr viel wichtiger, ob man sie vor seinen Auswirkungen sch\u00fctzen kann oder nicht.<\/span><\/p>\n<p><span data-preserver-spaces=\"true\">24.hu glaubt, dass die Regierung deshalb seit der Invasion Wert auf Sicherheit, Ruhe, Neutralit\u00e4t und Friedfertigkeit legt Die Nachrichten-Website sagt jedoch, dass es in den letzten 12 Jahren der Orb\u00e1n-Regierung kaum einen \u00e4hnlichen Moment gab, als die Regierung selbst sp\u00e4ten Aussagen widersprach Niemand wei\u00df, ob sich das auf den Ausgang der Parlamentswahlen im April auswirken wird. Dennoch hat 24.hu zehn Widerspr\u00fcche gesammelt, die Sie unten lesen k\u00f6nnen<\/span><\/p>\n<ul>\n<li><span data-preserver-spaces=\"true\">Lesen Sie auch: <a href=\"https:\/\/dailynewshungary.com\/de\/bis-dienstag-kommen-178-894-fluchtlinge-in-ungarn-an\/\">Bis Dienstag kommen 178.894 Fl\u00fcchtlinge in Ungarn an<\/a><\/span><\/li>\n<\/ul>\n<h2><span data-preserver-spaces=\"true\">Die Orb\u00e1n-Regierung k\u00e4mpft seit Jahren, jetzt wurde sie friedensfreundlich<\/span><\/h2>\n<p><span data-preserver-spaces=\"true\">Nach dem russischen Einmarsch betonte die Regierung, dass sie auf der Seite des Friedens stehe und Ungarn sich aus dem Konflikt heraushalten m\u00fcsse, Orb\u00e1n k\u00e4mpfte derweil im letzten Jahrzehnt gegen Br\u00fcssel, die hohen Versorgungspreise, die Migration, George Soros, den IWF, oder die Europ\u00e4ische Union, aufgrund einer Studie von 2018 begann Viktor Orb\u00e1n nach 2014 milit\u00e4rische Worte zu verwendenDie Worte &#8216;Schlacht&#8217;, &#8216;Armee&#8217;, &#8216;Grenzschutz&#8217;, &#8216;Schie\u00dfen&#8217; oder &#8216;Erreichen&#8217; wurden in seinen Reden h\u00e4ufiger.<\/span><\/p>\n<p><span data-preserver-spaces=\"true\">Beispielsweise sagte er im Juli 2021, dass Ungarn aufgrund des Kinderschutzgesetzes (Anti-LGBTQ) ein blutiger Konflikt gegen die EU erwarte.<\/span><\/p>\n<h2><span data-preserver-spaces=\"true\">Es wird keinen Krieg geben, sagten sie<\/span><\/h2>\n<p><span data-preserver-spaces=\"true\">Es scheint, dass selbst Premierminister Orb\u00e1n den Krieg nicht vorhergesehen hat. G\u00e1bor T\u00f6r\u00f6k, ein ber\u00fchmter ungarischer Politikwissenschaftler, sagte, der Premierminister glaube nicht, dass es w\u00e4hrend der Fraktionssitzung der Fidesz-KDNP im Februar zu einem Krieg kommen w\u00fcrde. Zsolt Bayer, einer der engsten Journalisten Orb\u00e1ns, der die Partei Nummer 5 in Fidesz erhielt, sagte ein paar Tage vor Kriegsausbruch, dass Russland nicht in die Ukraine einmarschieren w\u00fcrde Andere in der Regierung f\u00fcgten hinzu, dass Russland keinen Krieg wolle, sondern nur die NATO.&nbsp;<\/span><\/p>\n<h2><span data-preserver-spaces=\"true\">Meinungs\u00e4nderung \u00fcber Russland<\/span><\/h2>\n<p><span data-preserver-spaces=\"true\">Ber\u00fchmt wurde Viktor Orb\u00e1n durch seine Rede zur Umbettung von Imre Nagy, dem Ministerpr\u00e4sidenten der Revolution und des Freiheitskampfes von 1956, Er sagte, dass die Regierung Verhandlungen \u00fcber den Abzug der russischen Armee aus Ungarn aufnehmen m\u00fcsseDie Rede war am 16. Juni 1989Dann wagte niemand, \u00fcber solche Themen zu sprechenDie Truppen der Sowjetunion blieben auch w\u00e4hrend der ersten Jahre der demokratisch gew\u00e4hlten Regierung Antall in UngarnDer letzte sowjetische Soldat verlie\u00df das Land erst am 19. Juni 1991. Was Orb\u00e1n 1989 sagte, war sehr mutig.<\/span><\/p>\n<p><span data-preserver-spaces=\"true\">Nach dem Regimewechsel war Fidesz pro-westlich und antikommunistisch, 2007 sagte Orb\u00e1n, das \u00d6l komme aus dem Osten, die Demokratie aber aus dem Westen, au\u00dferdem kritisierte er Ferenc Gyurcs\u00e1ny f\u00fcr die Verhandlungen mit Pr\u00e4sident Putin damals. Er betonte sogar, dass Ungarn nicht die gl\u00fccklichste Baracke der Gazprom werden d\u00fcrfe.<\/span><\/p>\n<p><span data-preserver-spaces=\"true\">Alles \u00e4nderte sich nach seinem Erdrutschsieg 2010 Seine Treffen mit Putin im Februar wurden regelm\u00e4\u00dfig, und er \u00fcberzeugte seine antikommunistischen W\u00e4hler sogar davon, dass Putins Russland nicht die Sowjetunion ist Dar\u00fcber hinaus muss Ungarn f\u00fcr wirtschaftliche Vorteile ein gutes Verh\u00e4ltnis zu Moskau aufrechterhalten.&nbsp;<\/span><\/p>\n<h2><span data-preserver-spaces=\"true\">Die Fidesz-W\u00e4hler sind immer noch gespalten<\/span><\/h2>\n<p><span data-preserver-spaces=\"true\">PM Orb\u00e1n hat es geschafft, ca. 80% seiner W\u00e4hler von Russland zu \u00fcberzeugen, aber es gibt eine Minderheit, die diese Politik ablehnt Hunderttausende halten Orb\u00e1ns Freundschaft mit Putin f\u00fcr inakzeptabel Eine Umfrage aus dem Jahr 2019 ergab, dass 44% der Ungarn Russland f\u00fcr den Nr1-Partner des Landes hielten 53% der Befragten diese Situation jedoch nicht f\u00fcr ideal Die meisten Menschen dachten, Ungarn brauche st\u00e4rkere Beziehungen zu Deutschland und den USA.<\/span><\/p>\n<p><span data-preserver-spaces=\"true\">Daher musste der ungarische Ministerpr\u00e4sident zwischen pro &#8211; und antirussischen \u00c4u\u00dferungen ausgleichen, um keinen seiner Anh\u00e4nger zu ver\u00e4rgern, laut einer k\u00fcrzlich ver\u00f6ffentlichten Umfrage meint eine Mehrheit der B\u00fcrger, Ungarn stehe Putin zu nahe.<\/span><\/p>\n<h2><span data-preserver-spaces=\"true\">Der Westen scheiterte 1956 an Ungarn, nun macht Ungarn dasselbe mit der Ukraine<\/span><\/h2>\n<p><span data-preserver-spaces=\"true\">Die ungarische Regierung hob hervor, dass Ungarn weder Waffen noch Soldaten in die Ukraine schicken werde Unterdessen ist Viktor Orb\u00e1n der Ansicht, dass der Westen die ungarische Revolution 1956 gegen die Sowjetarmee h\u00e4tte unterst\u00fctzen sollen In seinen Reden sagt er regelm\u00e4\u00dfig, dass der Westen Ungarn im Stich gelassen habeDie Frage bleibt jedoch: Sollte Ungarn der Ukraine nicht gegen die einmarschierende russische Armee helfen? Gergely Guly\u00e1s, der Stabschef des Premierministers, sagte, dass sich die beiden Situationen unterscheiden, weil der geopolitische Staat der beiden L\u00e4nder unterschiedlich seiEr f\u00fcgte hinzu, dass der Beitrag der ungarischen Armee im Krieg nichts \u00e4ndern w\u00fcrde.&nbsp;<\/span><\/p>\n<ul>\n<li>Lesen Sie auch: <a href=\"https:\/\/dailynewshungary.com\/de\/orban-unterzeichnete-die-stationierung-von-nato-truppen-in-ungarn\/\">Orb\u00e1n unterzeichnete die Stationierung von NATO-Truppen in Ungarn<\/a><\/li>\n<\/ul>\n<h2><span data-preserver-spaces=\"true\">Ungarn erlaubt keine Waffentransporte in Richtung Ukraine, aber es hat es den Russen schon fr\u00fcher erlaubt<\/span><\/h2>\n<p><span data-preserver-spaces=\"true\">2019 erlaubte die Regierung den Russen Waffen zu einem Milit\u00e4rst\u00fctzpunkt in Serbien zu transportieren Budapest entschied dies trotz des Verbots russischer Waffentransporte durch die EU wegen der Annexion der Krim Rum\u00e4nien bestritt damals den russischen Panzertransport zuzulassen, Ungarn gab gr\u00fcnes Licht Gergely Guly\u00e1s sagte, dass die milit\u00e4rische Ausr\u00fcstung von einem Zivilflugzeug transportiert wurde, nicht von einem Armeeflugzeug, sie mussten es also nicht erm\u00f6glichen.<\/span><\/p>\n<h2><span data-preserver-spaces=\"true\">Fr\u00fcher war die Regierung migrantenfeindlich<\/span><\/h2>\n<p><span data-preserver-spaces=\"true\">Die Regierung hat eine Kampagne gegen die aus dem Nahen Osten kommenden Migranten ins Leben gerufen, auch unter Einbeziehung von Familien, Frauen und Kindern Nun hei\u00dft Ungarn alle aus der Ukraine willkommen Manche sagen, dass Budapest mit zweierlei Ma\u00df misst Die Regierung glaubt jedoch, dass sie nur ihrem Protokoll folgen Fl\u00fcchtlinge in Not, deren erstes sicheres Land nicht Ungarn ist, sollten an ihr bisheriges Ziel zur\u00fcckkehren Im Falle der Ukraine ist Ungarn das erste sichere Land Daher hilft die Regierung allen Menschen, Sie bremsen die Fl\u00fcchtlinge jedoch nicht, in den Westen zu reisen.&nbsp;<\/span><\/p>\n<h2><span data-preserver-spaces=\"true\">Die Regierung verurteilt die russische Aggression \u2013 aber die \u00f6ffentlichen Medien scheinen pro-Putin zu sein<\/span><\/h2>\n<p><span data-preserver-spaces=\"true\">Einer der regierungsnahen Experten, Georg Sp\u00f6ttle, sagte beispielsweise, dass Pr\u00e4sident Selenskyj die rote Linie \u00fcberschritten habe. Die ungarische Nachrichtenagentur habe nach der Invasion tagelang \u201erussische Milit\u00e4raktion\u201canstelle von Krieg eingesetzt, was den in den russischen Medien verwendeten Ausdr\u00fccken \u00e4hnelt. Deshalb organisierte die vereinte Opposition am vergangenen Sonntag einen Protest vor den T\u00fcren der ungarischen \u00f6ffentlichen Medien.<\/span><\/p>\n<ul>\n<li><span data-preserver-spaces=\"true\">Lesen Sie auch: <a href=\"https:\/\/dailynewshungary.com\/de\/opposition-wahl-eine-wahl-zwischen-ost-und-west-krieg-und-frieden\/\">Opposition: Wahl eine Wahl zwischen Ost und West, Krieg und Frieden<\/a><\/span><\/li>\n<\/ul>\n<h2><span data-preserver-spaces=\"true\">Die Regierung glaubt nicht an Sanktionen und stimmt dennoch daf\u00fcr<\/span><\/h2>\n<p><span data-preserver-spaces=\"true\">Premierminister Orb\u00e1n sagte zuvor oft, dass er die Sanktionen gegen Russland nicht als besonders n\u00fctzlich ansehe. Er nannte sie auch eine Sackgasse. Dennoch hat die ungarische Regierung sie in der EU genehmigt.<\/span><\/p>\n<h2><span data-preserver-spaces=\"true\">Ungarn blockierte die Westintegration der Ukraine<\/span><\/h2>\n<p><span data-preserver-spaces=\"true\">Die Ukraine verabschiedete 2017 ein Sprachengesetz, das die Verwendung des Ungarischen im Land behinderte, Kiew tat dies, obwohl man zuvor Orb\u00e1n das Gegenteil versprach, im Gegenzug unterst\u00fctzte Ungarn die Ukraine, in der EU visumfrei zu werden, nur einen Tag nach dieser Abstimmung stimmte die Rada dem Sprachengesetz zu, danach blockierte die ungarische Regierung alle NATO-Ukraine-Gipfel.<\/span><\/p>\n<p><span data-preserver-spaces=\"true\">Nun schloss sich die Regierung den L\u00e4ndern an, die auf den EU-Beitritt der Ukraine dr\u00e4ngten.&nbsp;<\/span><\/p>\n<p><span data-preserver-spaces=\"true\">Zu der \u00c4nderung sagte Guly\u00e1s, es gehe um den Beitritt der Ukraine zur EU, nicht um die NATO, au\u00dferdem f\u00fcgte er hinzu, dass es zu diesem Zeitpunkt keinen Krieg gegen die Ukraine gegeben habe, der ihre territoriale Integrit\u00e4t gef\u00e4hrde.<\/span><\/p>\n<p>&nbsp;<\/p>\n","protected":false},"excerpt":{"rendered":"<p>Nachdem Russland die Ukraine angegriffen hatte, vervielfachte sich die Zahl der Themen, die f\u00fcr Premierminister Viktor Orb\u00e1n problematisch sein k\u00f6nnten. 24.hu sammelte alle relevanten Umfragen, politischen Aktionen und Aussagen, die f\u00fcr die derzeitige Regierung peinlich sein k\u00f6nnten. Sie kamen zu dem Schluss, dass einige davon bei den Parlamentswahlen im April gef\u00e4hrlich sein k\u00f6nnten.&nbsp; Nach&nbsp;24.huWichtig ist, [&hellip;]<\/p>\n","protected":false},"author":18,"featured_media":690598,"comment_status":"open","ping_status":"open","sticky":false,"template":"","format":"standard","meta":{"_acf_changed":false,"_display_image":"yes","footnotes":""},"categories":[1081],"tags":[2253,1526,1643,1082,1933,1184,1084,1209,2125,1076],"class_list":["post-690597","post","type-post","status-publish","format-standard","has-post-thumbnail","hentry","category-politik","tag-dem-viktor-orban","tag-den-vereinigten-staaten","tag-der-ukraine","tag-europaische-union","tag-fluchtlinge-aus-der-ukraine","tag-krieg","tag-krieg-in-der-ukraine","tag-russland","tag-ungarische-parlamentswahl-2022","tag-ungarn"],"blocksy_meta":[],"acf":[],"author_username":"johnwoods","telegram_post":"","public_post_metadata":{"breaking_news":"yes","important":"no","csempe":"no","center_tile":"no","disable_thumbnail":"no","target_lang":"","_featured_image_style":"hidden","telegram_post":"","_xlat_group_id":""},"public_rank_math_data":{"title":"%title% %sep% %sitename%","description":"Nach dem Angriff Russlands auf die Ukraine vervielfachte sich die Zahl der Probleme, die f\u00fcr Premierminister Viktor Orb\u00e1n problematisch sein k\u00f6nnten.","focus_keyword":"Orb\u00e1n","canonical_url":"","robots":"","primary_category":"1081","breadcrumb_title":"","facebook_title":"","facebook_description":"","facebook_image":"","facebook_image_id":"","twitter_title":"","twitter_description":"","twitter_image":"","twitter_image_id":"","twitter_card_type":"","twitter_use_facebook":"","advanced_robots":"","pillar_content":"","seo_score":"77","contentai_score":"","rich_snippet":""},"_links":{"self":[{"href":"https:\/\/dailynewshungary.com\/de\/wp-json\/wp\/v2\/posts\/690597","targetHints":{"allow":["GET"]}}],"collection":[{"href":"https:\/\/dailynewshungary.com\/de\/wp-json\/wp\/v2\/posts"}],"about":[{"href":"https:\/\/dailynewshungary.com\/de\/wp-json\/wp\/v2\/types\/post"}],"author":[{"embeddable":true,"href":"https:\/\/dailynewshungary.com\/de\/wp-json\/wp\/v2\/users\/18"}],"replies":[{"embeddable":true,"href":"https:\/\/dailynewshungary.com\/de\/wp-json\/wp\/v2\/comments?post=690597"}],"version-history":[{"count":0,"href":"https:\/\/dailynewshungary.com\/de\/wp-json\/wp\/v2\/posts\/690597\/revisions"}],"wp:featuredmedia":[{"embeddable":true,"href":"https:\/\/dailynewshungary.com\/de\/wp-json\/wp\/v2\/media\/690598"}],"wp:attachment":[{"href":"https:\/\/dailynewshungary.com\/de\/wp-json\/wp\/v2\/media?parent=690597"}],"wp:term":[{"taxonomy":"category","embeddable":true,"href":"https:\/\/dailynewshungary.com\/de\/wp-json\/wp\/v2\/categories?post=690597"},{"taxonomy":"post_tag","embeddable":true,"href":"https:\/\/dailynewshungary.com\/de\/wp-json\/wp\/v2\/tags?post=690597"}],"curies":[{"name":"wp","href":"https:\/\/api.w.org\/{rel}","templated":true}]}}