{"id":690631,"date":"2022-03-09T15:00:00","date_gmt":"2022-03-09T14:00:00","guid":{"rendered":"https:\/\/dailynewshungary.com\/de\/regierung-die-fur-das-historische-tief-des-ungarischen-forint-verantwortlich-ist\/"},"modified":"2022-03-09T15:00:00","modified_gmt":"2022-03-09T14:00:00","slug":"regierung-die-fur-das-historische-tief-des-ungarischen-forint-verantwortlich-ist","status":"publish","type":"post","link":"https:\/\/dailynewshungary.com\/de\/regierung-die-fur-das-historische-tief-des-ungarischen-forint-verantwortlich-ist\/","title":{"rendered":"Regierung, die f\u00fcr das historische Tief des ungarischen Forint verantwortlich ist?"},"content":{"rendered":"<p><strong>Die oppositionelle Demokratische Koalition (DK) machte am Mittwoch die \u201cunverantwortliche Politikgestaltung\u201d der Regierung f\u00fcr das \u201chistorische Tief\u201d der ungarischen W\u00e4hrung verantwortlichDer Forint rutschte am Montagmorgen gegen\u00fcber dem Euro auf 399 ab, bevor er sich etwas erholteIn den vergangenen zwei Tagen schwebte er um diesen Kurs herum.<\/strong><\/p>\n<p>Zolt\u00e1n Varga, der Sprecher der DK-Fraktion, sagte auf einer Online-Pressekonferenz, dass sie im Falle einer Wahl der Opposition am 3. April Ma\u00dfnahmen ergreifen werde, um den Forint zu st\u00e4rken, bevor sie sp\u00e4ter den Euro einf\u00fchrte. Varga wies auch darauf hin, dass die Preise f\u00fcr Lebensmittel, Treibstoff und Dienstleistungen im vergangenen Jahr in die H\u00f6he geschossen seien.<\/p>\n<p>Der regierende Fidesz antwortete in einer Erkl\u00e4rung: \u201eWenn es nach links ginge, w\u00fcrde Ungarn einer brutalen Inflation ausgesetzt sein, die durch den Krieg [Russland-Ukraine] verursacht w\u00fcrde, weil sein Premierministerkandidat das Land in den Krieg dr\u00e4ngen und den Haushaltsversorger der Regierung abschaffen w\u00fcrde.\u201cPreisobergrenzen und schalten Sie den [russischen] Gashahn ab\u201d<\/p>\n<p>Die ungarische Opposition wolle Energiesanktionen und lehne zentrale Preisobergrenzen ab, hei\u00dft es in der Erkl\u00e4rung und f\u00fcgte hinzu, dass dies der Fall sei<\/p>\n<blockquote>\n<p>\u201cverwirrendes Gerede\u201d und \u201cunverantwortliche Forderungen\u201d<\/p>\n<\/blockquote>\n<p>Eine Bedrohung f\u00fcr die einfachen Ungarn, die Wirtschaft des Landes und die inl\u00e4ndische Preisstabilit\u00e4t darstellte.<\/p>\n<ul>\n<li>Lesen Sie auch: <a href=\"https:\/\/dailynewshungary.com\/de\/so-wird-der-ungarische-immobilienmarkt-durch-das-historische-tief-der-huf-beeinflusst\/\">So wird der ungarische Immobilienmarkt durch das historische Tief der HUF beeinflusst<\/a><\/li>\n<\/ul>\n<p>Fidesz stellte eine hohe Inflation in Europa aufgrund der wirtschaftlichen Auswirkungen der Pandemie, steigender Energiepreise, des Krieges in der Ukraine und der damit verbundenen Sanktionen fest und f\u00fcgte hinzu, dass Ungarn in Bezug auf die Inflation im Mittelfeld der Union liege.<\/p>\n<p>Es stellte fest<\/p>\n<blockquote>\n<p>Ma\u00dfnahmen der Regierung zum Schutz der Ungarn gegen Inflation,<\/p>\n<\/blockquote>\n<p>Einschlie\u00dflich Lohn &#8211; und Rentenerh\u00f6hungen und Obergrenzen f\u00fcr Energierechnungen, Grundnahrungsmittel &#8211; und Kraftstoffpreise sowie Zinsen f\u00fcr Bankkredite Diese Ma\u00dfnahmen trugen dazu bei, die Inflation um 3-4 Prozentpunkte einzud\u00e4mmen, sagte Fidesz.<\/p>\n","protected":false},"excerpt":{"rendered":"<p>Die oppositionelle Demokratische Koalition (DK) machte am Mittwoch die \u201cunverantwortliche Politikgestaltung\u201d der Regierung f\u00fcr das \u201chistorische Tief\u201d der ungarischen W\u00e4hrung verantwortlichDer Forint rutschte am Montagmorgen gegen\u00fcber dem Euro auf 399 ab, bevor er sich etwas erholteIn den vergangenen zwei Tagen schwebte er um diesen Kurs herum. Zolt\u00e1n Varga, der Sprecher der DK-Fraktion, sagte auf einer [&hellip;]<\/p>\n","protected":false},"author":18,"featured_media":690632,"comment_status":"open","ping_status":"open","sticky":false,"template":"","format":"standard","meta":{"_acf_changed":false,"_display_image":"yes","footnotes":""},"categories":[1081],"tags":[1222,1117,1102,1076,1450],"class_list":["post-690631","post","type-post","status-publish","format-standard","has-post-thumbnail","hentry","category-politik","tag-demokratische-koalition","tag-forint","tag-ungarische-regierung","tag-ungarn","tag-wahrung"],"blocksy_meta":[],"acf":[],"author_username":"johnwoods","telegram_post":"","public_post_metadata":{"breaking_news":"yes","important":"no","csempe":"no","center_tile":"no","disable_thumbnail":"no","target_lang":"","_featured_image_style":"hidden","telegram_post":"","_xlat_group_id":""},"public_rank_math_data":{"title":"%title% %sep% %sitename%","description":"Die oppositionelle Demokratische Koalition (DK) machte am Mittwoch die \"unverantwortliche Politikgestaltung\" der Regierung f\u00fcr Forints \"historisches Tief\" verantwortlich.","focus_keyword":"Regierung","canonical_url":"","robots":"","primary_category":"1081","breadcrumb_title":"","facebook_title":"","facebook_description":"","facebook_image":"","facebook_image_id":"","twitter_title":"","twitter_description":"","twitter_image":"","twitter_image_id":"","twitter_card_type":"","twitter_use_facebook":"","advanced_robots":"","pillar_content":"","seo_score":"66","contentai_score":"","rich_snippet":""},"_links":{"self":[{"href":"https:\/\/dailynewshungary.com\/de\/wp-json\/wp\/v2\/posts\/690631","targetHints":{"allow":["GET"]}}],"collection":[{"href":"https:\/\/dailynewshungary.com\/de\/wp-json\/wp\/v2\/posts"}],"about":[{"href":"https:\/\/dailynewshungary.com\/de\/wp-json\/wp\/v2\/types\/post"}],"author":[{"embeddable":true,"href":"https:\/\/dailynewshungary.com\/de\/wp-json\/wp\/v2\/users\/18"}],"replies":[{"embeddable":true,"href":"https:\/\/dailynewshungary.com\/de\/wp-json\/wp\/v2\/comments?post=690631"}],"version-history":[{"count":0,"href":"https:\/\/dailynewshungary.com\/de\/wp-json\/wp\/v2\/posts\/690631\/revisions"}],"wp:featuredmedia":[{"embeddable":true,"href":"https:\/\/dailynewshungary.com\/de\/wp-json\/wp\/v2\/media\/690632"}],"wp:attachment":[{"href":"https:\/\/dailynewshungary.com\/de\/wp-json\/wp\/v2\/media?parent=690631"}],"wp:term":[{"taxonomy":"category","embeddable":true,"href":"https:\/\/dailynewshungary.com\/de\/wp-json\/wp\/v2\/categories?post=690631"},{"taxonomy":"post_tag","embeddable":true,"href":"https:\/\/dailynewshungary.com\/de\/wp-json\/wp\/v2\/tags?post=690631"}],"curies":[{"name":"wp","href":"https:\/\/api.w.org\/{rel}","templated":true}]}}