{"id":690737,"date":"2022-03-06T10:15:00","date_gmt":"2022-03-06T09:15:00","guid":{"rendered":"https:\/\/dailynewshungary.com\/de\/ungarns-offentlicher-medienanbieter-linksliberale-verbreiten-falsche-informationen\/"},"modified":"2022-03-06T10:15:00","modified_gmt":"2022-03-06T09:15:00","slug":"ungarns-offentlicher-medienanbieter-linksliberale-verbreiten-falsche-informationen","status":"publish","type":"post","link":"https:\/\/dailynewshungary.com\/de\/ungarns-offentlicher-medienanbieter-linksliberale-verbreiten-falsche-informationen\/","title":{"rendered":"Ungarns \u00f6ffentlicher Medienanbieter: Linksliberale verbreiten falsche Informationen"},"content":{"rendered":"<p><strong>Ungarns linksliberale Parteien versto\u00dfen gegen den Grundsatz der Pressefreiheit, erkl\u00e4rten D\u00e1niel Papp, der Gesch\u00e4ftsf\u00fchrer des ungarischen \u00f6ffentlich-rechtlichen Medienanbieters MTVA, und Menyh\u00e9rt Dobos, der Gesch\u00e4ftsf\u00fchrer des \u00f6ffentlich-rechtlichen Medienbetreibers Duna M\u00e9diaszolg\u00e1ltat\u00f3, am Samstag in einer Erkl\u00e4rung.<\/strong><\/p>\n<p>Sie sagten, die \u00f6ffentlichen ungarischen Medien seien Opfer immer mehr politischer Angriffe von links und die Linke verbreite falsche Informationen, um \u201eMillionen ungarischer B\u00fcrger gegen die Kan\u00e4le aufzubringen, die sie sehen und h\u00f6ren\u201c\u201d.<\/p>\n<blockquote>\n<p>Wie bereits in der Vergangenheit werden die \u00f6ffentlichen Medien Ungarns auch weiterhin \u201cAbschimpfungen und alle Versuche politischer Einflussnahme\u201d ablehnen, hie\u00df es in der Mitteilung.<\/p>\n<\/blockquote>\n<ul>\n<li>Lesen Sie auch: <strong><a href=\"https:\/\/dailynewshungary.com\/de\/gemeinsame-opposition-pm-gibt-weiterhin-erklarungen-ab-die-russischen-interessen-dienen\/\">Gemeinsame Opposition: PM \u201cgibt weiterhin Erkl\u00e4rungen ab, die russischen Interessen dienen\u201d<\/a><\/strong><\/li>\n<\/ul>\n<p>Papp und Dobos betonten, dass die \u00f6ffentlichen Medien nicht der Politik, sondern der Nation und ihren B\u00fcrgern dienten und \u00fcber alle Entwicklungen, Bemerkungen, Aggressionen, Gl\u00fccks- oder Trauergeschichten in Ungarn oder anderswo auf der Welt berichteten.<\/p>\n<blockquote>\n<p>Sie sagten, MTVA berichte \u00fcber Russlands Aggression in der Ukraine, \u201eunabh\u00e4ngig davon, wie diejenigen, die am Sonntag demonstrieren werden, versuchen, dar\u00fcber zu l\u00fcgen\u201csowie \u00fcber die Situation der Ukrainer, f\u00fcr die \u00f6ffentliche Medien eine einw\u00f6chige Wohlt\u00e4tigkeitssendung produzierten.<\/p>\n<\/blockquote>\n<p>\u00d6ffentliche Medien berichten auch \u00fcber Entwicklungen im Irak und in Afghanistan, Br\u00fcssel und Berlin, genauso wie sie \u00fcber die politischen Positionen der gerade protestierenden Linken sowie der Regierung und der Regierungsparteien berichten, sagten sie.<\/p>\n<ul>\n<li>Lesen Sie auch: <strong><a href=\"https:\/\/dailynewshungary.com\/de\/regierung-die-verantwortungslosigkeit-der-linken-kennt-keine-grenzen\/\">Regierung: &#8216;Die Verantwortungslosigkeit der Linken kennt keine Grenzen&#8217;<\/a><\/strong><\/li>\n<\/ul>\n<blockquote>\n<p>\u201cWir decken es ab, auch wenn es bestimmten linken Politikern nicht gef\u00e4llt\u201d, hie\u00df es in der Mitteilung.<\/p>\n<\/blockquote>\n<p>Papp und Dobos sagten, obwohl die Linke versuche, die f\u00fcr Sonntag geplante Demonstration als Demonstration f\u00fcr die Pressefreiheit zu pr\u00e4sentieren, \u201csind sie diejenigen, die das verfassungsm\u00e4\u00dfig und rechtlich gesch\u00fctzte Recht auf freie Meinungs\u00e4u\u00dferung verletzen\u201d.<\/p>\n<blockquote>\n<p>\u201eAn sie, wie sie mit ihren Versuchen, k\u00f6rperliche Gewalt zu st\u00f6ren, sehen, erstreckt sich die Pressefreiheit nur so weit, wie ihre Meinungen behandelt werden, soweit sie ihnen dient.\u201cin der Erkl\u00e4rung hei\u00dft es.<\/p>\n<\/blockquote>\n","protected":false},"excerpt":{"rendered":"<p>Ungarns linksliberale Parteien versto\u00dfen gegen den Grundsatz der Pressefreiheit, erkl\u00e4rten D\u00e1niel Papp, der Gesch\u00e4ftsf\u00fchrer des ungarischen \u00f6ffentlich-rechtlichen Medienanbieters MTVA, und Menyh\u00e9rt Dobos, der Gesch\u00e4ftsf\u00fchrer des \u00f6ffentlich-rechtlichen Medienbetreibers Duna M\u00e9diaszolg\u00e1ltat\u00f3, am Samstag in einer Erkl\u00e4rung. Sie sagten, die \u00f6ffentlichen ungarischen Medien seien Opfer immer mehr politischer Angriffe von links und die Linke verbreite falsche Informationen, um [&hellip;]<\/p>\n","protected":false},"author":33,"featured_media":690738,"comment_status":"open","ping_status":"open","sticky":false,"template":"","format":"standard","meta":{"_acf_changed":false,"_display_image":"yes","footnotes":""},"categories":[1081],"tags":[1360,1184,1207,1209,1092],"class_list":["post-690737","post","type-post","status-publish","format-standard","has-post-thumbnail","hentry","category-politik","tag-hungern","tag-krieg","tag-medien","tag-russland","tag-ukraine"],"blocksy_meta":[],"acf":[],"author_username":"ugyelet","telegram_post":"","public_post_metadata":{"breaking_news":"yes","important":"no","csempe":"no","center_tile":"no","disable_thumbnail":"no","target_lang":"","_featured_image_style":"hidden","telegram_post":"","_xlat_group_id":""},"public_rank_math_data":{"title":"%title% %sep% %sitename%","description":"Wie bereits in der Vergangenheit werden Ungarns \u00f6ffentliche Medien auch weiterhin \"Schmieren und alle Versuche politischer Einflussnahme\" ablehnen.","focus_keyword":"Medienanbieter","canonical_url":"","robots":"","primary_category":"1081","breadcrumb_title":"","facebook_title":"","facebook_description":"","facebook_image":"","facebook_image_id":"","twitter_title":"","twitter_description":"","twitter_image":"","twitter_image_id":"","twitter_card_type":"","twitter_use_facebook":"","advanced_robots":"","pillar_content":"","seo_score":"57","contentai_score":"","rich_snippet":""},"_links":{"self":[{"href":"https:\/\/dailynewshungary.com\/de\/wp-json\/wp\/v2\/posts\/690737","targetHints":{"allow":["GET"]}}],"collection":[{"href":"https:\/\/dailynewshungary.com\/de\/wp-json\/wp\/v2\/posts"}],"about":[{"href":"https:\/\/dailynewshungary.com\/de\/wp-json\/wp\/v2\/types\/post"}],"author":[{"embeddable":true,"href":"https:\/\/dailynewshungary.com\/de\/wp-json\/wp\/v2\/users\/33"}],"replies":[{"embeddable":true,"href":"https:\/\/dailynewshungary.com\/de\/wp-json\/wp\/v2\/comments?post=690737"}],"version-history":[{"count":0,"href":"https:\/\/dailynewshungary.com\/de\/wp-json\/wp\/v2\/posts\/690737\/revisions"}],"wp:featuredmedia":[{"embeddable":true,"href":"https:\/\/dailynewshungary.com\/de\/wp-json\/wp\/v2\/media\/690738"}],"wp:attachment":[{"href":"https:\/\/dailynewshungary.com\/de\/wp-json\/wp\/v2\/media?parent=690737"}],"wp:term":[{"taxonomy":"category","embeddable":true,"href":"https:\/\/dailynewshungary.com\/de\/wp-json\/wp\/v2\/categories?post=690737"},{"taxonomy":"post_tag","embeddable":true,"href":"https:\/\/dailynewshungary.com\/de\/wp-json\/wp\/v2\/tags?post=690737"}],"curies":[{"name":"wp","href":"https:\/\/api.w.org\/{rel}","templated":true}]}}