{"id":690777,"date":"2022-03-04T22:30:00","date_gmt":"2022-03-04T21:30:00","guid":{"rendered":"https:\/\/dailynewshungary.com\/de\/regierung-die-verantwortungslosigkeit-der-linken-kennt-keine-grenzen\/"},"modified":"2022-03-04T22:30:00","modified_gmt":"2022-03-04T21:30:00","slug":"regierung-die-verantwortungslosigkeit-der-linken-kennt-keine-grenzen","status":"publish","type":"post","link":"https:\/\/dailynewshungary.com\/de\/regierung-die-verantwortungslosigkeit-der-linken-kennt-keine-grenzen\/","title":{"rendered":"Regierung: \u2018Die Verantwortungslosigkeit der Linken kennt keine Grenzen\u2019"},"content":{"rendered":"<p><strong>Die Verantwortungslosigkeit der linken Opposition Ungarns \u201cwei\u00df keine Grenzen\u201d, was den Krieg in der Ukraine angeht, sagte Zolt\u00e1n Kov\u00e1cs, der Staatssekret\u00e4r f\u00fcr internationale Kommunikation und Beziehungen, am Donnerstag.<\/strong><\/p>\n<p>\u201cW\u00f6rter sind eine gef\u00e4hrliche Waffe in einer angespannten Situation, wenn ein bewaffneter Konflikt im Gange ist; wenn Gro\u00dfm\u00e4chte in unserem Nachbarn gegeneinander antreten\u201d, sagte Kov\u00e1cs dem \u00f6ffentlichen Nachrichtensender M1. \u201cEs geht \u00fcber politische Meinungsverschiedenheiten hinaus<\/p>\n<blockquote>\n<p>Wenn die Linke Dinge sagt, die nicht den nationalen Konsens widerspiegeln<\/p>\n<\/blockquote>\n<p>und die Haltung der demokratisch gew\u00e4hlten Regierung, die verantwortungsvolle Entscheidungen trifft.\u201d<\/p>\n<ul>\n<li>Lesen Sie auch: <a href=\"https:\/\/dailynewshungary.com\/de\/fur-fluchtlinge-aus-der-ukraine-wurde-ungarns-grostes-hotel-eroffnet\/\">F\u00fcr Fl\u00fcchtlinge aus der Ukraine wurde Ungarns gr\u00f6\u00dftes Hotel er\u00f6ffnet<\/a><\/li>\n<\/ul>\n<p>Kov\u00e1cs sagte, es sei falsch, spaltende Bemerkungen \u00fcber die transkarpathische ungarische Minderheit und das Thema Energiepolitik zu machen, \u201cso wie es die Linke in der vergangenen Woche ein Dutzend Mal gemacht hat\u201d Er f\u00fcgte hinzu, dass es \u201cbesonders gef\u00e4hrlich\u201d sei, dass<\/p>\n<blockquote>\n<p>Die Linke habe \u201calles, was wir versuchen, abgelehnt\u201d.<\/p>\n<\/blockquote>\n<p>\u201cDas ist w\u00e4hrend der Migrationskrise und der Pandemie passiert, und wenn jetzt Krieg herrscht, ist das nicht mehr nur unverantwortlich, sondern in der Tat eine S\u00fcnde\u201d, sagte der Staatssekret\u00e4r.<\/p>\n","protected":false},"excerpt":{"rendered":"<p>Die Verantwortungslosigkeit der linken Opposition Ungarns \u201cwei\u00df keine Grenzen\u201d, was den Krieg in der Ukraine angeht, sagte Zolt\u00e1n Kov\u00e1cs, der Staatssekret\u00e4r f\u00fcr internationale Kommunikation und Beziehungen, am Donnerstag. \u201cW\u00f6rter sind eine gef\u00e4hrliche Waffe in einer angespannten Situation, wenn ein bewaffneter Konflikt im Gange ist; wenn Gro\u00dfm\u00e4chte in unserem Nachbarn gegeneinander antreten\u201d, sagte Kov\u00e1cs dem \u00f6ffentlichen [&hellip;]<\/p>\n","protected":false},"author":50,"featured_media":690778,"comment_status":"open","ping_status":"open","sticky":false,"template":"","format":"standard","meta":{"_acf_changed":false,"_display_image":"yes","footnotes":""},"categories":[1081],"tags":[1184,1092,2125,1102,1076],"class_list":["post-690777","post","type-post","status-publish","format-standard","has-post-thumbnail","hentry","category-politik","tag-krieg","tag-ukraine","tag-ungarische-parlamentswahl-2022","tag-ungarische-regierung","tag-ungarn"],"blocksy_meta":[],"acf":[],"author_username":"dnh","telegram_post":"","public_post_metadata":{"breaking_news":"yes","important":"no","csempe":"no","center_tile":"no","disable_thumbnail":"no","target_lang":"","_featured_image_style":"hidden","telegram_post":"","_xlat_group_id":""},"public_rank_math_data":{"title":"%title% %sep% %sitename%","description":"Die Verantwortungslosigkeit der linken Opposition Ungarns auf \"wei\u00df keine Grenzen\", wenn es um den Krieg in der Ukraine geht, sagte die Regierung.","focus_keyword":"Regierung","canonical_url":"","robots":"","primary_category":"1081","breadcrumb_title":"","facebook_title":"","facebook_description":"","facebook_image":"","facebook_image_id":"","twitter_title":"","twitter_description":"","twitter_image":"","twitter_image_id":"","twitter_card_type":"","twitter_use_facebook":"","advanced_robots":"","pillar_content":"","seo_score":"63","contentai_score":"","rich_snippet":""},"_links":{"self":[{"href":"https:\/\/dailynewshungary.com\/de\/wp-json\/wp\/v2\/posts\/690777","targetHints":{"allow":["GET"]}}],"collection":[{"href":"https:\/\/dailynewshungary.com\/de\/wp-json\/wp\/v2\/posts"}],"about":[{"href":"https:\/\/dailynewshungary.com\/de\/wp-json\/wp\/v2\/types\/post"}],"author":[{"embeddable":true,"href":"https:\/\/dailynewshungary.com\/de\/wp-json\/wp\/v2\/users\/50"}],"replies":[{"embeddable":true,"href":"https:\/\/dailynewshungary.com\/de\/wp-json\/wp\/v2\/comments?post=690777"}],"version-history":[{"count":0,"href":"https:\/\/dailynewshungary.com\/de\/wp-json\/wp\/v2\/posts\/690777\/revisions"}],"wp:featuredmedia":[{"embeddable":true,"href":"https:\/\/dailynewshungary.com\/de\/wp-json\/wp\/v2\/media\/690778"}],"wp:attachment":[{"href":"https:\/\/dailynewshungary.com\/de\/wp-json\/wp\/v2\/media?parent=690777"}],"wp:term":[{"taxonomy":"category","embeddable":true,"href":"https:\/\/dailynewshungary.com\/de\/wp-json\/wp\/v2\/categories?post=690777"},{"taxonomy":"post_tag","embeddable":true,"href":"https:\/\/dailynewshungary.com\/de\/wp-json\/wp\/v2\/tags?post=690777"}],"curies":[{"name":"wp","href":"https:\/\/api.w.org\/{rel}","templated":true}]}}