{"id":690821,"date":"2022-03-03T22:00:00","date_gmt":"2022-03-03T21:00:00","guid":{"rendered":"https:\/\/dailynewshungary.com\/de\/wurde-ungarn-gebiete-in-transkarpatien-ukraine-beanspruchen\/"},"modified":"2022-03-03T22:00:00","modified_gmt":"2022-03-03T21:00:00","slug":"wurde-ungarn-gebiete-in-transkarpatien-ukraine-beanspruchen","status":"publish","type":"post","link":"https:\/\/dailynewshungary.com\/de\/wurde-ungarn-gebiete-in-transkarpatien-ukraine-beanspruchen\/","title":{"rendered":"W\u00fcrde Ungarn Gebiete in Transkarpatien, Ukraine, beanspruchen?"},"content":{"rendered":"<p><strong>\u201cSolange diese Regierung an der Macht ist\u201d, werde Ungarn keine Waffen liefern und keine Soldaten in die Ukraine schicken \u201cGergely Guly\u00e1s, sagte der Stabschef des Premierministers gesternIm Zusammenhang mit einer Erkl\u00e4rung des oppositionellen Ministerpr\u00e4sidentenkandidaten P\u00e9ter M\u00e1rki-Zay, der sagte, die Verweigerung des Transits von Lieferungen aus anderen L\u00e4ndern in die Ukraine sei \u201cVernunft\u201d, sagte Guly\u00e1s, ein solcher Schritt w\u00fcrde \u201cRisiken mit sich bringen, die wir besser vermeiden sollten, wenn wir Transkarpatien und die dort lebenden Ungarn sch\u00fctzen wollen\u201d<\/strong><\/p>\n<p>Guly\u00e1s bemerkte, dass Ungarn vor einigen Jahren eine gro\u00df angelegte Entwicklung seiner Streitkr\u00e4fte eingeleitet habe, \u201eals ob es eine Vorahnung der M\u00f6glichkeit eines bewaffneten Konflikts h\u00e4tte\u201csagte Guly\u00e1s\u201d \u201eDie damaligen Mitglieder des aktuellen deutschen Parlaments sprachen \u00fcber die Bedeutung des Pazifismus\u201d, sagte er. \u201eEuropa k\u00f6nnte als Folge des Krieges Selbstverteidigungsf\u00e4higkeiten entwickeln\u201d, sagte er.<\/p>\n<p>W\u00e4hrend Russland Ungarns wichtigster Wirtschaftspartner bei der Sicherstellung der Energieversorgung sei, seien die NATO und die EU ihre Verb\u00fcndeten, sagte Guly\u00e1s.<\/p>\n<blockquote>\n<p>Die Beziehungen zu Russland seien \u201ceher eine Vernunftehe als eine Liebesbeziehung\u201d<\/p>\n<\/blockquote>\n<p>Er sagte Bez\u00fcglich der Gebietsanspr\u00fcche r\u00e4umte er ein, dass die Regierung auf dem Boden des Budapester Memorandums stehe, das die Grenzen der Ukraine garantiere.<\/p>\n<p>Zu m\u00f6glichen Kriegsergebnissen sagte Guly\u00e1s, die ideale L\u00f6sung w\u00e4re, wenn sich beide Parteien in Vorkriegsgebiete zur\u00fcckziehen w\u00fcrden \u201cGemeinsam mit unseren Verb\u00fcndeten werden wir entscheiden, ob wir den neuen Status quo akzeptieren. Wir haben nicht genug Kr\u00e4fte, um das Ergebnis ma\u00dfgeblich zu beeinflussen\u201d, sagte er.<\/p>\n<p>Guly\u00e1s nannte die russische Forderung, dass die NATO ihre Grenzen von 1997 wiederherstellen solle, bevor die ehemaligen kommunistischen Staaten Mitglieder wurden, \u201eunm\u00f6glich\u201c.<\/p>\n<blockquote>\n<p>Die NATO-Mitgliedschaft \u201cgarantiert die gr\u00f6\u00dftm\u00f6gliche Sicherheit f\u00fcr Ungarn,\u201d<\/p>\n<\/blockquote>\n<p>Er sagte.<\/p>\n<ul>\n<li>Lesen Sie auch: <a href=\"https:\/\/dailynewshungary.com\/de\/bewaffnete-soldaten-nahmen-ungarische-journalisten-in-lemberg-ukraine-gefangen\/\">Bewaffnete Soldaten nahmen ungarische Journalisten in Lemberg, Ukraine, gefangen<\/a><\/li>\n<\/ul>\n<p>Auf Fragen zur von Russland unterst\u00fctzten Internationalen Investitionsbank (IIB), die von EU-Sanktionen getroffen wurde und diese Woche f\u00fcnf EU-Mitgliedstaaten als ihre Kunden verlor, antwortete Guly\u00e1s, Ungarn werde in der Institution bleiben, da die Bank ungarische Investitionen unterst\u00fctze Gleichzeitig sei die Liquidit\u00e4t der IIB m\u00f6glicherweise gef\u00e4hrdet, wenn ihre anderen EU-Mitglieder diesem Beispiel folgen, sagte er.<\/p>\n<p>Bez\u00fcglich der Gasversorgung sagte Guly\u00e1s<\/p>\n<blockquote>\n<p>Russland hat seine Preise bereits angehoben.<\/p>\n<\/blockquote>\n<p>Im unwahrscheinlichen Fall habe man sich f\u00fcr die \u201cSchlie\u00dfung der Wasserh\u00e4hne\u201d entschieden, Ungarn sei eines der letzten L\u00e4nder, die darunter litten, sagte erUngarische Stauseen seien zu 54 Prozent gef\u00fcllt, w\u00e4hrend andere EU-L\u00e4nder Reserven zwischen 17 und 38 Prozent ihrer Kapazit\u00e4t h\u00e4tten, sagte er.<\/p>\n<p>Sollte Russland aufh\u00f6ren, Gas zu liefern, m\u00fcsste Ungarn auf kostspieligere Alternativen zur\u00fcckgreifen, sagte Guly\u00e1s. Die Regierung sei gleichzeitig \u201ezur Aufrechterhaltung der Obergrenzen f\u00fcr die Versorgungspreise verpflichtet\u201csagte er\u201d Die EU werde russische Gaslieferungen nicht mit Sanktionen belegen, \u201eweil dies ihre Wirtschaft zerst\u00f6ren w\u00fcrde\u201d, sagte Guly\u00e1s und wies darauf hin, dass es dem Block in den letzten drei\u00dfig Jahren nicht gelungen sei, seine Energieressourcen zu diversifizieren.<\/p>\n<blockquote>\n<p>Strategische Reservoirs enthalten derzeit Vorr\u00e4te f\u00fcr drei Monate<\/p>\n<\/blockquote>\n<p>Er sagte.<\/p>\n<p>Zur Empfehlung des Europ\u00e4ischen Parlaments, die Zusammenarbeit mit dem russischen Staatsunternehmen Rosatom, dem Entwickler der Modernisierung des Atomkraftwerks Paks, einzustellen, sagte Guly\u00e1s, eine Demonstration der Einheit mit der EU sei nun wichtiger als \u201edie Beseitigung von Punkten des Dokuments, mit dem Ungarn nicht einverstanden ist\u201c\u201d. Die Sanktionen werden die Modernisierung nicht verz\u00f6gern oder die Kosten erh\u00f6hen, \u201eaber die Auswirkungen des Krieges sind nicht vorherzusagen\u201d, sagte er.<\/p>\n","protected":false},"excerpt":{"rendered":"<p>\u201cSolange diese Regierung an der Macht ist\u201d, werde Ungarn keine Waffen liefern und keine Soldaten in die Ukraine schicken \u201cGergely Guly\u00e1s, sagte der Stabschef des Premierministers gesternIm Zusammenhang mit einer Erkl\u00e4rung des oppositionellen Ministerpr\u00e4sidentenkandidaten P\u00e9ter M\u00e1rki-Zay, der sagte, die Verweigerung des Transits von Lieferungen aus anderen L\u00e4ndern in die Ukraine sei \u201cVernunft\u201d, sagte Guly\u00e1s, ein [&hellip;]<\/p>\n","protected":false},"author":50,"featured_media":690822,"comment_status":"open","ping_status":"open","sticky":false,"template":"","format":"standard","meta":{"_acf_changed":false,"_display_image":"","footnotes":""},"categories":[1081],"tags":[1360,1184,1207,1209,1428,1092],"class_list":["post-690821","post","type-post","status-publish","format-standard","has-post-thumbnail","hentry","category-politik","tag-hungern","tag-krieg","tag-medien","tag-russland","tag-transkarpatien","tag-ukraine"],"blocksy_meta":[],"acf":[],"author_username":"dnh","telegram_post":"","public_post_metadata":{"breaking_news":"yes","important":"no","csempe":"no","center_tile":"no","disable_thumbnail":"no","target_lang":"","_featured_image_style":"","telegram_post":"","_xlat_group_id":""},"public_rank_math_data":{"title":"%title% %sep% %sitename%","description":"Der Stabschef des Premierministers, Gergely Guly\u00e1s, erhielt diese Frage zu den heutigen Regierungsinformationen - hier ist die Antwort, die er dazu gegeben hat.","focus_keyword":"Ungarn Ukraine","canonical_url":"","robots":"","primary_category":"1081","breadcrumb_title":"","facebook_title":"","facebook_description":"","facebook_image":"","facebook_image_id":"","twitter_title":"","twitter_description":"","twitter_image":"","twitter_image_id":"","twitter_card_type":"","twitter_use_facebook":"","advanced_robots":"","pillar_content":"","seo_score":"9","contentai_score":"","rich_snippet":""},"_links":{"self":[{"href":"https:\/\/dailynewshungary.com\/de\/wp-json\/wp\/v2\/posts\/690821","targetHints":{"allow":["GET"]}}],"collection":[{"href":"https:\/\/dailynewshungary.com\/de\/wp-json\/wp\/v2\/posts"}],"about":[{"href":"https:\/\/dailynewshungary.com\/de\/wp-json\/wp\/v2\/types\/post"}],"author":[{"embeddable":true,"href":"https:\/\/dailynewshungary.com\/de\/wp-json\/wp\/v2\/users\/50"}],"replies":[{"embeddable":true,"href":"https:\/\/dailynewshungary.com\/de\/wp-json\/wp\/v2\/comments?post=690821"}],"version-history":[{"count":0,"href":"https:\/\/dailynewshungary.com\/de\/wp-json\/wp\/v2\/posts\/690821\/revisions"}],"wp:featuredmedia":[{"embeddable":true,"href":"https:\/\/dailynewshungary.com\/de\/wp-json\/wp\/v2\/media\/690822"}],"wp:attachment":[{"href":"https:\/\/dailynewshungary.com\/de\/wp-json\/wp\/v2\/media?parent=690821"}],"wp:term":[{"taxonomy":"category","embeddable":true,"href":"https:\/\/dailynewshungary.com\/de\/wp-json\/wp\/v2\/categories?post=690821"},{"taxonomy":"post_tag","embeddable":true,"href":"https:\/\/dailynewshungary.com\/de\/wp-json\/wp\/v2\/tags?post=690821"}],"curies":[{"name":"wp","href":"https:\/\/api.w.org\/{rel}","templated":true}]}}