{"id":691078,"date":"2022-02-25T09:15:00","date_gmt":"2022-02-25T08:15:00","guid":{"rendered":"https:\/\/dailynewshungary.com\/de\/minister-ungarn-muss-nicht-abdriften-in-den-krieg\/"},"modified":"2022-02-25T09:15:00","modified_gmt":"2022-02-25T08:15:00","slug":"minister-ungarn-muss-nicht-abdriften-in-den-krieg","status":"publish","type":"post","link":"https:\/\/dailynewshungary.com\/de\/minister-ungarn-muss-nicht-abdriften-in-den-krieg\/","title":{"rendered":"Minister: Ungarn \u2018muss nicht abdriften\u2019 in den Krieg"},"content":{"rendered":"<p><strong>\u201eEs ist \u201esehr wichtig\u201cdass Ungarn \u201e\u00fcberhaupt nicht in den Krieg abdriftet\u201d in der Ukraine, sagte Gergely Guly\u00e1s, Stabschef des Premierministers, am Donnerstag in einem Interview mit ungarischen Medien.\u201c\u201eUngarn unterst\u00fctzt seine Verb\u00fcndeten \u201eNATO und Europ\u00e4ische Union\u201d und es ist von entscheidender Bedeutung, dass die Einheit dieser beiden Organisationen auch dieses Mal aufrechterhalten wird\u201d, sagte Guly\u00e1s \u201eUngarn verurteilt den Angriff Russlands auf die Ukraine zusammen mit anderen und EU-Mitgliedern\u201c\u201d, f\u00fcgte er hinzu.<\/strong><\/p>\n<p>Die Gew\u00e4hrleistung der Sicherheit Ungarns und seiner Bewohner sei von gr\u00f6\u00dfter Bedeutung, sagte der MinisterUngarn d\u00fcrfe sich \u201cin keiner Weise\u201d in den Krieg einmischen, sagte er \u201cGenauso wichtig ist, dass wir in der Lage sein sollten, unsere eigenen Interessen weiter zu verfolgen\u201d, sagte er und f\u00fcgte hinzu, dass Projekte, die in engem Zusammenhang mit den Wirtschaftsbeziehungen mit Russland stehen, wie etwa der Kauf von Erdgas, beibehalten werden sollten.<\/p>\n<blockquote>\n<p>\u201cUngarn unterst\u00fctzt nat\u00fcrlich seine Verb\u00fcndeten, aber wir wollen auch deutlich machen, dass es f\u00fcr ungarische Soldaten nicht n\u00f6tig ist, sich in diesen Konflikt einzumischen\u201d<\/p>\n<\/blockquote>\n<p>sagte Guly\u00e1s.<\/p>\n<p>Soldaten und Strafverfolgungsbeh\u00f6rden seien da, um die Sicherheit des Landes zu wahren, w\u00e4hrend der ungarische Staat zu den Friedensbem\u00fchungen beitragen werde, sagte Guly\u00e1s. Er verwies auf den EU-Notgipfel am Donnerstagabend in Br\u00fcssel und sagte, Premierminister Viktor Orb\u00e1n sei in diesem Sinne anwesend und f\u00fcgte hinzu, er hoffe, dass die Erfolge der Regierung in den letzten Jahren erhalten bleiben k\u00f6nnten.<\/p>\n<p>Unterdessen Guly\u00e1s<\/p>\n<blockquote>\n<p>Der ungarischen Opposition vorwarf, \u201cihre egoistischen Machtinteressen zu verfolgen\u201d,<\/p>\n<\/blockquote>\n<p>Hinzuf\u00fcgend, dass die Opposition nicht in der Lage sei, den Interessen Ungarns und seiner B\u00fcrger w\u00e4hrend einer Krise Vorrang einzur\u00e4umen, und sie als \u201cunverantwortlich\u201d brandmarkteGuly\u00e1s sagte, die aktuelle Situation rechtfertige die Unterst\u00fctzung der Regierung bei der F\u00fchrung verantwortungsvoller Verhandlungen.<\/p>\n<ul>\n<li>Lesen Sie auch: <a href=\"https:\/\/dailynewshungary.com\/de\/ungarische-truppen-treffen-standig-in-ostungarn-ein\/\">Ungarische Truppen treffen st\u00e4ndig in Ostungarn ein<\/a><\/li>\n<\/ul>\n<p>Er sagte, die Regierung habe alle m\u00f6glichen Anstrengungen unternommen, um den Frieden zu wahren. Jetzt, da Russland die Ukraine angegriffen habe, werde es weiterhin alle m\u00f6glichen Schritte unternehmen, um den Frieden so schnell wie m\u00f6glich wiederherzustellen, sagte Guly\u00e1s.<\/p>\n<blockquote>\n<p>Forderungen an Ungarn, Waffen an die Ukraine zu liefern und dort Soldaten einzusetzen, seien \u201cunverantwortlich, un\u00fcberlegt und in der gegenw\u00e4rtigen Situation besonders sch\u00e4dlich\u201d, sagte er<\/p>\n<\/blockquote>\n<p>Bez\u00fcglich des k\u00fcrzlich mit Russland geschlossenen Gaslieferabkommens Ungarns sagte Gulyas, die EU-L\u00e4nder w\u00fcrden am Abend in Br\u00fcssel dar\u00fcber diskutieren, welche Sanktionen gegen Russland zu verh\u00e4ngen seien \u201cEs liegt im Interesse Europas, keine Sanktionen zu verh\u00e4ngen, die sich selbst mehr schaden w\u00fcrden als RusslandDie Gasversorgung geh\u00f6rt in diese Kategorie\u201d, sagte er.<\/p>\n<p>Zum Thema Fl\u00fcchtlinge sagte er, Ungarn sei besonders besorgt \u00fcber eine m\u00f6gliche humanit\u00e4re Krise, weil<\/p>\n<blockquote>\n<p>Transkarpatien ist die Heimat von 200.000 ethnischen Ungarn<\/p>\n<\/blockquote>\n<p>Hinzugef\u00fcgt, dass \u201cUngarn bereit ist, ihnen einen sicheren Hafen zu bieten, egal was passiert\u201d \u201cUngarn ist das erste sichere Land in diesem Konflikt, also m\u00fcssen wir uns darauf vorbereiten, dass sich die Lage in der Ukraine zum Schlechten wendet\u201d, sagte er.<\/p>\n<p>Das Innenministerium und die Armee h\u00e4tten Pl\u00e4ne, Tausende von Fl\u00fcchtlingen in Ungarn unterzubringen, sagte er, und die Regierung habe die M\u00f6glichkeit, jede denkbare Fl\u00fcchtlingswelle zu bew\u00e4ltigen.<\/p>\n","protected":false},"excerpt":{"rendered":"<p>\u201eEs ist \u201esehr wichtig\u201cdass Ungarn \u201e\u00fcberhaupt nicht in den Krieg abdriftet\u201d in der Ukraine, sagte Gergely Guly\u00e1s, Stabschef des Premierministers, am Donnerstag in einem Interview mit ungarischen Medien.\u201c\u201eUngarn unterst\u00fctzt seine Verb\u00fcndeten \u201eNATO und Europ\u00e4ische Union\u201d und es ist von entscheidender Bedeutung, dass die Einheit dieser beiden Organisationen auch dieses Mal aufrechterhalten wird\u201d, sagte Guly\u00e1s \u201eUngarn [&hellip;]<\/p>\n","protected":false},"author":50,"featured_media":691079,"comment_status":"open","ping_status":"open","sticky":false,"template":"","format":"standard","meta":{"_acf_changed":false,"_display_image":"yes","footnotes":""},"categories":[1081],"tags":[1184,1209,1092,1102,1076],"class_list":["post-691078","post","type-post","status-publish","format-standard","has-post-thumbnail","hentry","category-politik","tag-krieg","tag-russland","tag-ukraine","tag-ungarische-regierung","tag-ungarn"],"blocksy_meta":[],"acf":[],"author_username":"dnh","telegram_post":"","public_post_metadata":{"breaking_news":"yes","important":"no","csempe":"no","center_tile":"no","disable_thumbnail":"no","target_lang":"","_featured_image_style":"hidden","telegram_post":"","_xlat_group_id":""},"public_rank_math_data":{"title":"%title% %sep% %sitename%","description":"\"Ungarn unterst\u00fctzt nat\u00fcrlich seine Verb\u00fcndeten, aber wir wollen auch deutlich machen, dass es f\u00fcr ungarische Soldaten nicht n\u00f6tig ist, sich in diesen Konflikt einzumischen\",","focus_keyword":"Ungarn","canonical_url":"","robots":"","primary_category":"1081","breadcrumb_title":"","facebook_title":"","facebook_description":"","facebook_image":"","facebook_image_id":"","twitter_title":"","twitter_description":"","twitter_image":"","twitter_image_id":"","twitter_card_type":"","twitter_use_facebook":"","advanced_robots":"","pillar_content":"","seo_score":"63","contentai_score":"","rich_snippet":""},"_links":{"self":[{"href":"https:\/\/dailynewshungary.com\/de\/wp-json\/wp\/v2\/posts\/691078","targetHints":{"allow":["GET"]}}],"collection":[{"href":"https:\/\/dailynewshungary.com\/de\/wp-json\/wp\/v2\/posts"}],"about":[{"href":"https:\/\/dailynewshungary.com\/de\/wp-json\/wp\/v2\/types\/post"}],"author":[{"embeddable":true,"href":"https:\/\/dailynewshungary.com\/de\/wp-json\/wp\/v2\/users\/50"}],"replies":[{"embeddable":true,"href":"https:\/\/dailynewshungary.com\/de\/wp-json\/wp\/v2\/comments?post=691078"}],"version-history":[{"count":0,"href":"https:\/\/dailynewshungary.com\/de\/wp-json\/wp\/v2\/posts\/691078\/revisions"}],"wp:featuredmedia":[{"embeddable":true,"href":"https:\/\/dailynewshungary.com\/de\/wp-json\/wp\/v2\/media\/691079"}],"wp:attachment":[{"href":"https:\/\/dailynewshungary.com\/de\/wp-json\/wp\/v2\/media?parent=691078"}],"wp:term":[{"taxonomy":"category","embeddable":true,"href":"https:\/\/dailynewshungary.com\/de\/wp-json\/wp\/v2\/categories?post=691078"},{"taxonomy":"post_tag","embeddable":true,"href":"https:\/\/dailynewshungary.com\/de\/wp-json\/wp\/v2\/tags?post=691078"}],"curies":[{"name":"wp","href":"https:\/\/api.w.org\/{rel}","templated":true}]}}