{"id":691797,"date":"2022-02-02T08:25:00","date_gmt":"2022-02-02T07:25:00","guid":{"rendered":"https:\/\/dailynewshungary.com\/de\/1-million-roma-sollen-keinen-vertreter-im-ungarischen-parlament-haben-video\/"},"modified":"2022-02-02T08:25:00","modified_gmt":"2022-02-02T07:25:00","slug":"1-million-roma-sollen-keinen-vertreter-im-ungarischen-parlament-haben-video","status":"publish","type":"post","link":"https:\/\/dailynewshungary.com\/de\/1-million-roma-sollen-keinen-vertreter-im-ungarischen-parlament-haben-video\/","title":{"rendered":"1 Million Roma sollen keinen Vertreter im ungarischen Parlament haben \u2013 VIDEO"},"content":{"rendered":"<p><strong><span data-preserver-spaces=\"true\">Niemand wei\u00df, wie viele Roma derzeit in Ungarn leben Offizielle Volksz\u00e4hlungen zeigen, dass 310 Tausend Roma im Land leben, aber es ist kaum zu glauben Viele identifizieren sich nicht als Roma, da sie Ungarisch sprechen und kulturell zur ungarischen Mehrheit geh\u00f6ren, tiefgreifende Berechnungen und soziografische Analysen sch\u00e4tzen, dass mindestens 850-900 Tausend Roma in Ungarn leben, sie werden jedoch keinen Abgeordneten im Parlament 2022-2026 haben, obwohl sie 5-10 pc der Nationalversammlung h\u00e4tten geben k\u00f6nnen Warum, verraten wir Ihnen weiter unten.<\/span><\/strong><\/p>\n<p><span data-preserver-spaces=\"true\">Basierend auf&nbsp;<\/span><a class=\"editor-rtfLink\" href=\"https:\/\/www.ksh.hu\/docs\/hun\/xftp\/terstat\/2018\/01\/ts580101.pdf\" target=\"_blank\" rel=\"noopener\"><span data-preserver-spaces=\"true\">Forschung&nbsp;<\/span><\/a><span data-preserver-spaces=\"true\">Von der Universit\u00e4t Debrecen und der Ungarischen Akademie der Wissenschaften im Jahr 2018 herausgegeben, wuchs die Zahl der in Ungarn lebenden Roma von 400 Tausend auf 876 Tausend. Diese Berechnung basierte auf Untersuchungen, die zwischen 2010 und 2013 durchgef\u00fchrt wurden, sodass die tats\u00e4chliche Zahl wahrscheinlich sogar noch h\u00f6her ist.<\/span><\/p>\n<p><span data-preserver-spaces=\"true\">Nach einer eingehenden Analyse am <\/span><a class=\"editor-rtfLink\" href=\"https:\/\/azonnali.hu\/cikk\/20190815_igy-fog-kinezni-magyarorszag-2034-ben-ha-nem-lepunk-valamit\" target=\"_blank\" rel=\"noopener\"><span data-preserver-spaces=\"true\">azonnali.hu<\/span><\/a><span data-preserver-spaces=\"true\">2019 ver\u00f6ffentlicht, k\u00f6nnte diese Zahl bis dahin auf 950 Tsd. Roma-Frauen sehr viel h\u00f6her als unter Ungarn sein Daher wird in dem Artikel argumentiert, dass im Jahr 2034, die <\/span><\/p>\n<blockquote>\n<p><span data-preserver-spaces=\"true\">In Ungarn wird es mehr Roma-Kinder als Ungarinnen geben. <\/span><\/p>\n<\/blockquote>\n<p><span data-preserver-spaces=\"true\">Dadurch werden die Roma schnell zur gro\u00dfen Volksgruppe in Ungarn Der Trend scheint sich trotz der Familienbeihilfen der Regierung nicht umzukehren.<\/span><\/p>\n<ul>\n<li><span data-preserver-spaces=\"true\">Weiterlesen:&nbsp;<\/span><a class=\"editor-rtfLink\" href=\"https:\/\/dailynewshungary.com\/de\/sind-ungarn-wirklich-so-diskriminierend-gegenuber-ihren-nachbarn-der-ethnischen-zugehorigkeit\/\" target=\"_blank\" rel=\"noopener\"><span data-preserver-spaces=\"true\">Sind Ungarn wirklich so diskriminierend gegen\u00fcber ihren Nachbarn der ethnischen Zugeh\u00f6rigkeit?<\/span><\/a><\/li>\n<\/ul>\n<p><span data-preserver-spaces=\"true\">Obwohl es fast 1 Million Roma gibt, die sogar 5-10 Prozent des ungarischen Parlaments abgeben k\u00f6nnten, werden sie in der n\u00e4chsten Nationalversammlung keinen Vertreter haben. Das liegt daran, dass ihre Minderheitenselbstverwaltung am 31. Januar keine Kandidaten nominieren konnte. Die Delegierten ihrer Generalversammlung haben sich w\u00e4hrend der Veranstaltung einen Kampf ausgesucht. Die letzte Frist f\u00fcr die Nominierung endete inzwischen am 1. Februar. Schauen Sie sich an, was im Video unten passiert ist:<\/span><\/p>\n<p><iframe loading=\"lazy\" style=\"border: none; overflow: hidden;\" src=\"https:\/\/www.facebook.com\/plugins\/video.php?href=https%3A%2F%2Fwww.facebook.com%2Fhidvegibalogh.attila%2Fvideos%2F240066931622431%2F&amp;show_text=0&amp;width=476\" width=\"476\" height=\"476\" frameborder=\"0\" scrolling=\"no\" allowfullscreen=\"allowfullscreen\"><\/iframe><\/p>\n<p><span data-preserver-spaces=\"true\">Auf der Grundlage des ungarischen Rechtsrahmens kann jede der 13 anerkannten ethnischen Minderheiten einen Abgeordneten ins Parlament entsenden, sie k\u00f6nnen das gleiche Gehalt wie die gew\u00e4hlten Abgeordneten erhalten, Mitarbeiter einstellen, die ihre Arbeit unterst\u00fctzen, oder \u00fcberall im Land B\u00fcros mieten, sie haben jedoch kein Wahlrecht.&nbsp;<\/span><\/p>\n<p><span data-preserver-spaces=\"true\">Andererseits k\u00f6nnen alle 13 ethnischen Minderheiten einen Abgeordneten ins ungarische Parlament entsenden, sofern ihre Liste mindestens 0,27 pc der auf Parteilisten insgesamt abgegebenen Stimmzettelzahl erh\u00e4lt 2018 waren es 23.829 Stimmen, und nur die deutsche Liste erreichte sie. <\/span><\/p>\n<blockquote>\n<p><span data-preserver-spaces=\"true\">Daher wurde Imre Ritter Abgeordneter der in Ungarn lebenden deutschen Minderheit.<\/span><\/p>\n<\/blockquote>\n<p><span data-preserver-spaces=\"true\"> Die ungarischen Roma bekamen nur 5.703, sodass sie nur einen Roma-Vertreter ins Parlament schicken konnten.<\/span><\/p>\n<ul>\n<li>Weiterlesen: <a href=\"https:\/\/dailynewshungary.com\/de\/regierung-programme-zur-integration-der-roma-in-ungarn-waren-erfolgreich\/\">Regierung: Roma-Integrationsprogramme in Ungarn waren erfolgreich<\/a><\/li>\n<\/ul>\n<p><span data-preserver-spaces=\"true\">Am 31. Januar hielt die Selbstverwaltung der ungarischen Roma-Gemeinschaft eine Sitzung ab. Die Delegierten konnten sich jedoch nicht auf die Regeln einigen, wie sie ihre Minderheitenliste zusammenstellen m\u00f6chten (Verkehrsliste <\/span><a class=\"editor-rtfLink\" href=\"https:\/\/hvg.hu\/itthon\/20220201_oro_orszagos_roma_onkormanyzat_jeloltallitas_botrany?s=hk\" target=\"_blank\" rel=\"noopener\"><span data-preserver-spaces=\"true\">hvg.hu<\/span><\/a><span data-preserver-spaces=\"true\">&nbsp;Berichtet. Die Liste muss auf Grund des Gesetzes mindestens drei Namen enthalten, der erste wird bei gen\u00fcgend Stimmen Vertreter und sogar Abgeordneter werden Allerdings <\/span><\/p>\n<blockquote>\n<p><span data-preserver-spaces=\"true\">Wenn es keine Namen gibt, kann es keine Liste geben, also wird es keinen Vertreter im Parlament geben.<\/span><\/p>\n<\/blockquote>\n<p><a class=\"editor-rtfLink\" href=\"https:\/\/nepszava.hu\/3145018_oro-agocs-kozgyules-mandatum\" target=\"_blank\" rel=\"noopener\"><span data-preserver-spaces=\"true\">Nepszawa<\/span><\/a><span data-preserver-spaces=\"true\"> Sagte, dass die Vollversammlung der ungarischen Roma-Selbstverwaltung im vergangenen November J\u00e1nos Ag\u00f3cs anstelle von F\u00e9lix Farkas auf die Spitze ihrer Liste gesetzt habeLungo Drom, eine regierungsnahe Roma-Organisation, griff diese Entscheidung jedoch anDas Budapester Gericht lehnte den Antrag ab, aber das Verfassungsgericht akzeptierte ihn und hob die Entscheidung vom November auf. Deshalb musste die Organisation die Wahl wiederholen, was am 31. Januar geschehen w\u00e4re.<\/span><\/p>\n<p><span data-preserver-spaces=\"true\">Sie konnten sich jedoch nicht einigen, so dass die ungarischen Roma in der n\u00e4chsten Parlamentssitzung keinen Vertreter haben werden Deshalb plant die F\u00fchrung der Roma-Selbstverwaltung, die Aufl\u00f6sung des Gremiums vorzuschlagen.<\/span><\/p>\n","protected":false},"excerpt":{"rendered":"<p>Niemand wei\u00df, wie viele Roma derzeit in Ungarn leben Offizielle Volksz\u00e4hlungen zeigen, dass 310 Tausend Roma im Land leben, aber es ist kaum zu glauben Viele identifizieren sich nicht als Roma, da sie Ungarisch sprechen und kulturell zur ungarischen Mehrheit geh\u00f6ren, tiefgreifende Berechnungen und soziografische Analysen sch\u00e4tzen, dass mindestens 850-900 Tausend Roma in Ungarn leben, [&hellip;]<\/p>\n","protected":false},"author":18,"featured_media":691798,"comment_status":"open","ping_status":"open","sticky":false,"template":"","format":"standard","meta":{"_acf_changed":false,"_display_image":"","footnotes":""},"categories":[1098],"tags":[2074,2125,1076],"class_list":["post-691797","post","type-post","status-publish","format-standard","has-post-thumbnail","hentry","category-gesellschaft","tag-roma","tag-ungarische-parlamentswahl-2022","tag-ungarn"],"blocksy_meta":[],"acf":[],"author_username":"johnwoods","telegram_post":"","public_post_metadata":{"breaking_news":"yes","important":"no","csempe":"no","center_tile":"no","disable_thumbnail":"no","target_lang":"","_featured_image_style":"","telegram_post":"","_xlat_group_id":""},"public_rank_math_data":{"title":"%title% %sep% %sitename%","description":"","focus_keyword":"","canonical_url":"","robots":"","primary_category":"1098","breadcrumb_title":"","facebook_title":"","facebook_description":"","facebook_image":"","facebook_image_id":"","twitter_title":"","twitter_description":"","twitter_image":"","twitter_image_id":"","twitter_card_type":"","twitter_use_facebook":"","advanced_robots":"","pillar_content":"","seo_score":"","contentai_score":"","rich_snippet":""},"_links":{"self":[{"href":"https:\/\/dailynewshungary.com\/de\/wp-json\/wp\/v2\/posts\/691797","targetHints":{"allow":["GET"]}}],"collection":[{"href":"https:\/\/dailynewshungary.com\/de\/wp-json\/wp\/v2\/posts"}],"about":[{"href":"https:\/\/dailynewshungary.com\/de\/wp-json\/wp\/v2\/types\/post"}],"author":[{"embeddable":true,"href":"https:\/\/dailynewshungary.com\/de\/wp-json\/wp\/v2\/users\/18"}],"replies":[{"embeddable":true,"href":"https:\/\/dailynewshungary.com\/de\/wp-json\/wp\/v2\/comments?post=691797"}],"version-history":[{"count":0,"href":"https:\/\/dailynewshungary.com\/de\/wp-json\/wp\/v2\/posts\/691797\/revisions"}],"wp:featuredmedia":[{"embeddable":true,"href":"https:\/\/dailynewshungary.com\/de\/wp-json\/wp\/v2\/media\/691798"}],"wp:attachment":[{"href":"https:\/\/dailynewshungary.com\/de\/wp-json\/wp\/v2\/media?parent=691797"}],"wp:term":[{"taxonomy":"category","embeddable":true,"href":"https:\/\/dailynewshungary.com\/de\/wp-json\/wp\/v2\/categories?post=691797"},{"taxonomy":"post_tag","embeddable":true,"href":"https:\/\/dailynewshungary.com\/de\/wp-json\/wp\/v2\/tags?post=691797"}],"curies":[{"name":"wp","href":"https:\/\/api.w.org\/{rel}","templated":true}]}}