{"id":692267,"date":"2022-01-19T14:45:00","date_gmt":"2022-01-19T13:45:00","guid":{"rendered":"https:\/\/dailynewshungary.com\/de\/nahe-der-osterreichischen-grenze-endete-die-fahndung\/"},"modified":"2022-01-19T14:45:00","modified_gmt":"2022-01-19T13:45:00","slug":"nahe-der-osterreichischen-grenze-endete-die-fahndung","status":"publish","type":"post","link":"https:\/\/dailynewshungary.com\/de\/nahe-der-osterreichischen-grenze-endete-die-fahndung\/","title":{"rendered":"Nahe der \u00f6sterreichischen Grenze endete die Fahndung!"},"content":{"rendered":"<div class=\"leadNews\"><strong><span id=\"ctl00_ContentPlaceHolder1_ctrlNewsControl_lbLead\">Die ungarische Polizei nahm am Mittwochmorgen einen mutma\u00dflichen Menschenschmuggler, einen moldauischen Staatsb\u00fcrger, fest, der Anfang dieser Woche auf der Flucht vor einer Grenzkontrolle Sch\u00fcsse auf einen \u00f6sterreichischen Polizisten abgefeuert hatte, teilte die Polizei auf ihrer Website mit.<\/span><\/strong><\/div>\n<div>&nbsp;<\/div>\n<div class=\"leadNews\"><span id=\"ctl00_ContentPlaceHolder1_ctrlNewsControl_lbBody\">Der 25-j\u00e4hrige Mann sei einer der drei Passagiere gewesen, die in einem ungarischen zugelassenen Auto unterwegs gewesen seien, das in K\u00f6rmend nahe der \u00f6sterreichischen Grenze angehalten worden sei, teilte die Polizei in einer Erkl\u00e4rung mit.<\/span><\/div>\n<div>&nbsp;<\/div>\n<div class=\"leadNews\"><span id=\"ctl00_ContentPlaceHolder1_ctrlNewsControl_lbBody\">Von \u00f6sterreichischen Beh\u00f6rden benachrichtigt, startete die ungarische Polizei und Anti-Terror-Truppe des Komitats Vas (TEK) am Dienstagmorgen in der Gegend von Szentpeterfa nahe der Grenze, wo sich der Mann vermutlich versteckt hatte, nachdem er vor \u00f6sterreichischen Grenzschutzbeamten geflohen war, eine Fahndung nach dem Verd\u00e4chtigen Der Moldauer wird verd\u00e4chtigt, versucht zu haben, eine Gruppe illegaler Migranten nach \u00d6sterreich zu schmuggeln.<\/span><\/div>\n<div>&nbsp;<\/div>\n<ul>\n<li>Lesen Sie auch:&nbsp;<a href=\"https:\/\/dailynewshungary.com\/de\/auf-die-polizei-an-der-ungarisch-osterreichischen-grenze-geschossener-menschenschmuggler\/\">Auf die Polizei an der ungarisch-\u00f6sterreichischen Grenze wurde ein Menschenschmuggler geschossen!<\/a><\/li>\n<\/ul>\n<div>&nbsp;<\/div>\n<div class=\"leadNews\"><span id=\"ctl00_ContentPlaceHolder1_ctrlNewsControl_lbBody\">\u00d6sterreichischen Presseberichten zufolge sollen<\/span><\/div>\n<div>&nbsp;<\/div>\n<blockquote>\n<div class=\"leadNews\"><span id=\"ctl00_ContentPlaceHolder1_ctrlNewsControl_lbBody\"> Der Moldauer schoss in der N\u00e4he des Grenz\u00fcbergangs Eberau auf die \u00f6sterreichische Polizei.<\/span><\/div>\n<\/blockquote>\n<div>&nbsp;<\/div>\n<div>Ausgew\u00e4hltes Bild: Illustration<\/div>\n","protected":false},"excerpt":{"rendered":"<p>Die ungarische Polizei nahm am Mittwochmorgen einen mutma\u00dflichen Menschenschmuggler, einen moldauischen Staatsb\u00fcrger, fest, der Anfang dieser Woche auf der Flucht vor einer Grenzkontrolle Sch\u00fcsse auf einen \u00f6sterreichischen Polizisten abgefeuert hatte, teilte die Polizei auf ihrer Website mit. &nbsp; Der 25-j\u00e4hrige Mann sei einer der drei Passagiere gewesen, die in einem ungarischen zugelassenen Auto unterwegs gewesen [&hellip;]<\/p>\n","protected":false},"author":50,"featured_media":692268,"comment_status":"open","ping_status":"open","sticky":false,"template":"","format":"standard","meta":{"_acf_changed":false,"_display_image":"yes","footnotes":""},"categories":[1098],"tags":[1466,1445,1129,1163,1076],"class_list":["post-692267","post","type-post","status-publish","format-standard","has-post-thumbnail","hentry","category-gesellschaft","tag-hungrige-grenzkontrolle","tag-migration","tag-osterreich","tag-ungarische-polizei","tag-ungarn"],"blocksy_meta":[],"acf":[],"author_username":"dnh","telegram_post":"","public_post_metadata":{"breaking_news":"yes","important":"no","csempe":"no","center_tile":"no","disable_thumbnail":"no","target_lang":"","_featured_image_style":"hidden","telegram_post":"","_xlat_group_id":""},"public_rank_math_data":{"title":"%title% %sep% %sitename%","description":"","focus_keyword":"","canonical_url":"","robots":"","primary_category":"1098","breadcrumb_title":"","facebook_title":"","facebook_description":"","facebook_image":"","facebook_image_id":"","twitter_title":"","twitter_description":"","twitter_image":"","twitter_image_id":"","twitter_card_type":"","twitter_use_facebook":"","advanced_robots":"","pillar_content":"","seo_score":"","contentai_score":"","rich_snippet":""},"_links":{"self":[{"href":"https:\/\/dailynewshungary.com\/de\/wp-json\/wp\/v2\/posts\/692267","targetHints":{"allow":["GET"]}}],"collection":[{"href":"https:\/\/dailynewshungary.com\/de\/wp-json\/wp\/v2\/posts"}],"about":[{"href":"https:\/\/dailynewshungary.com\/de\/wp-json\/wp\/v2\/types\/post"}],"author":[{"embeddable":true,"href":"https:\/\/dailynewshungary.com\/de\/wp-json\/wp\/v2\/users\/50"}],"replies":[{"embeddable":true,"href":"https:\/\/dailynewshungary.com\/de\/wp-json\/wp\/v2\/comments?post=692267"}],"version-history":[{"count":0,"href":"https:\/\/dailynewshungary.com\/de\/wp-json\/wp\/v2\/posts\/692267\/revisions"}],"wp:featuredmedia":[{"embeddable":true,"href":"https:\/\/dailynewshungary.com\/de\/wp-json\/wp\/v2\/media\/692268"}],"wp:attachment":[{"href":"https:\/\/dailynewshungary.com\/de\/wp-json\/wp\/v2\/media?parent=692267"}],"wp:term":[{"taxonomy":"category","embeddable":true,"href":"https:\/\/dailynewshungary.com\/de\/wp-json\/wp\/v2\/categories?post=692267"},{"taxonomy":"post_tag","embeddable":true,"href":"https:\/\/dailynewshungary.com\/de\/wp-json\/wp\/v2\/tags?post=692267"}],"curies":[{"name":"wp","href":"https:\/\/api.w.org\/{rel}","templated":true}]}}