{"id":695785,"date":"2021-12-15T09:15:00","date_gmt":"2021-12-15T08:15:00","guid":{"rendered":"https:\/\/dailynewshungary.com\/de\/orban-nennt-freiheit-patriotismus-die-hauptsaulen-ungarns\/"},"modified":"2021-12-15T09:15:00","modified_gmt":"2021-12-15T08:15:00","slug":"orban-nennt-freiheit-patriotismus-die-hauptsaulen-ungarns","status":"publish","type":"post","link":"https:\/\/dailynewshungary.com\/de\/orban-nennt-freiheit-patriotismus-die-hauptsaulen-ungarns\/","title":{"rendered":"Orb\u00e1n nennt Freiheit, Patriotismus die Haupts\u00e4ulen Ungarns"},"content":{"rendered":"<p><strong>Freiheit und Patriotismus sind die beiden gro\u00dfen Traditionen der ungarischen Politik, die \u201czwei Haupts\u00e4ulen des tausendj\u00e4hrigen Ungarns, die durch den Strahl der Treue verbunden sind\u201d, sagte Ministerpr\u00e4sident Viktor Orb\u00e1n in Sopron und markierte damit das Referendum, das die Stadt vor hundert Jahren innerhalb der Grenzen Ungarns hielt.<\/strong><\/p>\n<blockquote>\n<p>Unter dem Friedensvertrag von Trianon nach dem WWI wurde das an die Grenze zu \u00d6sterreich angrenzende Sopron an dieses Land abgetreten, die Anwohner hatten jedoch am 14. Dezember 1921 Gelegenheit, die Entscheidung, die die Stadt und das Umland betraf, r\u00fcckg\u00e4ngig zu machen Sie stimmten f\u00fcr den Verbleib bei Ungarn und Sopron hei\u00dft seitdem Civitas Fidelissima, die treueste Stadt.<\/p>\n<\/blockquote>\n<p>Jahrestag bat der Ministerpr\u00e4sident Sopron, \u201cdie Stadt der Treue zu bleiben, eine Stadt, die unsere Heimat mit Freiheit verbindet, und damit Ungarn so fest zu machen, dass wir, die Ungarn, uns darin wohlf\u00fchlen k\u00f6nnen\u201d.<\/p>\n<ul>\n<li>Lesen Sie auch: <a href=\"https:\/\/dailynewshungary.com\/de\/100-jahrestag-heute-die-einwohner-von-sopron-stimmten-dafur-teil-ungarns-zu-bleiben\/\">100. Jahrestag heute: Die Einwohner von Sopron stimmten daf\u00fcr, Teil Ungarns zu bleiben<\/a><\/li>\n<\/ul>\n<p>Nach dem Friedensvertrag von Trianon \u201ewar Ungarn scheinbar tot\u201cund hier, in Sopron, begann sein Herz erneut zu schlagen. \u201eUnd es pocht jetzt schneller und st\u00e4rker als je zuvor in den letzten hundert Jahren\u201d, sagte Orb\u00e1n. Der Premierminister sagte, dass Ungarn f\u00fcr den Ersten Weltkrieg mehr bezahlen m\u00fcsse als jeder andere, \u201eauch wenn es diesen Krieg nicht gewollt und initiiert h\u00e4tte. \u201eSie [die Siegermacht] wollten uns sogar daf\u00fcr bestrafen, dass wir Ungarn sind und bleiben wollen\u201cund<\/p>\n<blockquote>\n<p>Millionen Ungarn zwingen wollte, ihre Vergangenheit, ihre Nation und ihre Kultur zu vergessen\u201d<\/p>\n<\/blockquote>\n<p>Er sagte.&nbsp;&nbsp;&nbsp;&nbsp;<\/p>\n<p>\u201cUngarn hat jedoch \u00fcberlebt, was als t\u00f6dlicher Stich gedacht war. und angedeutet, dass es sich erholen w\u00fcrde. Und es waren nicht Geld, Macht, externe Unterst\u00fctzung oder Waffen, die es erm\u00f6glichten zu \u00fcberleben, sondern die St\u00e4rke der Patrioten, die die treueste Stadt der Nation geliehen hat\u201d, sagte Orb\u00e1n. Der Premierminister sagte, die Situation heute sei auch schwierig und f\u00fcgte hinzu, dass \u201cwir das beruhigende Beispiel der Soproner brauchen\u201d. Er sagte, dass in \u201cunserer Nachbarschaft\u201d ein Krieg drohte, Millionen auf dem Weg seien, von einem Kontinent zum anderen abzuwandern, Epidemien fordern Millionen von Menschenleben und mehrere L\u00e4nder leiden unter einer Energiekrise.<\/p>\n<p>Es gibt wieder die \u201cwer,<\/p>\n<p>&nbsp;<\/p>\n<blockquote>\n<p>Sie missbrauchen ihre Macht und wollen uns sagen, wer wir sein sollten und mit wem und wie wir zusammenleben sollten\u201d<\/p>\n<\/blockquote>\n<p>Orb\u00e1n sagte \u201eSie wollen, dass wir unsere tausendj\u00e4hrige Geschichte und unsere Kultur vergessen und uns von unseren christlichen Wurzeln abschneiden.\u201cSie wollen, dass wir unsere Identit\u00e4t aufgeben und jemand anderes werden, um wie alle anderen zu sein\u201d, sagte Orban.<\/p>\n<blockquote>\n<p>Ungarn bereitet sich erneut auf ein nationales Referendum vor<\/p>\n<\/blockquote>\n<p>\u201cWir wollen erneut Nein zu ausl\u00e4ndischen Pl\u00e4nen sagen, die Ungarns Zukunft bedrohen\u201d, sagte Orban und f\u00fcgte hinzu, dass \u201cwir unsere Kinder gegen die LGBTQ-Propaganda genauso sch\u00fctzen wollen, wie wir ungarische Familien vor Migranten gesch\u00fctzt haben\u201d Orb\u00e1n sagte, dass in seinem j\u00fcngsten Urteil das Verfassungsgericht erkl\u00e4rte, dass \u201cwir das Recht haben, Nein zu Br\u00fcssels Menschenversuchen zu sagen, wir haben das Recht, Ungarn zu verteidigen, die Zukunft Ungarns zu sichern\u201d.<\/p>\n<p>Orb\u00e1n sagte, seine Regierung habe in den letzten zehn Jahren alle Ungarn vereint, allen, die arbeiten wollten, Arbeitspl\u00e4tze gegeben, Familien gest\u00e4rkt, die Versorgungspreise der Haushalte gesenkt und das Land vor illegalen Einwanderern gesch\u00fctzt.<\/p>\n<p>Als er \u00fcber die Zukunftsaussichten der Ungarn sprach, verwies er auf die Abschaffung der Einkommensteuer f\u00fcr Jugendliche, eine Steuerr\u00fcckerstattung f\u00fcr Familien, eine weitere Erh\u00f6hung der Mindestl\u00f6hne und die Wiedereinf\u00fchrung einer 13. Monatsrente. Orb\u00e1n wies au\u00dferdem auf eine gro\u00df angelegte milit\u00e4rische Modernisierung sowie den Ausbau der Schienen- und Stra\u00dfeninfrastruktur im gesamten Karpatenbecken hin.<\/p>\n<blockquote>\n<p>\u201cDas Beste f\u00fcr Ungarn ist, vorw\u00e4rts zu gehen und nicht r\u00fcckw\u00e4rts, das schlagen wir vor\u201d, sagte er.<\/p>\n<\/blockquote>\n","protected":false},"excerpt":{"rendered":"<p>Freiheit und Patriotismus sind die beiden gro\u00dfen Traditionen der ungarischen Politik, die \u201czwei Haupts\u00e4ulen des tausendj\u00e4hrigen Ungarns, die durch den Strahl der Treue verbunden sind\u201d, sagte Ministerpr\u00e4sident Viktor Orb\u00e1n in Sopron und markierte damit das Referendum, das die Stadt vor hundert Jahren innerhalb der Grenzen Ungarns hielt. Unter dem Friedensvertrag von Trianon nach dem WWI [&hellip;]<\/p>\n","protected":false},"author":50,"featured_media":695786,"comment_status":"open","ping_status":"open","sticky":false,"template":"","format":"standard","meta":{"_acf_changed":false,"_display_image":"","footnotes":""},"categories":[1081],"tags":[1125,1126,1652,1128],"class_list":["post-695785","post","type-post","status-publish","format-standard","has-post-thumbnail","hentry","category-politik","tag-geschichte","tag-ungarische-geschichte","tag-vertrag-von-trianon","tag-viktor-orban"],"blocksy_meta":[],"acf":[],"author_username":"dnh","telegram_post":"","public_post_metadata":{"breaking_news":"","important":"","csempe":"","center_tile":"","disable_thumbnail":"","target_lang":"","_featured_image_style":"","telegram_post":"","_xlat_group_id":""},"public_rank_math_data":{"title":"%title% %sep% %sitename%","description":"","focus_keyword":"","canonical_url":"","robots":"","primary_category":"1081","breadcrumb_title":"","facebook_title":"","facebook_description":"","facebook_image":"","facebook_image_id":"","twitter_title":"","twitter_description":"","twitter_image":"","twitter_image_id":"","twitter_card_type":"","twitter_use_facebook":"","advanced_robots":"","pillar_content":"","seo_score":"","contentai_score":"","rich_snippet":""},"_links":{"self":[{"href":"https:\/\/dailynewshungary.com\/de\/wp-json\/wp\/v2\/posts\/695785","targetHints":{"allow":["GET"]}}],"collection":[{"href":"https:\/\/dailynewshungary.com\/de\/wp-json\/wp\/v2\/posts"}],"about":[{"href":"https:\/\/dailynewshungary.com\/de\/wp-json\/wp\/v2\/types\/post"}],"author":[{"embeddable":true,"href":"https:\/\/dailynewshungary.com\/de\/wp-json\/wp\/v2\/users\/50"}],"replies":[{"embeddable":true,"href":"https:\/\/dailynewshungary.com\/de\/wp-json\/wp\/v2\/comments?post=695785"}],"version-history":[{"count":0,"href":"https:\/\/dailynewshungary.com\/de\/wp-json\/wp\/v2\/posts\/695785\/revisions"}],"wp:featuredmedia":[{"embeddable":true,"href":"https:\/\/dailynewshungary.com\/de\/wp-json\/wp\/v2\/media\/695786"}],"wp:attachment":[{"href":"https:\/\/dailynewshungary.com\/de\/wp-json\/wp\/v2\/media?parent=695785"}],"wp:term":[{"taxonomy":"category","embeddable":true,"href":"https:\/\/dailynewshungary.com\/de\/wp-json\/wp\/v2\/categories?post=695785"},{"taxonomy":"post_tag","embeddable":true,"href":"https:\/\/dailynewshungary.com\/de\/wp-json\/wp\/v2\/tags?post=695785"}],"curies":[{"name":"wp","href":"https:\/\/api.w.org\/{rel}","templated":true}]}}