{"id":696473,"date":"2021-11-26T13:30:00","date_gmt":"2021-11-26T12:30:00","guid":{"rendered":"https:\/\/dailynewshungary.com\/de\/flugverkehr-wegen-supervariante-zum-stehen\/"},"modified":"2021-11-26T13:30:00","modified_gmt":"2021-11-26T12:30:00","slug":"flugverkehr-wegen-supervariante-zum-stehen","status":"publish","type":"post","link":"https:\/\/dailynewshungary.com\/de\/flugverkehr-wegen-supervariante-zum-stehen\/","title":{"rendered":"Flugverkehr wegen Supervariante zum Stehen?"},"content":{"rendered":"<p><strong><span data-preserver-spaces=\"true\">In S\u00fcdafrika wurde eine neue, sogenannte Supervariante des Coronavirus identifiziert Daher m\u00f6chte Ursula von der Leyen, Pr\u00e4sidentin der Europ\u00e4ischen Kommission, den Flugverkehr aus der s\u00fcdafrikanischen Region einstellen.&nbsp;<\/span><\/strong><\/p>\n<p><span data-preserver-spaces=\"true\">Die britische und die israelische Regierung haben im Falle s\u00fcdafrikanischer L\u00e4nder wie Botswana, Lesotho oder Namibia bereits zuvor Reisebeschr\u00e4nkungen umgesetzt, \u00fcber eine neue, B.1.1.529-Variante berichteten die Beh\u00f6rden der Republik S\u00fcdafrika am DonnerstagDie neue Variante mit mehr als 30 Mutationen gab Anlass zur Sorge, da sie sich der Immunreaktion des K\u00f6rpers leichter entziehen kann Dar\u00fcber hinaus verbreitet sie sich schneller als die anderer Varianten.<\/span><\/p>\n<p style=\"text-align: center;\"><a href=\"https:\/\/dailynewshungary.com\/de\/breaking-ungarn-beginnt-mit-der-impfung-von-kindern-im-alter-von-5-11-jahren\/\">Breaking \u2013 Ungarn beginnt mit der Impfung von Kindern im Alter von 5-11 Jahren!<\/a><\/p>\n<p><span id=\"ctl00_ContentPlaceHolder1_ctrlNewsControl_lbLead\">Insgesamt starben in den letzten 24 Stunden 162 Patienten an einer Covid-bedingten Krankheit, w\u00e4hrend 11.871 neue Coronavirus-Infektionen registriert wurden, sagte koronavirus.gov.hu am Freitag. S<\/span><span id=\"ctl00_ContentPlaceHolder1_ctrlNewsControl_lbBody\">Bisher haben 6.087.474 Menschen eine erste Impfung erhalten, w\u00e4hrend 5.823.818 vollst\u00e4ndig geimpft sind. Insgesamt haben 2.269.551 Ungarn eine Auffrischimpfung erhalten.<\/p>\n<p>Die Zahl der aktiven Infektionen liegt bei 172.488, w\u00e4hrend Krankenh\u00e4user 6.913 Covid-19-Patienten behandeln, von denen 695 Atemhilfe ben\u00f6tigen Seit dem ersten Ausbruch wurden 1.068.888 Infektionen registriert, w\u00e4hrend die Zahl der Todesopfer auf 33.866 gestiegen ist, bei insgesamt 862.534 Menschen hat sich erholt.<\/span><\/p>\n","protected":false},"excerpt":{"rendered":"<p>In S\u00fcdafrika wurde eine neue, sogenannte Supervariante des Coronavirus identifiziert Daher m\u00f6chte Ursula von der Leyen, Pr\u00e4sidentin der Europ\u00e4ischen Kommission, den Flugverkehr aus der s\u00fcdafrikanischen Region einstellen.&nbsp; Die britische und die israelische Regierung haben im Falle s\u00fcdafrikanischer L\u00e4nder wie Botswana, Lesotho oder Namibia bereits zuvor Reisebeschr\u00e4nkungen umgesetzt, \u00fcber eine neue, B.1.1.529-Variante berichteten die Beh\u00f6rden der [&hellip;]<\/p>\n","protected":false},"author":18,"featured_media":696474,"comment_status":"open","ping_status":"open","sticky":false,"template":"","format":"standard","meta":{"_acf_changed":false,"_display_image":"","footnotes":""},"categories":[1281],"tags":[1155,1778,1082,1076],"class_list":["post-696473","post","type-post","status-publish","format-standard","has-post-thumbnail","hentry","category-geschaft","tag-afrika","tag-coronavirus-in-ungarn","tag-europaische-union","tag-ungarn"],"blocksy_meta":[],"acf":[],"author_username":"johnwoods","telegram_post":"","public_post_metadata":{"breaking_news":"","important":"","csempe":"","center_tile":"","disable_thumbnail":"","target_lang":"","_featured_image_style":"","telegram_post":"","_xlat_group_id":""},"public_rank_math_data":{"title":"%title% %sep% %sitename%","description":"Ursula von der Leyen, Pr\u00e4sidentin der Europ\u00e4ischen Kommission, m\u00f6chte den Flugverkehr aus der s\u00fcdafrikanischen Region stoppen.&nbsp;","focus_keyword":"Verkehr","canonical_url":"","robots":"","primary_category":"1281","breadcrumb_title":"","facebook_title":"","facebook_description":"","facebook_image":"","facebook_image_id":"","twitter_title":"","twitter_description":"","twitter_image":"","twitter_image_id":"","twitter_card_type":"","twitter_use_facebook":"","advanced_robots":"","pillar_content":"","seo_score":"66","contentai_score":"","rich_snippet":""},"_links":{"self":[{"href":"https:\/\/dailynewshungary.com\/de\/wp-json\/wp\/v2\/posts\/696473","targetHints":{"allow":["GET"]}}],"collection":[{"href":"https:\/\/dailynewshungary.com\/de\/wp-json\/wp\/v2\/posts"}],"about":[{"href":"https:\/\/dailynewshungary.com\/de\/wp-json\/wp\/v2\/types\/post"}],"author":[{"embeddable":true,"href":"https:\/\/dailynewshungary.com\/de\/wp-json\/wp\/v2\/users\/18"}],"replies":[{"embeddable":true,"href":"https:\/\/dailynewshungary.com\/de\/wp-json\/wp\/v2\/comments?post=696473"}],"version-history":[{"count":0,"href":"https:\/\/dailynewshungary.com\/de\/wp-json\/wp\/v2\/posts\/696473\/revisions"}],"wp:featuredmedia":[{"embeddable":true,"href":"https:\/\/dailynewshungary.com\/de\/wp-json\/wp\/v2\/media\/696474"}],"wp:attachment":[{"href":"https:\/\/dailynewshungary.com\/de\/wp-json\/wp\/v2\/media?parent=696473"}],"wp:term":[{"taxonomy":"category","embeddable":true,"href":"https:\/\/dailynewshungary.com\/de\/wp-json\/wp\/v2\/categories?post=696473"},{"taxonomy":"post_tag","embeddable":true,"href":"https:\/\/dailynewshungary.com\/de\/wp-json\/wp\/v2\/tags?post=696473"}],"curies":[{"name":"wp","href":"https:\/\/api.w.org\/{rel}","templated":true}]}}