{"id":697448,"date":"2021-10-24T18:00:00","date_gmt":"2021-10-24T16:00:00","guid":{"rendered":"https:\/\/dailynewshungary.com\/de\/oppositionskandidat-des-premierministers-wahl-2022-uber-die-freiheit-der-ungarischen-nation\/"},"modified":"2021-10-24T18:00:00","modified_gmt":"2021-10-24T16:00:00","slug":"oppositionskandidat-des-premierministers-wahl-2022-uber-die-freiheit-der-ungarischen-nation","status":"publish","type":"post","link":"https:\/\/dailynewshungary.com\/de\/oppositionskandidat-des-premierministers-wahl-2022-uber-die-freiheit-der-ungarischen-nation\/","title":{"rendered":"Oppositionskandidat des Premierministers: Wahl 2022 \u201e\u00fcber die Freiheit der ungarischen Nation\u2019"},"content":{"rendered":"<p><strong>P\u00e9ter M\u00e1rki-Zay, der Premierministerkandidat der Opposition, wandte sich am Samstag bei einer Gedenkfeier zur Revolution von 1956 in Budapest an die Anh\u00e4nger und sagte, die Botschaft des Zusammenschlusses, die vor 65 Jahren im Aufstand verankert war, sei auch heute noch aktuell, und die Parlamentswahlen im n\u00e4chsten Jahr w\u00fcrden \u201e\u201csein. kolossaler Kampf\u201d.<\/strong><\/p>\n<p>M\u00e1rki-Zay sagte, der Kampf sei um \u201cdie Freiheit der ungarischen Nation\u201d \u201cGemeinsam f\u00fcr ein freies Ungarn!\u201d, erkl\u00e4rte er.<\/p>\n<p>Er forderte, der regierenden Fidesz-Partei im kommenden Fr\u00fchjahr die parlamentarische Mehrheit zu verweigern.<\/p>\n<blockquote>\n<p>\u201cMit totaler nationaler Einheit k\u00f6nnen wir jetzt demonstrieren, dass wir die Mehrheit sind\u201d, sagte er und f\u00fcgte hinzu, dass die derzeitigen Machthaber \u201cmoralisch inakzeptabel\u201d seien.<\/p>\n<\/blockquote>\n<p style=\"text-align: left;\">M\u00e1rki-Zay, der auch B\u00fcrgermeister von H\u00f3dmez.v\u00e1rhely ist, sagte, der aktuelle Kampf der Opposition sollte von der Jugend des Jahres 1956 inspiriert sein, \u201eaber er sollte auch friedlich und nicht bewaffnet sein\u201c\u201d.<\/p>\n<figure id=\"attachment_433400\" aria-describedby=\"caption-attachment-433400\" style=\"width: 550px\" class=\"wp-caption aligncenter\"><a href=\"https:\/\/contentf5.dailynewshungary.com\/wp-content\/uploads\/2021\/10\/Peter-Marki-Zay-Prime-Ministerial-Candidate-of-the-Joint-Hungarian-Opposition-for-2022-4.jpg\" data-pswp-width=\"1280\" data-pswp-height=\"1708\" data-cropped=\"true\"><img loading=\"lazy\" decoding=\"async\" class=\"wp-image-433400\" src=\"https:\/\/contentf5.dailynewshungary.com\/wp-content\/uploads\/2021\/10\/Peter-Marki-Zay-Prime-Ministerial-Candidate-of-the-Joint-Hungarian-Opposition-for-2022-4.jpg\" alt=\"P\u00e9ter M\u00e1rki-Zay Ministerpr\u00e4sidentkandidat der Gemeinsamen Ungarischen Opposition f\u00fcr 2022\" width=\"550\" height=\"734\" srcset=\"https:\/\/contentf5.dailynewshungary.com\/wp-content\/uploads\/2021\/10\/Peter-Marki-Zay-Prime-Ministerial-Candidate-of-the-Joint-Hungarian-Opposition-for-2022-4.jpg 1280w, https:\/\/contentf5.dailynewshungary.com\/wp-content\/uploads\/2021\/10\/Peter-Marki-Zay-Prime-Ministerial-Candidate-of-the-Joint-Hungarian-Opposition-for-2022-4-768x1025.jpg 768w, https:\/\/contentf5.dailynewshungary.com\/wp-content\/uploads\/2021\/10\/Peter-Marki-Zay-Prime-Ministerial-Candidate-of-the-Joint-Hungarian-Opposition-for-2022-4-1151x1536.jpg 1151w, https:\/\/contentf5.dailynewshungary.com\/wp-content\/uploads\/2021\/10\/Peter-Marki-Zay-Prime-Ministerial-Candidate-of-the-Joint-Hungarian-Opposition-for-2022-4-350x467.jpg 350w, https:\/\/contentf5.dailynewshungary.com\/wp-content\/uploads\/2021\/10\/Peter-Marki-Zay-Prime-Ministerial-Candidate-of-the-Joint-Hungarian-Opposition-for-2022-4-248x331.jpg 248w, https:\/\/contentf5.dailynewshungary.com\/wp-content\/uploads\/2021\/10\/Peter-Marki-Zay-Prime-Ministerial-Candidate-of-the-Joint-Hungarian-Opposition-for-2022-4-1030x1374.jpg 1030w, https:\/\/contentf5.dailynewshungary.com\/wp-content\/uploads\/2021\/10\/Peter-Marki-Zay-Prime-Ministerial-Candidate-of-the-Joint-Hungarian-Opposition-for-2022-4-109x146.jpg 109w, https:\/\/contentf5.dailynewshungary.com\/wp-content\/uploads\/2021\/10\/Peter-Marki-Zay-Prime-Ministerial-Candidate-of-the-Joint-Hungarian-Opposition-for-2022-4-37x50.jpg 37w, https:\/\/contentf5.dailynewshungary.com\/wp-content\/uploads\/2021\/10\/Peter-Marki-Zay-Prime-Ministerial-Candidate-of-the-Joint-Hungarian-Opposition-for-2022-4-56x75.jpg 56w\" sizes=\"auto, (max-width: 550px) 100vw, 550px\"><\/a><figcaption id=\"caption-attachment-433400\" class=\"wp-caption-text\">Gemeinsame Gedenkveranstaltung der Opposition am 23. Oktober<br \/>Foto: MTI\/Szigetv\u00e1ry Zsolt<\/figcaption><\/figure>\n<blockquote>\n<p>\u201cWir k\u00e4mpfen f\u00fcr ein Land der Liebe\u201d, sagte er und f\u00fcgte hinzu, dass daf\u00fcr jeder einzelne Ungar gebraucht werde.<\/p>\n<\/blockquote>\n<p style=\"text-align: center;\"><a href=\"https:\/\/dailynewshungary.com\/de\/gyurcsany-gemeinsam-laufende-oppositionsparteien-sind-weitaus-wichtiger-als-dk\/\"><strong>Gyurcs\u00e1ny: Gemeinsam laufende Oppositionsparteien sind weitaus wichtiger als DK<\/strong><\/a><\/p>\n<p>Auf der gemeinsamen Veranstaltung der Oppositionsparteien Ungarns sagte M\u00e1rki-Zay, dass die Menschen heute genauso krank und m\u00fcde seien wie 1956. Sie h\u00e4tten die Nase voll, beharrte er auf dem \u201cParteistaat\u201d, dem \u201cR\u00fcckfall hinter den Westen\u201d und mit \u201cArmut, Einsch\u00fcchterung, politischer Vetternwirtschaft, zunehmendem russischen Einfluss und Hasskampagnen\u201d<\/p>\n<blockquote>\n<p>\u201cNur gemeinsam k\u00f6nnen wir gewinnen\u201d, sagte er und f\u00fcgte hinzu: \u201cGeh nach Ungarn! geh Ungarn!\u201d<\/p>\n<\/blockquote>\n<div id=\"gallery-1\" class=\"gallery galleryid-433389 gallery-columns-3 gallery-size-large\">\n<figure class=\"gallery-item\">\n<div class=\"gallery-icon landscape\">\n\t\t\t\t<a href=\"https:\/\/contentf5.dailynewshungary.com\/wp-content\/uploads\/2021\/10\/Peter-Marki-Zay-Prime-Ministerial-Candidate-of-the-Joint-Hungarian-Opposition-for-2022-1-.jpg\" data-pswp-width=\"1280\" data-pswp-height=\"686\" data-cropped=\"true\"><img loading=\"lazy\" decoding=\"async\" width=\"1280\" height=\"686\" src=\"https:\/\/contentf5.dailynewshungary.com\/wp-content\/uploads\/2021\/10\/Peter-Marki-Zay-Prime-Ministerial-Candidate-of-the-Joint-Hungarian-Opposition-for-2022-1-.jpg\" class=\"attachment-large size-large\" alt=\"P\u00e9ter M\u00e1rki-Zay Ministerpr\u00e4sidentkandidat der Gemeinsamen Ungarischen Opposition f\u00fcr 2022\" aria-describedby=\"gallery-1-433397\" srcset=\"https:\/\/contentf5.dailynewshungary.com\/wp-content\/uploads\/2021\/10\/Peter-Marki-Zay-Prime-Ministerial-Candidate-of-the-Joint-Hungarian-Opposition-for-2022-1-.jpg 1280w, https:\/\/contentf5.dailynewshungary.com\/wp-content\/uploads\/2021\/10\/Peter-Marki-Zay-Prime-Ministerial-Candidate-of-the-Joint-Hungarian-Opposition-for-2022-1--768x412.jpg 768w, https:\/\/contentf5.dailynewshungary.com\/wp-content\/uploads\/2021\/10\/Peter-Marki-Zay-Prime-Ministerial-Candidate-of-the-Joint-Hungarian-Opposition-for-2022-1--350x188.jpg 350w, https:\/\/contentf5.dailynewshungary.com\/wp-content\/uploads\/2021\/10\/Peter-Marki-Zay-Prime-Ministerial-Candidate-of-the-Joint-Hungarian-Opposition-for-2022-1--248x133.jpg 248w, https:\/\/contentf5.dailynewshungary.com\/wp-content\/uploads\/2021\/10\/Peter-Marki-Zay-Prime-Ministerial-Candidate-of-the-Joint-Hungarian-Opposition-for-2022-1--1030x552.jpg 1030w, https:\/\/contentf5.dailynewshungary.com\/wp-content\/uploads\/2021\/10\/Peter-Marki-Zay-Prime-Ministerial-Candidate-of-the-Joint-Hungarian-Opposition-for-2022-1--260x139.jpg 260w, https:\/\/contentf5.dailynewshungary.com\/wp-content\/uploads\/2021\/10\/Peter-Marki-Zay-Prime-Ministerial-Candidate-of-the-Joint-Hungarian-Opposition-for-2022-1--50x27.jpg 50w, https:\/\/contentf5.dailynewshungary.com\/wp-content\/uploads\/2021\/10\/Peter-Marki-Zay-Prime-Ministerial-Candidate-of-the-Joint-Hungarian-Opposition-for-2022-1--140x75.jpg 140w\" sizes=\"auto, (max-width: 1280px) 100vw, 1280px\"><\/a>\n\t\t\t<\/div><figcaption class=\"wp-caption-text gallery-caption\" id=\"gallery-1-433397\">\n\t\t\t\tGemeinsame Gedenkveranstaltung der Opposition am 23. Oktober Foto: MTI\/MTVA<br \/>\n\t\t\t\t<\/figcaption><\/figure>\n<figure class=\"gallery-item\">\n<div class=\"gallery-icon landscape\">\n\t\t\t\t<a href=\"https:\/\/contentf5.dailynewshungary.com\/wp-content\/uploads\/2021\/10\/Peter-Marki-Zay-Prime-Ministerial-Candidate-of-the-Joint-Hungarian-Opposition-for-2022-2.jpg\" data-pswp-width=\"1280\" data-pswp-height=\"853\" data-cropped=\"true\"><img loading=\"lazy\" decoding=\"async\" width=\"1280\" height=\"853\" src=\"https:\/\/contentf5.dailynewshungary.com\/wp-content\/uploads\/2021\/10\/Peter-Marki-Zay-Prime-Ministerial-Candidate-of-the-Joint-Hungarian-Opposition-for-2022-2.jpg\" class=\"attachment-large size-large\" alt=\"P\u00e9ter M\u00e1rki-Zay Ministerpr\u00e4sidentkandidat der Gemeinsamen Ungarischen Opposition f\u00fcr 2022\" aria-describedby=\"gallery-1-433398\" srcset=\"https:\/\/contentf5.dailynewshungary.com\/wp-content\/uploads\/2021\/10\/Peter-Marki-Zay-Prime-Ministerial-Candidate-of-the-Joint-Hungarian-Opposition-for-2022-2.jpg 1280w, https:\/\/contentf5.dailynewshungary.com\/wp-content\/uploads\/2021\/10\/Peter-Marki-Zay-Prime-Ministerial-Candidate-of-the-Joint-Hungarian-Opposition-for-2022-2-768x512.jpg 768w, https:\/\/contentf5.dailynewshungary.com\/wp-content\/uploads\/2021\/10\/Peter-Marki-Zay-Prime-Ministerial-Candidate-of-the-Joint-Hungarian-Opposition-for-2022-2-350x233.jpg 350w, https:\/\/contentf5.dailynewshungary.com\/wp-content\/uploads\/2021\/10\/Peter-Marki-Zay-Prime-Ministerial-Candidate-of-the-Joint-Hungarian-Opposition-for-2022-2-248x165.jpg 248w, https:\/\/contentf5.dailynewshungary.com\/wp-content\/uploads\/2021\/10\/Peter-Marki-Zay-Prime-Ministerial-Candidate-of-the-Joint-Hungarian-Opposition-for-2022-2-1030x686.jpg 1030w, https:\/\/contentf5.dailynewshungary.com\/wp-content\/uploads\/2021\/10\/Peter-Marki-Zay-Prime-Ministerial-Candidate-of-the-Joint-Hungarian-Opposition-for-2022-2-219x146.jpg 219w, https:\/\/contentf5.dailynewshungary.com\/wp-content\/uploads\/2021\/10\/Peter-Marki-Zay-Prime-Ministerial-Candidate-of-the-Joint-Hungarian-Opposition-for-2022-2-50x33.jpg 50w, https:\/\/contentf5.dailynewshungary.com\/wp-content\/uploads\/2021\/10\/Peter-Marki-Zay-Prime-Ministerial-Candidate-of-the-Joint-Hungarian-Opposition-for-2022-2-113x75.jpg 113w\" sizes=\"auto, (max-width: 1280px) 100vw, 1280px\"><\/a>\n\t\t\t<\/div><figcaption class=\"wp-caption-text gallery-caption\" id=\"gallery-1-433398\">\n\t\t\t\tGemeinsame Gedenkveranstaltung der Opposition am 23. Oktober Foto: MTI\/Szigetv\u00e1ry Zsolt<br \/>\n\t\t\t\t<\/figcaption><\/figure>\n<figure class=\"gallery-item\">\n<div class=\"gallery-icon landscape\">\n\t\t\t\t<a href=\"https:\/\/contentf5.dailynewshungary.com\/wp-content\/uploads\/2021\/10\/Peter-Marki-Zay-Prime-Ministerial-Candidate-of-the-Joint-Hungarian-Opposition-for-2022-3.jpg\" data-pswp-width=\"1280\" data-pswp-height=\"720\" data-cropped=\"true\"><img loading=\"lazy\" decoding=\"async\" width=\"1280\" height=\"720\" src=\"https:\/\/contentf5.dailynewshungary.com\/wp-content\/uploads\/2021\/10\/Peter-Marki-Zay-Prime-Ministerial-Candidate-of-the-Joint-Hungarian-Opposition-for-2022-3.jpg\" class=\"attachment-large size-large\" alt=\"P\u00e9ter M\u00e1rki-Zay Ministerpr\u00e4sidentkandidat der Gemeinsamen Ungarischen Opposition f\u00fcr 2022\" aria-describedby=\"gallery-1-433399\" srcset=\"https:\/\/contentf5.dailynewshungary.com\/wp-content\/uploads\/2021\/10\/Peter-Marki-Zay-Prime-Ministerial-Candidate-of-the-Joint-Hungarian-Opposition-for-2022-3.jpg 1280w, https:\/\/contentf5.dailynewshungary.com\/wp-content\/uploads\/2021\/10\/Peter-Marki-Zay-Prime-Ministerial-Candidate-of-the-Joint-Hungarian-Opposition-for-2022-3-768x432.jpg 768w, https:\/\/contentf5.dailynewshungary.com\/wp-content\/uploads\/2021\/10\/Peter-Marki-Zay-Prime-Ministerial-Candidate-of-the-Joint-Hungarian-Opposition-for-2022-3-350x197.jpg 350w, https:\/\/contentf5.dailynewshungary.com\/wp-content\/uploads\/2021\/10\/Peter-Marki-Zay-Prime-Ministerial-Candidate-of-the-Joint-Hungarian-Opposition-for-2022-3-248x140.jpg 248w, https:\/\/contentf5.dailynewshungary.com\/wp-content\/uploads\/2021\/10\/Peter-Marki-Zay-Prime-Ministerial-Candidate-of-the-Joint-Hungarian-Opposition-for-2022-3-1030x579.jpg 1030w, https:\/\/contentf5.dailynewshungary.com\/wp-content\/uploads\/2021\/10\/Peter-Marki-Zay-Prime-Ministerial-Candidate-of-the-Joint-Hungarian-Opposition-for-2022-3-260x146.jpg 260w, https:\/\/contentf5.dailynewshungary.com\/wp-content\/uploads\/2021\/10\/Peter-Marki-Zay-Prime-Ministerial-Candidate-of-the-Joint-Hungarian-Opposition-for-2022-3-50x28.jpg 50w, https:\/\/contentf5.dailynewshungary.com\/wp-content\/uploads\/2021\/10\/Peter-Marki-Zay-Prime-Ministerial-Candidate-of-the-Joint-Hungarian-Opposition-for-2022-3-133x75.jpg 133w\" sizes=\"auto, (max-width: 1280px) 100vw, 1280px\"><\/a>\n\t\t\t<\/div><figcaption class=\"wp-caption-text gallery-caption\" id=\"gallery-1-433399\">\n\t\t\t\tGemeinsame Gedenkveranstaltung der Opposition am 23. Oktober Foto: MTI\/Szigetv\u00e1ry Zsolt<br \/>\n\t\t\t\t<\/figcaption><\/figure>\n<\/p><\/div>\n<p>M\u00e1rki-Zay versprach, ein Referendum \u00fcber die Verabschiedung einer neuen Verfassung und einer unabh\u00e4ngigen Justiz abzuhalten, und er versprach, dass Ungarn der Europ\u00e4ischen Staatsanwaltschaft beitreten werde. Er versprach Pressefreiheit, die Autonomie der Kommunalverwaltung und ein neues Wahlgesetz Au\u00dferdem versprach er, dass Ungarn der einheitlichen W\u00e4hrung beitreten werde.<\/p>\n<p style=\"text-align: center;\"><a href=\"https:\/\/dailynewshungary.com\/de\/die-auslandischen-medien-griffen-die-ungarische-vorwahl-auf\/\"><strong>Die ausl\u00e4ndischen Medien griffen die ungarische Vorwahl auf<\/strong><\/a><\/p>\n<p>Der Ministerpr\u00e4sidentenkandidat versprach zudem, den Zaun Ungarns an der S\u00fcdgrenze intakt zu haltenAber, f\u00fcgte er hinzu, w\u00fcrden \u201cvon Fidesz importierte kriminelle Migranten\u201d des Landes verwiesen.<\/p>\n<p>Beamte, die von Migration und Gesch\u00e4ften zur Einfuhr des chinesischen Coronavirus-Impfstoffs \u201czum doppelten Marktpreis\u201d profitiert hatten, sowie ungenutzte Beatmungsger\u00e4te w\u00fcrden zur Rechenschaft gezogen, sagte er.<\/p>\n<blockquote>\n<p>M\u00e1rki-Zay sagte, Ungarn sei ein Ort, an dem Hautfarbe und Rasse keine Faktoren f\u00fcr die Chancen einer Person seien \u201eSelbst Fidesz-Politiker\u201csich frei \u00e4u\u00dfern k\u00f6nnten, ihre Homosexualit\u00e4t zu erkl\u00e4ren, f\u00fcgte er hinzu.<\/p>\n<\/blockquote>\n<div id=\"gallery-2\" class=\"gallery galleryid-433389 gallery-columns-3 gallery-size-large\">\n<figure class=\"gallery-item\">\n<div class=\"gallery-icon landscape\">\n\t\t\t\t<a href=\"https:\/\/contentf5.dailynewshungary.com\/wp-content\/uploads\/2021\/10\/Andras-Fekete-Gyor-of-the-Joint-Hungarian-Opposition-for-2022-.jpg\" data-pswp-width=\"1280\" data-pswp-height=\"957\" data-cropped=\"true\"><img loading=\"lazy\" decoding=\"async\" width=\"1280\" height=\"957\" src=\"https:\/\/contentf5.dailynewshungary.com\/wp-content\/uploads\/2021\/10\/Andras-Fekete-Gyor-of-the-Joint-Hungarian-Opposition-for-2022-.jpg\" class=\"attachment-large size-large\" alt=\"Andr\u00e1s Fekete-Gy r von der Gemeinsamen Ungarischen Opposition f\u00fcr 2022\" aria-describedby=\"gallery-2-433393\" srcset=\"https:\/\/contentf5.dailynewshungary.com\/wp-content\/uploads\/2021\/10\/Andras-Fekete-Gyor-of-the-Joint-Hungarian-Opposition-for-2022-.jpg 1280w, https:\/\/contentf5.dailynewshungary.com\/wp-content\/uploads\/2021\/10\/Andras-Fekete-Gyor-of-the-Joint-Hungarian-Opposition-for-2022--768x574.jpg 768w, https:\/\/contentf5.dailynewshungary.com\/wp-content\/uploads\/2021\/10\/Andras-Fekete-Gyor-of-the-Joint-Hungarian-Opposition-for-2022--350x262.jpg 350w, https:\/\/contentf5.dailynewshungary.com\/wp-content\/uploads\/2021\/10\/Andras-Fekete-Gyor-of-the-Joint-Hungarian-Opposition-for-2022--248x185.jpg 248w, https:\/\/contentf5.dailynewshungary.com\/wp-content\/uploads\/2021\/10\/Andras-Fekete-Gyor-of-the-Joint-Hungarian-Opposition-for-2022--1030x770.jpg 1030w, https:\/\/contentf5.dailynewshungary.com\/wp-content\/uploads\/2021\/10\/Andras-Fekete-Gyor-of-the-Joint-Hungarian-Opposition-for-2022--195x146.jpg 195w, https:\/\/contentf5.dailynewshungary.com\/wp-content\/uploads\/2021\/10\/Andras-Fekete-Gyor-of-the-Joint-Hungarian-Opposition-for-2022--50x37.jpg 50w, https:\/\/contentf5.dailynewshungary.com\/wp-content\/uploads\/2021\/10\/Andras-Fekete-Gyor-of-the-Joint-Hungarian-Opposition-for-2022--100x75.jpg 100w\" sizes=\"auto, (max-width: 1280px) 100vw, 1280px\"><\/a>\n\t\t\t<\/div><figcaption class=\"wp-caption-text gallery-caption\" id=\"gallery-2-433393\">\n\t\t\t\tGemeinsame Gedenkveranstaltung der Opposition am 23. Oktober Foto: MTI\/Szigetv\u00e1ry Zsolt<br \/>\n\t\t\t\t<\/figcaption><\/figure>\n<figure class=\"gallery-item\">\n<div class=\"gallery-icon landscape\">\n\t\t\t\t<a href=\"https:\/\/contentf5.dailynewshungary.com\/wp-content\/uploads\/2021\/10\/Budapest-Mayor-Gergely-Karacsony-of-the-Joint-Hungarian-Opposition-for-2022-.jpg\" data-pswp-width=\"1280\" data-pswp-height=\"854\" data-cropped=\"true\"><img loading=\"lazy\" decoding=\"async\" width=\"1280\" height=\"854\" src=\"https:\/\/contentf5.dailynewshungary.com\/wp-content\/uploads\/2021\/10\/Budapest-Mayor-Gergely-Karacsony-of-the-Joint-Hungarian-Opposition-for-2022-.jpg\" class=\"attachment-large size-large\" alt=\"Gergely Kar\u00e1csony von der Gemeinsamen Ungarischen Opposition f\u00fcr 2022\" aria-describedby=\"gallery-2-433394\" srcset=\"https:\/\/contentf5.dailynewshungary.com\/wp-content\/uploads\/2021\/10\/Budapest-Mayor-Gergely-Karacsony-of-the-Joint-Hungarian-Opposition-for-2022-.jpg 1280w, https:\/\/contentf5.dailynewshungary.com\/wp-content\/uploads\/2021\/10\/Budapest-Mayor-Gergely-Karacsony-of-the-Joint-Hungarian-Opposition-for-2022--768x512.jpg 768w, https:\/\/contentf5.dailynewshungary.com\/wp-content\/uploads\/2021\/10\/Budapest-Mayor-Gergely-Karacsony-of-the-Joint-Hungarian-Opposition-for-2022--350x234.jpg 350w, https:\/\/contentf5.dailynewshungary.com\/wp-content\/uploads\/2021\/10\/Budapest-Mayor-Gergely-Karacsony-of-the-Joint-Hungarian-Opposition-for-2022--248x165.jpg 248w, https:\/\/contentf5.dailynewshungary.com\/wp-content\/uploads\/2021\/10\/Budapest-Mayor-Gergely-Karacsony-of-the-Joint-Hungarian-Opposition-for-2022--1030x687.jpg 1030w, https:\/\/contentf5.dailynewshungary.com\/wp-content\/uploads\/2021\/10\/Budapest-Mayor-Gergely-Karacsony-of-the-Joint-Hungarian-Opposition-for-2022--219x146.jpg 219w, https:\/\/contentf5.dailynewshungary.com\/wp-content\/uploads\/2021\/10\/Budapest-Mayor-Gergely-Karacsony-of-the-Joint-Hungarian-Opposition-for-2022--50x33.jpg 50w, https:\/\/contentf5.dailynewshungary.com\/wp-content\/uploads\/2021\/10\/Budapest-Mayor-Gergely-Karacsony-of-the-Joint-Hungarian-Opposition-for-2022--112x75.jpg 112w\" sizes=\"auto, (max-width: 1280px) 100vw, 1280px\"><\/a>\n\t\t\t<\/div><figcaption class=\"wp-caption-text gallery-caption\" id=\"gallery-2-433394\">\n\t\t\t\tGemeinsame Gedenkveranstaltung der Opposition am 23. Oktober Foto: MTI\/Szigetv\u00e1ry Zsolt<br \/>\n\t\t\t\t<\/figcaption><\/figure>\n<figure class=\"gallery-item\">\n<div class=\"gallery-icon landscape\">\n\t\t\t\t<a href=\"https:\/\/contentf5.dailynewshungary.com\/wp-content\/uploads\/2021\/10\/Peter-Jakab-of-the-Joint-Hungarian-Opposition-for-2022-.jpg\" data-pswp-width=\"1280\" data-pswp-height=\"854\" data-cropped=\"true\"><img loading=\"lazy\" decoding=\"async\" width=\"1280\" height=\"854\" src=\"https:\/\/contentf5.dailynewshungary.com\/wp-content\/uploads\/2021\/10\/Peter-Jakab-of-the-Joint-Hungarian-Opposition-for-2022-.jpg\" class=\"attachment-large size-large\" alt=\"P\u00e9ter Jakab von der Gemeinsamen Ungarischen Opposition f\u00fcr 2022\" aria-describedby=\"gallery-2-433396\" srcset=\"https:\/\/contentf5.dailynewshungary.com\/wp-content\/uploads\/2021\/10\/Peter-Jakab-of-the-Joint-Hungarian-Opposition-for-2022-.jpg 1280w, https:\/\/contentf5.dailynewshungary.com\/wp-content\/uploads\/2021\/10\/Peter-Jakab-of-the-Joint-Hungarian-Opposition-for-2022--768x512.jpg 768w, https:\/\/contentf5.dailynewshungary.com\/wp-content\/uploads\/2021\/10\/Peter-Jakab-of-the-Joint-Hungarian-Opposition-for-2022--350x234.jpg 350w, https:\/\/contentf5.dailynewshungary.com\/wp-content\/uploads\/2021\/10\/Peter-Jakab-of-the-Joint-Hungarian-Opposition-for-2022--248x165.jpg 248w, https:\/\/contentf5.dailynewshungary.com\/wp-content\/uploads\/2021\/10\/Peter-Jakab-of-the-Joint-Hungarian-Opposition-for-2022--1030x687.jpg 1030w, https:\/\/contentf5.dailynewshungary.com\/wp-content\/uploads\/2021\/10\/Peter-Jakab-of-the-Joint-Hungarian-Opposition-for-2022--219x146.jpg 219w, https:\/\/contentf5.dailynewshungary.com\/wp-content\/uploads\/2021\/10\/Peter-Jakab-of-the-Joint-Hungarian-Opposition-for-2022--50x33.jpg 50w, https:\/\/contentf5.dailynewshungary.com\/wp-content\/uploads\/2021\/10\/Peter-Jakab-of-the-Joint-Hungarian-Opposition-for-2022--112x75.jpg 112w\" sizes=\"auto, (max-width: 1280px) 100vw, 1280px\"><\/a>\n\t\t\t<\/div><figcaption class=\"wp-caption-text gallery-caption\" id=\"gallery-2-433396\">\n\t\t\t\tGemeinsame Gedenkveranstaltung der Opposition am 23. Oktober Foto: MTI\/Szigetv\u00e1ry Zsolt<br \/>\n\t\t\t\t<\/figcaption><\/figure>\n<\/p><\/div>\n<p>Er bestand darauf, dass auch die Familie und Freunde von Ministerpr\u00e4sident Viktor Orb\u00e1n im Kampf um das Land seien, \u201cdaher m\u00fcssen wir bereit sein f\u00fcr L\u00fcgen und Verleumdungskampagnen\u201d Er sagte, die Opposition werde mit Vorw\u00fcrfen der \u201cSiedlung von Migranten\u201d, Pl\u00e4nen zur \u201cPreissteigerung\u201d und der Verschw\u00f6rung mit [dem ehemaligen sozialistischen Premierminister] Ferenc Gyurcs\u00e1ny gelandet, gegen den, f\u00fcgte er hinzu, Korruptionsvorw\u00fcrfe nach 12 Jahren unbewiesen geblieben seien.<\/p>\n<p style=\"text-align: center;\"><a href=\"https:\/\/dailynewshungary.com\/de\/rede-viktor-orbans-bei-der-gedenkfeier-zur-ungarischen-revolution-1956\/\"><strong>Die Rede Viktor Orb\u00e1ns bei der Gedenkfeier der Ungarischen Revolution 1956<\/strong><\/a><\/p>\n<p>In Bezug auf die vor der Wahl angek\u00fcndigten staatlichen Steuer- und Unterst\u00fctzungsma\u00dfnahmen bestand er darauf, dass Fidesz \u201eunter dem Druck einer wiederauflebenden Opposition \u201esogar begonnen hat, f\u00fcr Sie zu arbeiten\u201c.<\/p>\n<p>Er sagte, dass junge Menschen die gr\u00f6\u00dfte Rolle bei der Verbreitung der Botschaft der Opposition vor der Wahl spielen w\u00fcrden.<\/p>\n<blockquote>\n<p>Jobbik-Chef P\u00e9ter Jakab bemerkte, dass vor einem Jahr sechs Oppositionsparteif\u00fchrer geschworen h\u00e4tten, ihre Kandidaten f\u00fcr den Posten des Premierministers heute auf eine gemeinsame B\u00fchne zu stellen \u201cHier waren; wir sind zusammen und wir werden gewinnen\u201d<\/p>\n<\/blockquote>\n<div id=\"gallery-3\" class=\"gallery galleryid-433389 gallery-columns-2 gallery-size-large\">\n<figure class=\"gallery-item\">\n<div class=\"gallery-icon landscape\">\n\t\t\t\t<a href=\"https:\/\/contentf5.dailynewshungary.com\/wp-content\/uploads\/2021\/10\/Peter-Marki-Zay-Prime-Ministerial-Candidate-of-the-Joint-Hungarian-Opposition-for-2022-5.jpg\" data-pswp-width=\"1280\" data-pswp-height=\"720\" data-cropped=\"true\"><img loading=\"lazy\" decoding=\"async\" width=\"1280\" height=\"720\" src=\"https:\/\/contentf5.dailynewshungary.com\/wp-content\/uploads\/2021\/10\/Peter-Marki-Zay-Prime-Ministerial-Candidate-of-the-Joint-Hungarian-Opposition-for-2022-5.jpg\" class=\"attachment-large size-large\" alt=\"P\u00e9ter M\u00e1rki-Zay Ministerpr\u00e4sidentkandidat der Gemeinsamen Ungarischen Opposition f\u00fcr 2022\" aria-describedby=\"gallery-3-433401\" srcset=\"https:\/\/contentf5.dailynewshungary.com\/wp-content\/uploads\/2021\/10\/Peter-Marki-Zay-Prime-Ministerial-Candidate-of-the-Joint-Hungarian-Opposition-for-2022-5.jpg 1280w, https:\/\/contentf5.dailynewshungary.com\/wp-content\/uploads\/2021\/10\/Peter-Marki-Zay-Prime-Ministerial-Candidate-of-the-Joint-Hungarian-Opposition-for-2022-5-768x432.jpg 768w, https:\/\/contentf5.dailynewshungary.com\/wp-content\/uploads\/2021\/10\/Peter-Marki-Zay-Prime-Ministerial-Candidate-of-the-Joint-Hungarian-Opposition-for-2022-5-350x197.jpg 350w, https:\/\/contentf5.dailynewshungary.com\/wp-content\/uploads\/2021\/10\/Peter-Marki-Zay-Prime-Ministerial-Candidate-of-the-Joint-Hungarian-Opposition-for-2022-5-248x140.jpg 248w, https:\/\/contentf5.dailynewshungary.com\/wp-content\/uploads\/2021\/10\/Peter-Marki-Zay-Prime-Ministerial-Candidate-of-the-Joint-Hungarian-Opposition-for-2022-5-1030x579.jpg 1030w, https:\/\/contentf5.dailynewshungary.com\/wp-content\/uploads\/2021\/10\/Peter-Marki-Zay-Prime-Ministerial-Candidate-of-the-Joint-Hungarian-Opposition-for-2022-5-260x146.jpg 260w, https:\/\/contentf5.dailynewshungary.com\/wp-content\/uploads\/2021\/10\/Peter-Marki-Zay-Prime-Ministerial-Candidate-of-the-Joint-Hungarian-Opposition-for-2022-5-50x28.jpg 50w, https:\/\/contentf5.dailynewshungary.com\/wp-content\/uploads\/2021\/10\/Peter-Marki-Zay-Prime-Ministerial-Candidate-of-the-Joint-Hungarian-Opposition-for-2022-5-133x75.jpg 133w\" sizes=\"auto, (max-width: 1280px) 100vw, 1280px\"><\/a>\n\t\t\t<\/div><figcaption class=\"wp-caption-text gallery-caption\" id=\"gallery-3-433401\">\n\t\t\t\tGemeinsame Gedenkveranstaltung der Opposition am 23. Oktober Foto: MTI\/Szigetv\u00e1ry Zsolt<br \/>\n\t\t\t\t<\/figcaption><\/figure>\n<figure class=\"gallery-item\">\n<div class=\"gallery-icon landscape\">\n\t\t\t\t<a href=\"https:\/\/contentf5.dailynewshungary.com\/wp-content\/uploads\/2021\/10\/Klara-Dobrev-of-the-Joint-Hungarian-Opposition-for-2022-.jpg\" data-pswp-width=\"1280\" data-pswp-height=\"720\" data-cropped=\"true\"><img loading=\"lazy\" decoding=\"async\" width=\"1280\" height=\"720\" src=\"https:\/\/contentf5.dailynewshungary.com\/wp-content\/uploads\/2021\/10\/Klara-Dobrev-of-the-Joint-Hungarian-Opposition-for-2022-.jpg\" class=\"attachment-large size-large\" alt=\"Kl\u00e1ra Dobrev von der Gemeinsamen Ungarischen Opposition f\u00fcr 2022\" aria-describedby=\"gallery-3-433395\" srcset=\"https:\/\/contentf5.dailynewshungary.com\/wp-content\/uploads\/2021\/10\/Klara-Dobrev-of-the-Joint-Hungarian-Opposition-for-2022-.jpg 1280w, https:\/\/contentf5.dailynewshungary.com\/wp-content\/uploads\/2021\/10\/Klara-Dobrev-of-the-Joint-Hungarian-Opposition-for-2022--768x432.jpg 768w, https:\/\/contentf5.dailynewshungary.com\/wp-content\/uploads\/2021\/10\/Klara-Dobrev-of-the-Joint-Hungarian-Opposition-for-2022--350x197.jpg 350w, https:\/\/contentf5.dailynewshungary.com\/wp-content\/uploads\/2021\/10\/Klara-Dobrev-of-the-Joint-Hungarian-Opposition-for-2022--248x140.jpg 248w, https:\/\/contentf5.dailynewshungary.com\/wp-content\/uploads\/2021\/10\/Klara-Dobrev-of-the-Joint-Hungarian-Opposition-for-2022--1030x579.jpg 1030w, https:\/\/contentf5.dailynewshungary.com\/wp-content\/uploads\/2021\/10\/Klara-Dobrev-of-the-Joint-Hungarian-Opposition-for-2022--260x146.jpg 260w, https:\/\/contentf5.dailynewshungary.com\/wp-content\/uploads\/2021\/10\/Klara-Dobrev-of-the-Joint-Hungarian-Opposition-for-2022--50x28.jpg 50w, https:\/\/contentf5.dailynewshungary.com\/wp-content\/uploads\/2021\/10\/Klara-Dobrev-of-the-Joint-Hungarian-Opposition-for-2022--133x75.jpg 133w\" sizes=\"auto, (max-width: 1280px) 100vw, 1280px\"><\/a>\n\t\t\t<\/div><figcaption class=\"wp-caption-text gallery-caption\" id=\"gallery-3-433395\">\n\t\t\t\tGemeinsame Gedenkveranstaltung der Opposition am 23. Oktober Foto: MTI\/Szigetv\u00e1ry Zsolt<br \/>\n\t\t\t\t<\/figcaption><\/figure>\n<\/p><\/div>\n<p>Kl\u00e1ra Dobrev, die Europaabgeordnete der Demokratischen Koalition, die in der Vorwahl gegen M\u00e1rki-Zay verlor, sagte, dass es bedeute, als Demokratin Vielfalt anzunehmen und Vielfalt im Alltag zu f\u00f6rdern. Dies sei eine gro\u00dfe St\u00e4rke im Kampf mit dem \u201eMonolithensystem\u201cvon Viktor Orb\u00e1n\u201d.<\/p>\n<blockquote>\n<p>\u201cIm n\u00e4chsten Fr\u00fchjahr gewinnen wir entweder gemeinsam oder wir scheitern alle Das liegt in unserer Verantwortung\u201d, f\u00fcgte sie hinzu.<\/p>\n<\/blockquote>\n<p>Gergely Kar\u00e1csony, der B\u00fcrgermeister von Budapest, der vor der Stichwahl zur\u00fccktrat, sagte, die Opposition bereite sich auf \u201eeine sanfte Revolution\u201cvor, um das Versprechen vom 23. Oktober 1956 und 1989 zu erf\u00fcllen.<\/p>\n<blockquote>\n<p>Er bestand darauf, dass der 23. Oktober 2021 die Geburtsstunde \u201cder vierten Republik\u201d markiert und Ungarn damit \u201cwieder einmal unsere gemeinsame Heimat\u201d ist.<\/p>\n<\/blockquote>\n<p>Alle Teilnehmer der Vorwahlen der Opposition betraten dann am Ende der Veranstaltung gemeinsam die B\u00fchne.<\/p>\n","protected":false},"excerpt":{"rendered":"<p>P\u00e9ter M\u00e1rki-Zay, der Premierministerkandidat der Opposition, wandte sich am Samstag bei einer Gedenkfeier zur Revolution von 1956 in Budapest an die Anh\u00e4nger und sagte, die Botschaft des Zusammenschlusses, die vor 65 Jahren im Aufstand verankert war, sei auch heute noch aktuell, und die Parlamentswahlen im n\u00e4chsten Jahr w\u00fcrden \u201e\u201csein. kolossaler Kampf\u201d. M\u00e1rki-Zay sagte, der Kampf [&hellip;]<\/p>\n","protected":false},"author":33,"featured_media":697449,"comment_status":"open","ping_status":"open","sticky":false,"template":"","format":"standard","meta":{"_acf_changed":false,"_display_image":"yes","footnotes":""},"categories":[1081],"tags":[1111,1222,1661,1942,1144,2303,1632,1873,1445,1539,1598,1695,2125,1076],"class_list":["post-697448","post","type-post","status-publish","format-standard","has-post-thumbnail","hentry","category-politik","tag-budapest","tag-demokratische-koalition","tag-dialog-fur-ungarn","tag-die-ungarische-revolution-von-1956","tag-gedenken","tag-gemeinsame-opposition-fur-2022","tag-jobbik","tag-lmp","tag-migration","tag-momentumsbewegung","tag-nationalfeiertag","tag-sozialisten","tag-ungarische-parlamentswahl-2022","tag-ungarn"],"blocksy_meta":[],"acf":[],"author_username":"ugyelet","telegram_post":"","public_post_metadata":{"breaking_news":"","important":"","csempe":"","center_tile":"","disable_thumbnail":"","target_lang":"","_featured_image_style":"hidden","telegram_post":"","_xlat_group_id":""},"public_rank_math_data":{"title":"%title% %sep% %sitename%","description":"\"Mit totaler nationaler Einheit k\u00f6nnen wir jetzt demonstrieren, dass wir die Mehrheit sind\", dass die derzeitigen Machtinhaber \"moralisch inakzeptabel\" waren.","focus_keyword":"Opposition","canonical_url":"","robots":"","primary_category":"1081","breadcrumb_title":"","facebook_title":"","facebook_description":"","facebook_image":"","facebook_image_id":"","twitter_title":"","twitter_description":"","twitter_image":"","twitter_image_id":"","twitter_card_type":"","twitter_use_facebook":"","advanced_robots":"","pillar_content":"","seo_score":"73","contentai_score":"","rich_snippet":""},"_links":{"self":[{"href":"https:\/\/dailynewshungary.com\/de\/wp-json\/wp\/v2\/posts\/697448","targetHints":{"allow":["GET"]}}],"collection":[{"href":"https:\/\/dailynewshungary.com\/de\/wp-json\/wp\/v2\/posts"}],"about":[{"href":"https:\/\/dailynewshungary.com\/de\/wp-json\/wp\/v2\/types\/post"}],"author":[{"embeddable":true,"href":"https:\/\/dailynewshungary.com\/de\/wp-json\/wp\/v2\/users\/33"}],"replies":[{"embeddable":true,"href":"https:\/\/dailynewshungary.com\/de\/wp-json\/wp\/v2\/comments?post=697448"}],"version-history":[{"count":0,"href":"https:\/\/dailynewshungary.com\/de\/wp-json\/wp\/v2\/posts\/697448\/revisions"}],"wp:featuredmedia":[{"embeddable":true,"href":"https:\/\/dailynewshungary.com\/de\/wp-json\/wp\/v2\/media\/697449"}],"wp:attachment":[{"href":"https:\/\/dailynewshungary.com\/de\/wp-json\/wp\/v2\/media?parent=697448"}],"wp:term":[{"taxonomy":"category","embeddable":true,"href":"https:\/\/dailynewshungary.com\/de\/wp-json\/wp\/v2\/categories?post=697448"},{"taxonomy":"post_tag","embeddable":true,"href":"https:\/\/dailynewshungary.com\/de\/wp-json\/wp\/v2\/tags?post=697448"}],"curies":[{"name":"wp","href":"https:\/\/api.w.org\/{rel}","templated":true}]}}