{"id":697988,"date":"2021-10-07T22:40:00","date_gmt":"2021-10-07T20:40:00","guid":{"rendered":"https:\/\/dailynewshungary.com\/de\/ungarischer-minister-fordert-die-illegale-einwanderung-zu-land-und-auf-see-zu-stoppen\/"},"modified":"2021-10-07T22:40:00","modified_gmt":"2021-10-07T20:40:00","slug":"ungarischer-minister-fordert-die-illegale-einwanderung-zu-land-und-auf-see-zu-stoppen","status":"publish","type":"post","link":"https:\/\/dailynewshungary.com\/de\/ungarischer-minister-fordert-die-illegale-einwanderung-zu-land-und-auf-see-zu-stoppen\/","title":{"rendered":"Ungarischer Minister fordert, die illegale Einwanderung zu Land und auf See zu stoppen"},"content":{"rendered":"<div class=\"leadNews\"><span id=\"ctl00_ContentPlaceHolder1_ctrlNewsControl_lbLead\"><strong>Das Beispiel Spaniens zeige, dass die illegale Migration nicht nur zu Land, sondern auch auf See gestoppt werden sollte, sagte P\u00e9ter Szijj\u00e1rt\u00f3, Ungarns Au\u00dfenminister f\u00fcr ausw\u00e4rtige Angelegenheiten und Handel, nach Gespr\u00e4chen mit Santiago Abascal, dem Vorsitzenden der rechten spanischen VOX-Partei, in Madrid Donnerstag.<\/strong><\/span><\/div>\n<div>&nbsp;<\/div>\n<div class=\"leadNews\"><span id=\"ctl00_ContentPlaceHolder1_ctrlNewsControl_lbBody\">Der Minister stellte fest, dass Spanien in den letzten Jahren einem starken Migrationsdruck ausgesetzt war und die Zahl der illegal im Land ankommenden Afrikaner in diesem Jahr um 50 Prozent gestiegen sei. Aus diesem Grund sei es dringend erforderlich, Ressourcen zu mobilisieren, um die Migration zu stoppen \u00fcber Seewege, sagte er.<\/p>\n<p>Der beste Weg, dies zu tun, besteht darin, zu verhindern, dass illegale Migranten an Bord von Schiffen nach Europa gelangen <span id=\"ctl00_ContentPlaceHolder1_ctrlNewsControl_lbLead\">Szijj\u00e1rt\u00f3<\/span> Sagte. Aus diesem Grund h\u00e4tten die europ\u00e4ischen Nationen ein begr\u00fcndetes Interesse daran, mit den nordafrikanischen L\u00e4ndern zusammenzuarbeiten und ihnen zu helfen, ihre Stabilit\u00e4t zu bewahren, sagte er.<\/span><\/div>\n<div>&nbsp;<\/div>\n<div class=\"leadNews\">\n<div style=\"text-align: center;\"><a href=\"https:\/\/dailynewshungary.com\/de\/afghanische-fluchtlinge-erhielten-eine-aufenthaltserlaubnis-in-ungarn\/\">Afghanische Fl\u00fcchtlinge erhielten eine Aufenthaltserlaubnis in Ungarn<\/a><\/div>\n<p><span id=\"ctl00_ContentPlaceHolder1_ctrlNewsControl_lbBody\"><\/p>\n<p>\u201cGrenzverteidigung, die Identifizierung von Terroristen unter den Migranten und hartes Vorgehen gegen Menschenschmuggler sind Priorit\u00e4ten f\u00fcr Europa\u201d, sagte er. <span id=\"ctl00_ContentPlaceHolder1_ctrlNewsControl_lbLead\">Szijj\u00e1rt\u00f3<\/span> Lobte die \u201cimmer robustere\u201d Entwicklung der bilateralen WirtschaftsbeziehungenDer wechselseitige Handel, so bemerkte er, sei 2021 um 20 Prozent gestiegen und werde bis Jahresende voraussichtlich 5 Milliarden Euro erreichen.<\/p>\n<p>Sp\u00e4ter heute <span id=\"ctl00_ContentPlaceHolder1_ctrlNewsControl_lbLead\">Szijj\u00e1rt\u00f3<\/span> Mit seinem spanischen Amtskollegen Jose Manuel Alvarez zusammentreffen soll.<\/span><\/div>\n<div>&nbsp;<\/div>\n<div>&nbsp;<\/div>\n","protected":false},"excerpt":{"rendered":"<p>Das Beispiel Spaniens zeige, dass die illegale Migration nicht nur zu Land, sondern auch auf See gestoppt werden sollte, sagte P\u00e9ter Szijj\u00e1rt\u00f3, Ungarns Au\u00dfenminister f\u00fcr ausw\u00e4rtige Angelegenheiten und Handel, nach Gespr\u00e4chen mit Santiago Abascal, dem Vorsitzenden der rechten spanischen VOX-Partei, in Madrid Donnerstag. &nbsp; Der Minister stellte fest, dass Spanien in den letzten Jahren einem [&hellip;]<\/p>\n","protected":false},"author":50,"featured_media":697989,"comment_status":"open","ping_status":"open","sticky":false,"template":"","format":"standard","meta":{"_acf_changed":false,"_display_image":"","footnotes":""},"categories":[1081],"tags":[1082,1445,1131,1076],"class_list":["post-697988","post","type-post","status-publish","format-standard","has-post-thumbnail","hentry","category-politik","tag-europaische-union","tag-migration","tag-spanien","tag-ungarn"],"blocksy_meta":[],"acf":[],"author_username":"dnh","telegram_post":"","public_post_metadata":{"breaking_news":"","important":"","csempe":"","center_tile":"","disable_thumbnail":"","target_lang":"","_featured_image_style":"","telegram_post":"","_xlat_group_id":""},"public_rank_math_data":{"title":"%title% %sep% %sitename%","description":"","focus_keyword":"","canonical_url":"","robots":"","primary_category":"1081","breadcrumb_title":"","facebook_title":"","facebook_description":"","facebook_image":"","facebook_image_id":"","twitter_title":"","twitter_description":"","twitter_image":"","twitter_image_id":"","twitter_card_type":"","twitter_use_facebook":"","advanced_robots":"","pillar_content":"","seo_score":"","contentai_score":"","rich_snippet":""},"_links":{"self":[{"href":"https:\/\/dailynewshungary.com\/de\/wp-json\/wp\/v2\/posts\/697988","targetHints":{"allow":["GET"]}}],"collection":[{"href":"https:\/\/dailynewshungary.com\/de\/wp-json\/wp\/v2\/posts"}],"about":[{"href":"https:\/\/dailynewshungary.com\/de\/wp-json\/wp\/v2\/types\/post"}],"author":[{"embeddable":true,"href":"https:\/\/dailynewshungary.com\/de\/wp-json\/wp\/v2\/users\/50"}],"replies":[{"embeddable":true,"href":"https:\/\/dailynewshungary.com\/de\/wp-json\/wp\/v2\/comments?post=697988"}],"version-history":[{"count":0,"href":"https:\/\/dailynewshungary.com\/de\/wp-json\/wp\/v2\/posts\/697988\/revisions"}],"wp:featuredmedia":[{"embeddable":true,"href":"https:\/\/dailynewshungary.com\/de\/wp-json\/wp\/v2\/media\/697989"}],"wp:attachment":[{"href":"https:\/\/dailynewshungary.com\/de\/wp-json\/wp\/v2\/media?parent=697988"}],"wp:term":[{"taxonomy":"category","embeddable":true,"href":"https:\/\/dailynewshungary.com\/de\/wp-json\/wp\/v2\/categories?post=697988"},{"taxonomy":"post_tag","embeddable":true,"href":"https:\/\/dailynewshungary.com\/de\/wp-json\/wp\/v2\/tags?post=697988"}],"curies":[{"name":"wp","href":"https:\/\/api.w.org\/{rel}","templated":true}]}}