{"id":698093,"date":"2021-10-05T07:09:00","date_gmt":"2021-10-05T05:09:00","guid":{"rendered":"https:\/\/dailynewshungary.com\/de\/syrer-wurde-wegen-illegalen-grenzubertritts-zu-einer-einjahrigen-bewahrungsstrafe-verurteilt\/"},"modified":"2021-10-05T07:09:00","modified_gmt":"2021-10-05T05:09:00","slug":"syrer-wurde-wegen-illegalen-grenzubertritts-zu-einer-einjahrigen-bewahrungsstrafe-verurteilt","status":"publish","type":"post","link":"https:\/\/dailynewshungary.com\/de\/syrer-wurde-wegen-illegalen-grenzubertritts-zu-einer-einjahrigen-bewahrungsstrafe-verurteilt\/","title":{"rendered":"Syrer wurde wegen illegalen Grenz\u00fcbertritts zu einer einj\u00e4hrigen Bew\u00e4hrungsstrafe verurteilt"},"content":{"rendered":"<p><strong>Ein Gericht in Szeged hat einen Syrer, der am Wochenende versucht hat, \u00fcber den Grenzzaun zu Serbien zu klettern, mit einer Leiter zu einer zw\u00f6lfmonatigen Haftstrafe verurteilt, die f\u00fcr drei Jahre zur Bew\u00e4hrung ausgesetzt wurde.<\/strong><\/p>\n<p>Der 28-j\u00e4hrige Mann teilte dem Gericht mit, er sei von der T\u00fcrkei aus durch Griechenland, Albanien und Serbien gereist, bevor er am Samstagmorgen an der ungarischen Grenze ankam, mit der Absicht, weiter nach Deutschland zu reisen, teilte das Gericht am Montag in einer Erkl\u00e4rung mit. Bei \u00c1sotthalom benutzte er eine Leiter, um \u00fcber den Zaun zu klettern, wurde jedoch von Patrouillenbeamten angehalten.<\/p>\n<blockquote>\n<p>Das Gericht wies den Mann au\u00dferdem f\u00fcr zwei Jahre aus dem ungarischen Hoheitsgebiet aus.<\/p>\n<\/blockquote>\n","protected":false},"excerpt":{"rendered":"<p>Ein Gericht in Szeged hat einen Syrer, der am Wochenende versucht hat, \u00fcber den Grenzzaun zu Serbien zu klettern, mit einer Leiter zu einer zw\u00f6lfmonatigen Haftstrafe verurteilt, die f\u00fcr drei Jahre zur Bew\u00e4hrung ausgesetzt wurde. Der 28-j\u00e4hrige Mann teilte dem Gericht mit, er sei von der T\u00fcrkei aus durch Griechenland, Albanien und Serbien gereist, bevor [&hellip;]<\/p>\n","protected":false},"author":3,"featured_media":0,"comment_status":"open","ping_status":"open","sticky":false,"template":"","format":"standard","meta":{"_acf_changed":false,"_display_image":"","footnotes":""},"categories":[1101],"tags":[1326,1445,1236,1163,1076],"class_list":["post-698093","post","type-post","status-publish","format-standard","hentry","category-flashnews","tag-gericht","tag-migration","tag-polizei","tag-ungarische-polizei","tag-ungarn"],"blocksy_meta":[],"acf":[],"author_username":"becsi","telegram_post":"","public_post_metadata":{"breaking_news":"","important":"","csempe":"","center_tile":"","disable_thumbnail":"","target_lang":"","_featured_image_style":"","telegram_post":"","_xlat_group_id":""},"public_rank_math_data":{"title":"%title% %sep% %sitename%","description":"","focus_keyword":"","canonical_url":"","robots":"","primary_category":"1101","breadcrumb_title":"","facebook_title":"","facebook_description":"","facebook_image":"","facebook_image_id":"","twitter_title":"","twitter_description":"","twitter_image":"","twitter_image_id":"","twitter_card_type":"","twitter_use_facebook":"","advanced_robots":"","pillar_content":"","seo_score":"","contentai_score":"","rich_snippet":""},"_links":{"self":[{"href":"https:\/\/dailynewshungary.com\/de\/wp-json\/wp\/v2\/posts\/698093","targetHints":{"allow":["GET"]}}],"collection":[{"href":"https:\/\/dailynewshungary.com\/de\/wp-json\/wp\/v2\/posts"}],"about":[{"href":"https:\/\/dailynewshungary.com\/de\/wp-json\/wp\/v2\/types\/post"}],"author":[{"embeddable":true,"href":"https:\/\/dailynewshungary.com\/de\/wp-json\/wp\/v2\/users\/3"}],"replies":[{"embeddable":true,"href":"https:\/\/dailynewshungary.com\/de\/wp-json\/wp\/v2\/comments?post=698093"}],"version-history":[{"count":0,"href":"https:\/\/dailynewshungary.com\/de\/wp-json\/wp\/v2\/posts\/698093\/revisions"}],"wp:attachment":[{"href":"https:\/\/dailynewshungary.com\/de\/wp-json\/wp\/v2\/media?parent=698093"}],"wp:term":[{"taxonomy":"category","embeddable":true,"href":"https:\/\/dailynewshungary.com\/de\/wp-json\/wp\/v2\/categories?post=698093"},{"taxonomy":"post_tag","embeddable":true,"href":"https:\/\/dailynewshungary.com\/de\/wp-json\/wp\/v2\/tags?post=698093"}],"curies":[{"name":"wp","href":"https:\/\/api.w.org\/{rel}","templated":true}]}}