{"id":698220,"date":"2021-09-30T13:30:00","date_gmt":"2021-09-30T11:30:00","guid":{"rendered":"https:\/\/dailynewshungary.com\/de\/minister-brussel-hilft-der-ungarischen-opposition-2022\/"},"modified":"2021-09-30T13:30:00","modified_gmt":"2021-09-30T11:30:00","slug":"minister-brussel-hilft-der-ungarischen-opposition-2022","status":"publish","type":"post","link":"https:\/\/dailynewshungary.com\/de\/minister-brussel-hilft-der-ungarischen-opposition-2022\/","title":{"rendered":"Minister: Br\u00fcssel hilft der ungarischen Opposition 2022!"},"content":{"rendered":"<div class=\"leadNews\"><span id=\"ctl00_ContentPlaceHolder1_ctrlNewsControl_lbLead\"><strong>Die Delegation des Parlamentsausschusses f\u00fcr b\u00fcrgerliche Freiheiten, Justiz und Inneres (LIBE) sei zu einem Besuch mit \u201ceinem im Voraus vorbereiteten Urteil\u201d in Ungarn eingetroffen, sagte Judit Varga, die Justizministerin am Donnerstagmorgen.<\/strong><\/span><\/div>\n<div>&nbsp;<\/div>\n<div class=\"leadNews\"><span id=\"ctl00_ContentPlaceHolder1_ctrlNewsControl_lbBody\">Varga soll sp\u00e4ter am Tag mit der Delegation in Budapest zusammentreffen, im Vorfeld des Treffens sprach Varga mit dem \u00f6ffentlich-rechtlichen Sender Kossuth Radio, Ungarn sei ein freies und unabh\u00e4ngiges Land und Mitglied der Europ\u00e4ischen UnionDas Europ\u00e4ische Parlament, f\u00fcgte sie hinzu, sei eine der Institutionen der EU, die keinerlei Befugnisse oder Befugnisse habe, die sie \u00fcber einen souver\u00e4nen Staat aus\u00fcben k\u00f6nne.<\/p>\n<p>\u201cIm Sinne dessen und aus internationaler H\u00f6flichkeit, Tourismus und Diplomatie bereite ich mich auf das Treffen vor und informiere sie gerne, wenn sie Fragen zu den Besonderheiten des ungarischen Rechtssystems haben\u201d, sagte sie.<\/span><\/div>\n<div>&nbsp;<\/div>\n<blockquote>\n<div class=\"leadNews\"><span id=\"ctl00_ContentPlaceHolder1_ctrlNewsControl_lbBody\">\u201cSei keiner Illusion ausgesetzt: Auch in Br\u00fcssel l\u00e4uft im Zusammenhang mit der ungarischen Parlamentswahl 2022 ein Wahlkampf mit dem Ziel, der [ungarischen] Opposition zu helfen\u201d<\/span><\/div>\n<\/blockquote>\n<div>&nbsp;<\/div>\n<div class=\"leadNews\"><span id=\"ctl00_ContentPlaceHolder1_ctrlNewsControl_lbBody\"> Varga sagte.<\/span><\/div>\n","protected":false},"excerpt":{"rendered":"<p>Die Delegation des Parlamentsausschusses f\u00fcr b\u00fcrgerliche Freiheiten, Justiz und Inneres (LIBE) sei zu einem Besuch mit \u201ceinem im Voraus vorbereiteten Urteil\u201d in Ungarn eingetroffen, sagte Judit Varga, die Justizministerin am Donnerstagmorgen. &nbsp; Varga soll sp\u00e4ter am Tag mit der Delegation in Budapest zusammentreffen, im Vorfeld des Treffens sprach Varga mit dem \u00f6ffentlich-rechtlichen Sender Kossuth Radio, [&hellip;]<\/p>\n","protected":false},"author":50,"featured_media":698221,"comment_status":"open","ping_status":"open","sticky":false,"template":"","format":"standard","meta":{"_acf_changed":false,"_display_image":"no","footnotes":""},"categories":[1081],"tags":[1082,2125,1102,1076],"class_list":["post-698220","post","type-post","status-publish","format-standard","has-post-thumbnail","hentry","category-politik","tag-europaische-union","tag-ungarische-parlamentswahl-2022","tag-ungarische-regierung","tag-ungarn"],"blocksy_meta":[],"acf":[],"author_username":"dnh","telegram_post":"","public_post_metadata":{"breaking_news":"","important":"","csempe":"","center_tile":"","disable_thumbnail":"","target_lang":"","_featured_image_style":"hidden","telegram_post":"","_xlat_group_id":""},"public_rank_math_data":{"title":"%title% %sep% %sitename%","description":"","focus_keyword":"","canonical_url":"","robots":"","primary_category":"1081","breadcrumb_title":"","facebook_title":"","facebook_description":"","facebook_image":"","facebook_image_id":"","twitter_title":"","twitter_description":"","twitter_image":"","twitter_image_id":"","twitter_card_type":"","twitter_use_facebook":"","advanced_robots":"","pillar_content":"","seo_score":"","contentai_score":"","rich_snippet":""},"_links":{"self":[{"href":"https:\/\/dailynewshungary.com\/de\/wp-json\/wp\/v2\/posts\/698220","targetHints":{"allow":["GET"]}}],"collection":[{"href":"https:\/\/dailynewshungary.com\/de\/wp-json\/wp\/v2\/posts"}],"about":[{"href":"https:\/\/dailynewshungary.com\/de\/wp-json\/wp\/v2\/types\/post"}],"author":[{"embeddable":true,"href":"https:\/\/dailynewshungary.com\/de\/wp-json\/wp\/v2\/users\/50"}],"replies":[{"embeddable":true,"href":"https:\/\/dailynewshungary.com\/de\/wp-json\/wp\/v2\/comments?post=698220"}],"version-history":[{"count":0,"href":"https:\/\/dailynewshungary.com\/de\/wp-json\/wp\/v2\/posts\/698220\/revisions"}],"wp:featuredmedia":[{"embeddable":true,"href":"https:\/\/dailynewshungary.com\/de\/wp-json\/wp\/v2\/media\/698221"}],"wp:attachment":[{"href":"https:\/\/dailynewshungary.com\/de\/wp-json\/wp\/v2\/media?parent=698220"}],"wp:term":[{"taxonomy":"category","embeddable":true,"href":"https:\/\/dailynewshungary.com\/de\/wp-json\/wp\/v2\/categories?post=698220"},{"taxonomy":"post_tag","embeddable":true,"href":"https:\/\/dailynewshungary.com\/de\/wp-json\/wp\/v2\/tags?post=698220"}],"curies":[{"name":"wp","href":"https:\/\/api.w.org\/{rel}","templated":true}]}}