{"id":698317,"date":"2021-09-27T11:20:00","date_gmt":"2021-09-27T09:20:00","guid":{"rendered":"https:\/\/dailynewshungary.com\/de\/ungarische-pilgerherberge-casa-di-santo-stefano-in-rom-eingeweiht-fotos\/"},"modified":"2021-09-27T11:20:00","modified_gmt":"2021-09-27T09:20:00","slug":"ungarische-pilgerherberge-casa-di-santo-stefano-in-rom-eingeweiht-fotos","status":"publish","type":"post","link":"https:\/\/dailynewshungary.com\/de\/ungarische-pilgerherberge-casa-di-santo-stefano-in-rom-eingeweiht-fotos\/","title":{"rendered":"Ungarische Pilgerherberge Casa di Santo Stefano in Rom eingeweiht \u2013 FOTOS"},"content":{"rendered":"<p><strong>Das Sankt-Stephanus-Haus (Casa di Santo Stefano), eine ungarische Pilgerherberge, wurde am Samstagabend in Rom eingeweiht.<\/strong><\/p>\n<p>An der Weihezeremonie sprachen Kardinal P\u00e9ter Erd., Erzbischof von Esztergom-Budapest, und Mikl\u00f3s Solteesz, ungarischer Staatssekret\u00e4r f\u00fcr Kirchen- und Minderheitenbeziehungen.<\/p>\n<figure class=\"wp-block-image size-full\"><img loading=\"lazy\" decoding=\"async\" width=\"1600\" height=\"1067\" src=\"https:\/\/contentf5.dailynewshungary.com\/wp-content\/uploads\/2021\/09\/Hungarian-pilgrims-hostel-Casa-di-Santo-Stefano-inaugurated-in-Rome-6.jpg\" alt=\"Hungarian Pilgrims Hostel Casa Di Santo Stefano Inaugurated In Rome\" class=\"wp-image-425806\" srcset=\"https:\/\/contentf5.dailynewshungary.com\/wp-content\/uploads\/2021\/09\/Hungarian-pilgrims-hostel-Casa-di-Santo-Stefano-inaugurated-in-Rome-6.jpg 1600w, https:\/\/contentf5.dailynewshungary.com\/wp-content\/uploads\/2021\/09\/Hungarian-pilgrims-hostel-Casa-di-Santo-Stefano-inaugurated-in-Rome-6-768x512.jpg 768w, https:\/\/contentf5.dailynewshungary.com\/wp-content\/uploads\/2021\/09\/Hungarian-pilgrims-hostel-Casa-di-Santo-Stefano-inaugurated-in-Rome-6-1536x1024.jpg 1536w, https:\/\/contentf5.dailynewshungary.com\/wp-content\/uploads\/2021\/09\/Hungarian-pilgrims-hostel-Casa-di-Santo-Stefano-inaugurated-in-Rome-6-350x233.jpg 350w, https:\/\/contentf5.dailynewshungary.com\/wp-content\/uploads\/2021\/09\/Hungarian-pilgrims-hostel-Casa-di-Santo-Stefano-inaugurated-in-Rome-6-248x165.jpg 248w, https:\/\/contentf5.dailynewshungary.com\/wp-content\/uploads\/2021\/09\/Hungarian-pilgrims-hostel-Casa-di-Santo-Stefano-inaugurated-in-Rome-6-219x146.jpg 219w, https:\/\/contentf5.dailynewshungary.com\/wp-content\/uploads\/2021\/09\/Hungarian-pilgrims-hostel-Casa-di-Santo-Stefano-inaugurated-in-Rome-6-50x33.jpg 50w, https:\/\/contentf5.dailynewshungary.com\/wp-content\/uploads\/2021\/09\/Hungarian-pilgrims-hostel-Casa-di-Santo-Stefano-inaugurated-in-Rome-6-112x75.jpg 112w\" sizes=\"auto, (max-width: 1600px) 100vw, 1600px\"><\/figure>\n<p>An der Veranstaltung nahm Paul Richard Gallagher, Staatssekret\u00e4r f\u00fcr die Beziehungen zu Staaten innerhalb des Heiligen Stuhls, teil, der Papst Franziskus bei seinen j\u00fcngsten Besuchen in Ungarn und der Slowakei begleitete.<\/p>\n<ul class=\"wp-block-list\">\n<li><a href=\"https:\/\/dailynewshungary.com\/de\/papst-franziskus-hielt-eine-privataudienz-fur-den-ungarischen-kardinal-peter-erd-to\/\">Papst Franziskus hielt eine Privataudienz f\u00fcr den ungarischen Kardinal P\u00e9ter Erd to<\/a><\/li>\n<\/ul>\n<p>Gallagher wollte nicht \u00fcber die Einzelheiten des Besuchs sprechen, sagte dies jedoch<\/p>\n<blockquote class=\"wp-block-quote is-layout-flow wp-block-quote-is-layout-flow\">\n<p>\u201cEs stellte sich heraus, dass Budapest nicht so weit vom Vatikan entfernt liegt\u201d.<\/p>\n<\/blockquote>\n<p>Er f\u00fcgte hinzu, dass nach dem Internationalen Eucharistischen Kongress und dem Papstbesuch mit der Ankunft weiterer Pilger in Rom zu rechnen sei.<\/p>\n<p>Bischof Andr\u00e1s Veres, Pr\u00e4sident der Ungarischen Katholischen Bischofskonferenz, sagte gegen\u00fcber MTI, dass die Abschlussmesse des vom Heiligen Vater gefeierten Kongresses \u201eder ungarischen Kirche eine Art Programm gegeben\u201chatte\u201d.<\/p>\n<p>Er betonte die Notwendigkeit, die Begeisterung der Massen der Menschen, die an der p\u00e4pstlichen Messe teilnahmen, aufrechtzuerhalten und zu f\u00f6rdern.<\/p>\n<h2 class=\"wp-block-heading\">Fotogalerie<\/h2>\n<figure class=\"wp-block-gallery columns-3 is-cropped wp-block-gallery-1 is-layout-flex wp-block-gallery-is-layout-flex\">\n<ul class=\"blocks-gallery-grid\">\n<li class=\"blocks-gallery-item\">\n<figure><a href=\"https:\/\/contentf5.dailynewshungary.com\/wp-content\/uploads\/2021\/09\/Hungarian-pilgrims-hostel-Casa-di-Santo-Stefano-inaugurated-in-Rome-4.jpg\" data-pswp-width=\"1600\" data-pswp-height=\"1067\" data-cropped=\"true\"><img loading=\"lazy\" decoding=\"async\" width=\"1600\" height=\"1067\" src=\"https:\/\/contentf5.dailynewshungary.com\/wp-content\/uploads\/2021\/09\/Hungarian-pilgrims-hostel-Casa-di-Santo-Stefano-inaugurated-in-Rome-4.jpg\" alt=\"Ungarische Pilgerherberge Casa di Santo Stefano in Rom eingeweiht\" data-id=\"425798\" data-full-url=\"https:\/\/contentf5.dailynewshungary.com\/wp-content\/uploads\/2021\/09\/Hungarian-pilgrims-hostel-Casa-di-Santo-Stefano-inaugurated-in-Rome-4.jpg\" data-link=\"https:\/\/dailynewshungary.com\/?attachment_id=425798\" class=\"wp-image-425798\" srcset=\"https:\/\/contentf5.dailynewshungary.com\/wp-content\/uploads\/2021\/09\/Hungarian-pilgrims-hostel-Casa-di-Santo-Stefano-inaugurated-in-Rome-4.jpg 1600w, https:\/\/contentf5.dailynewshungary.com\/wp-content\/uploads\/2021\/09\/Hungarian-pilgrims-hostel-Casa-di-Santo-Stefano-inaugurated-in-Rome-4-768x512.jpg 768w, https:\/\/contentf5.dailynewshungary.com\/wp-content\/uploads\/2021\/09\/Hungarian-pilgrims-hostel-Casa-di-Santo-Stefano-inaugurated-in-Rome-4-1536x1024.jpg 1536w, https:\/\/contentf5.dailynewshungary.com\/wp-content\/uploads\/2021\/09\/Hungarian-pilgrims-hostel-Casa-di-Santo-Stefano-inaugurated-in-Rome-4-350x233.jpg 350w, https:\/\/contentf5.dailynewshungary.com\/wp-content\/uploads\/2021\/09\/Hungarian-pilgrims-hostel-Casa-di-Santo-Stefano-inaugurated-in-Rome-4-248x165.jpg 248w, https:\/\/contentf5.dailynewshungary.com\/wp-content\/uploads\/2021\/09\/Hungarian-pilgrims-hostel-Casa-di-Santo-Stefano-inaugurated-in-Rome-4-219x146.jpg 219w, https:\/\/contentf5.dailynewshungary.com\/wp-content\/uploads\/2021\/09\/Hungarian-pilgrims-hostel-Casa-di-Santo-Stefano-inaugurated-in-Rome-4-50x33.jpg 50w, https:\/\/contentf5.dailynewshungary.com\/wp-content\/uploads\/2021\/09\/Hungarian-pilgrims-hostel-Casa-di-Santo-Stefano-inaugurated-in-Rome-4-112x75.jpg 112w\" sizes=\"auto, (max-width: 1600px) 100vw, 1600px\"><\/a><figcaption class=\"blocks-gallery-item__caption\">Ungarische Pilgerherberge Casa di Santo Stefano in Rom eingeweiht Foto: Magyar Kur\u00edr<\/figcaption><\/figure>\n<\/li>\n<li class=\"blocks-gallery-item\">\n<figure><a href=\"https:\/\/contentf5.dailynewshungary.com\/wp-content\/uploads\/2021\/09\/Hungarian-pilgrims-hostel-Casa-di-Santo-Stefano-inaugurated-in-Rome-5.jpg\" data-pswp-width=\"1600\" data-pswp-height=\"1067\" data-cropped=\"true\"><img loading=\"lazy\" decoding=\"async\" width=\"1600\" height=\"1067\" src=\"https:\/\/contentf5.dailynewshungary.com\/wp-content\/uploads\/2021\/09\/Hungarian-pilgrims-hostel-Casa-di-Santo-Stefano-inaugurated-in-Rome-5.jpg\" alt=\"Ungarische Pilgerherberge Casa di Santo Stefano in Rom eingeweiht\" data-id=\"425800\" data-full-url=\"https:\/\/contentf5.dailynewshungary.com\/wp-content\/uploads\/2021\/09\/Hungarian-pilgrims-hostel-Casa-di-Santo-Stefano-inaugurated-in-Rome-5.jpg\" data-link=\"https:\/\/dailynewshungary.com\/?attachment_id=425800\" class=\"wp-image-425800\" srcset=\"https:\/\/contentf5.dailynewshungary.com\/wp-content\/uploads\/2021\/09\/Hungarian-pilgrims-hostel-Casa-di-Santo-Stefano-inaugurated-in-Rome-5.jpg 1600w, https:\/\/contentf5.dailynewshungary.com\/wp-content\/uploads\/2021\/09\/Hungarian-pilgrims-hostel-Casa-di-Santo-Stefano-inaugurated-in-Rome-5-768x512.jpg 768w, https:\/\/contentf5.dailynewshungary.com\/wp-content\/uploads\/2021\/09\/Hungarian-pilgrims-hostel-Casa-di-Santo-Stefano-inaugurated-in-Rome-5-1536x1024.jpg 1536w, https:\/\/contentf5.dailynewshungary.com\/wp-content\/uploads\/2021\/09\/Hungarian-pilgrims-hostel-Casa-di-Santo-Stefano-inaugurated-in-Rome-5-350x233.jpg 350w, https:\/\/contentf5.dailynewshungary.com\/wp-content\/uploads\/2021\/09\/Hungarian-pilgrims-hostel-Casa-di-Santo-Stefano-inaugurated-in-Rome-5-248x165.jpg 248w, https:\/\/contentf5.dailynewshungary.com\/wp-content\/uploads\/2021\/09\/Hungarian-pilgrims-hostel-Casa-di-Santo-Stefano-inaugurated-in-Rome-5-219x146.jpg 219w, https:\/\/contentf5.dailynewshungary.com\/wp-content\/uploads\/2021\/09\/Hungarian-pilgrims-hostel-Casa-di-Santo-Stefano-inaugurated-in-Rome-5-50x33.jpg 50w, https:\/\/contentf5.dailynewshungary.com\/wp-content\/uploads\/2021\/09\/Hungarian-pilgrims-hostel-Casa-di-Santo-Stefano-inaugurated-in-Rome-5-112x75.jpg 112w\" sizes=\"auto, (max-width: 1600px) 100vw, 1600px\"><\/a><figcaption class=\"blocks-gallery-item__caption\">Ungarische Pilgerherberge Casa di Santo Stefano in Rom eingeweiht Foto: Magyar Kur\u00edr<\/figcaption><\/figure>\n<\/li>\n<li class=\"blocks-gallery-item\">\n<figure><a href=\"https:\/\/contentf5.dailynewshungary.com\/wp-content\/uploads\/2021\/09\/Hungarian-pilgrims-hostel-Casa-di-Santo-Stefano-inaugurated-in-Rome-3.jpg\" data-pswp-width=\"1067\" data-pswp-height=\"1600\" data-cropped=\"true\"><img loading=\"lazy\" decoding=\"async\" width=\"1067\" height=\"1600\" src=\"https:\/\/contentf5.dailynewshungary.com\/wp-content\/uploads\/2021\/09\/Hungarian-pilgrims-hostel-Casa-di-Santo-Stefano-inaugurated-in-Rome-3.jpg\" alt=\"Ungarische Pilgerherberge Casa di Santo Stefano in Rom eingeweiht\" data-id=\"425797\" data-full-url=\"https:\/\/contentf5.dailynewshungary.com\/wp-content\/uploads\/2021\/09\/Hungarian-pilgrims-hostel-Casa-di-Santo-Stefano-inaugurated-in-Rome-3.jpg\" data-link=\"https:\/\/dailynewshungary.com\/?attachment_id=425797\" class=\"wp-image-425797\" srcset=\"https:\/\/contentf5.dailynewshungary.com\/wp-content\/uploads\/2021\/09\/Hungarian-pilgrims-hostel-Casa-di-Santo-Stefano-inaugurated-in-Rome-3.jpg 1067w, https:\/\/contentf5.dailynewshungary.com\/wp-content\/uploads\/2021\/09\/Hungarian-pilgrims-hostel-Casa-di-Santo-Stefano-inaugurated-in-Rome-3-768x1152.jpg 768w, https:\/\/contentf5.dailynewshungary.com\/wp-content\/uploads\/2021\/09\/Hungarian-pilgrims-hostel-Casa-di-Santo-Stefano-inaugurated-in-Rome-3-1024x1536.jpg 1024w, https:\/\/contentf5.dailynewshungary.com\/wp-content\/uploads\/2021\/09\/Hungarian-pilgrims-hostel-Casa-di-Santo-Stefano-inaugurated-in-Rome-3-350x525.jpg 350w, https:\/\/contentf5.dailynewshungary.com\/wp-content\/uploads\/2021\/09\/Hungarian-pilgrims-hostel-Casa-di-Santo-Stefano-inaugurated-in-Rome-3-248x372.jpg 248w, https:\/\/contentf5.dailynewshungary.com\/wp-content\/uploads\/2021\/09\/Hungarian-pilgrims-hostel-Casa-di-Santo-Stefano-inaugurated-in-Rome-3-97x146.jpg 97w, https:\/\/contentf5.dailynewshungary.com\/wp-content\/uploads\/2021\/09\/Hungarian-pilgrims-hostel-Casa-di-Santo-Stefano-inaugurated-in-Rome-3-33x50.jpg 33w, https:\/\/contentf5.dailynewshungary.com\/wp-content\/uploads\/2021\/09\/Hungarian-pilgrims-hostel-Casa-di-Santo-Stefano-inaugurated-in-Rome-3-50x75.jpg 50w\" sizes=\"auto, (max-width: 1067px) 100vw, 1067px\"><\/a><figcaption class=\"blocks-gallery-item__caption\">Ungarische Pilgerherberge Casa di Santo Stefano in Rom eingeweiht Foto: Magyar Kur\u00edr<\/figcaption><\/figure>\n<\/li>\n<li class=\"blocks-gallery-item\">\n<figure><a href=\"https:\/\/contentf5.dailynewshungary.com\/wp-content\/uploads\/2021\/09\/Hungarian-pilgrims-hostel-Casa-di-Santo-Stefano-inaugurated-in-Rome-2.jpg\" data-pswp-width=\"1600\" data-pswp-height=\"1067\" data-cropped=\"true\"><img loading=\"lazy\" decoding=\"async\" width=\"1600\" height=\"1067\" src=\"https:\/\/contentf5.dailynewshungary.com\/wp-content\/uploads\/2021\/09\/Hungarian-pilgrims-hostel-Casa-di-Santo-Stefano-inaugurated-in-Rome-2.jpg\" alt=\"Ungarische Pilgerherberge Casa di Santo Stefano in Rom eingeweiht\" data-id=\"425796\" data-full-url=\"https:\/\/contentf5.dailynewshungary.com\/wp-content\/uploads\/2021\/09\/Hungarian-pilgrims-hostel-Casa-di-Santo-Stefano-inaugurated-in-Rome-2.jpg\" data-link=\"https:\/\/dailynewshungary.com\/?attachment_id=425796\" class=\"wp-image-425796\" srcset=\"https:\/\/contentf5.dailynewshungary.com\/wp-content\/uploads\/2021\/09\/Hungarian-pilgrims-hostel-Casa-di-Santo-Stefano-inaugurated-in-Rome-2.jpg 1600w, https:\/\/contentf5.dailynewshungary.com\/wp-content\/uploads\/2021\/09\/Hungarian-pilgrims-hostel-Casa-di-Santo-Stefano-inaugurated-in-Rome-2-768x512.jpg 768w, https:\/\/contentf5.dailynewshungary.com\/wp-content\/uploads\/2021\/09\/Hungarian-pilgrims-hostel-Casa-di-Santo-Stefano-inaugurated-in-Rome-2-1536x1024.jpg 1536w, https:\/\/contentf5.dailynewshungary.com\/wp-content\/uploads\/2021\/09\/Hungarian-pilgrims-hostel-Casa-di-Santo-Stefano-inaugurated-in-Rome-2-350x233.jpg 350w, https:\/\/contentf5.dailynewshungary.com\/wp-content\/uploads\/2021\/09\/Hungarian-pilgrims-hostel-Casa-di-Santo-Stefano-inaugurated-in-Rome-2-248x165.jpg 248w, https:\/\/contentf5.dailynewshungary.com\/wp-content\/uploads\/2021\/09\/Hungarian-pilgrims-hostel-Casa-di-Santo-Stefano-inaugurated-in-Rome-2-219x146.jpg 219w, https:\/\/contentf5.dailynewshungary.com\/wp-content\/uploads\/2021\/09\/Hungarian-pilgrims-hostel-Casa-di-Santo-Stefano-inaugurated-in-Rome-2-50x33.jpg 50w, https:\/\/contentf5.dailynewshungary.com\/wp-content\/uploads\/2021\/09\/Hungarian-pilgrims-hostel-Casa-di-Santo-Stefano-inaugurated-in-Rome-2-112x75.jpg 112w\" sizes=\"auto, (max-width: 1600px) 100vw, 1600px\"><\/a><figcaption class=\"blocks-gallery-item__caption\">Ungarische Pilgerherberge Casa di Santo Stefano in Rom eingeweiht Foto: Magyar Kur\u00edr<\/figcaption><\/figure>\n<\/li>\n<li class=\"blocks-gallery-item\">\n<figure><a href=\"https:\/\/contentf5.dailynewshungary.com\/wp-content\/uploads\/2021\/09\/Hungarian-pilgrims-hostel-Casa-di-Santo-Stefano-inaugurated-in-Rome-.jpg\" data-pswp-width=\"1600\" data-pswp-height=\"1067\" data-cropped=\"true\"><img loading=\"lazy\" decoding=\"async\" width=\"1600\" height=\"1067\" src=\"https:\/\/contentf5.dailynewshungary.com\/wp-content\/uploads\/2021\/09\/Hungarian-pilgrims-hostel-Casa-di-Santo-Stefano-inaugurated-in-Rome-.jpg\" alt=\"Ungarische Pilgerherberge Casa di Santo Stefano in Rom eingeweiht\" data-id=\"425799\" data-full-url=\"https:\/\/contentf5.dailynewshungary.com\/wp-content\/uploads\/2021\/09\/Hungarian-pilgrims-hostel-Casa-di-Santo-Stefano-inaugurated-in-Rome-.jpg\" data-link=\"https:\/\/dailynewshungary.com\/?attachment_id=425799\" class=\"wp-image-425799\" srcset=\"https:\/\/contentf5.dailynewshungary.com\/wp-content\/uploads\/2021\/09\/Hungarian-pilgrims-hostel-Casa-di-Santo-Stefano-inaugurated-in-Rome-.jpg 1600w, https:\/\/contentf5.dailynewshungary.com\/wp-content\/uploads\/2021\/09\/Hungarian-pilgrims-hostel-Casa-di-Santo-Stefano-inaugurated-in-Rome--768x512.jpg 768w, https:\/\/contentf5.dailynewshungary.com\/wp-content\/uploads\/2021\/09\/Hungarian-pilgrims-hostel-Casa-di-Santo-Stefano-inaugurated-in-Rome--1536x1024.jpg 1536w, https:\/\/contentf5.dailynewshungary.com\/wp-content\/uploads\/2021\/09\/Hungarian-pilgrims-hostel-Casa-di-Santo-Stefano-inaugurated-in-Rome--350x233.jpg 350w, https:\/\/contentf5.dailynewshungary.com\/wp-content\/uploads\/2021\/09\/Hungarian-pilgrims-hostel-Casa-di-Santo-Stefano-inaugurated-in-Rome--248x165.jpg 248w, https:\/\/contentf5.dailynewshungary.com\/wp-content\/uploads\/2021\/09\/Hungarian-pilgrims-hostel-Casa-di-Santo-Stefano-inaugurated-in-Rome--219x146.jpg 219w, https:\/\/contentf5.dailynewshungary.com\/wp-content\/uploads\/2021\/09\/Hungarian-pilgrims-hostel-Casa-di-Santo-Stefano-inaugurated-in-Rome--50x33.jpg 50w, https:\/\/contentf5.dailynewshungary.com\/wp-content\/uploads\/2021\/09\/Hungarian-pilgrims-hostel-Casa-di-Santo-Stefano-inaugurated-in-Rome--112x75.jpg 112w\" sizes=\"auto, (max-width: 1600px) 100vw, 1600px\"><\/a><figcaption class=\"blocks-gallery-item__caption\">Ungarische Pilgerherberge Casa di Santo Stefano in Rom eingeweiht Foto: Magyar Kur\u00edr<\/figcaption><\/figure>\n<\/li>\n<\/ul>\n<\/figure>\n","protected":false},"excerpt":{"rendered":"<p>Das Sankt-Stephanus-Haus (Casa di Santo Stefano), eine ungarische Pilgerherberge, wurde am Samstagabend in Rom eingeweiht. An der Weihezeremonie sprachen Kardinal P\u00e9ter Erd., Erzbischof von Esztergom-Budapest, und Mikl\u00f3s Solteesz, ungarischer Staatssekret\u00e4r f\u00fcr Kirchen- und Minderheitenbeziehungen. An der Veranstaltung nahm Paul Richard Gallagher, Staatssekret\u00e4r f\u00fcr die Beziehungen zu Staaten innerhalb des Heiligen Stuhls, teil, der Papst Franziskus [&hellip;]<\/p>\n","protected":false},"author":2,"featured_media":698318,"comment_status":"open","ping_status":"open","sticky":false,"template":"","format":"standard","meta":{"_acf_changed":false,"_display_image":"yes","footnotes":""},"categories":[1151],"tags":[1170,1134,1076],"class_list":["post-698317","post","type-post","status-publish","format-standard","has-post-thumbnail","hentry","category-kulturen","tag-italien","tag-religion","tag-ungarn"],"blocksy_meta":[],"acf":[],"author_username":"alk","telegram_post":"","public_post_metadata":{"breaking_news":"","important":"","csempe":"","center_tile":"","disable_thumbnail":"","target_lang":"","_featured_image_style":"hidden","telegram_post":"","_xlat_group_id":""},"public_rank_math_data":{"title":"%title% %sep% %sitename%","description":"","focus_keyword":"","canonical_url":"","robots":"","primary_category":"1151","breadcrumb_title":"","facebook_title":"","facebook_description":"","facebook_image":"","facebook_image_id":"","twitter_title":"","twitter_description":"","twitter_image":"","twitter_image_id":"","twitter_card_type":"","twitter_use_facebook":"","advanced_robots":"","pillar_content":"","seo_score":"","contentai_score":"","rich_snippet":""},"_links":{"self":[{"href":"https:\/\/dailynewshungary.com\/de\/wp-json\/wp\/v2\/posts\/698317","targetHints":{"allow":["GET"]}}],"collection":[{"href":"https:\/\/dailynewshungary.com\/de\/wp-json\/wp\/v2\/posts"}],"about":[{"href":"https:\/\/dailynewshungary.com\/de\/wp-json\/wp\/v2\/types\/post"}],"author":[{"embeddable":true,"href":"https:\/\/dailynewshungary.com\/de\/wp-json\/wp\/v2\/users\/2"}],"replies":[{"embeddable":true,"href":"https:\/\/dailynewshungary.com\/de\/wp-json\/wp\/v2\/comments?post=698317"}],"version-history":[{"count":0,"href":"https:\/\/dailynewshungary.com\/de\/wp-json\/wp\/v2\/posts\/698317\/revisions"}],"wp:featuredmedia":[{"embeddable":true,"href":"https:\/\/dailynewshungary.com\/de\/wp-json\/wp\/v2\/media\/698318"}],"wp:attachment":[{"href":"https:\/\/dailynewshungary.com\/de\/wp-json\/wp\/v2\/media?parent=698317"}],"wp:term":[{"taxonomy":"category","embeddable":true,"href":"https:\/\/dailynewshungary.com\/de\/wp-json\/wp\/v2\/categories?post=698317"},{"taxonomy":"post_tag","embeddable":true,"href":"https:\/\/dailynewshungary.com\/de\/wp-json\/wp\/v2\/tags?post=698317"}],"curies":[{"name":"wp","href":"https:\/\/api.w.org\/{rel}","templated":true}]}}