{"id":698444,"date":"2021-09-23T09:45:00","date_gmt":"2021-09-23T07:45:00","guid":{"rendered":"https:\/\/dailynewshungary.com\/de\/regierung-programme-zur-integration-der-roma-in-ungarn-waren-erfolgreich\/"},"modified":"2021-09-23T09:45:00","modified_gmt":"2021-09-23T07:45:00","slug":"regierung-programme-zur-integration-der-roma-in-ungarn-waren-erfolgreich","status":"publish","type":"post","link":"https:\/\/dailynewshungary.com\/de\/regierung-programme-zur-integration-der-roma-in-ungarn-waren-erfolgreich\/","title":{"rendered":"Regierung: Programme zur Integration der Roma in Ungarn waren erfolgreich"},"content":{"rendered":"<p><strong>Ungarn habe unter seiner christdemokratischen Regierung seit 2010 eine gr\u00f6\u00dfere Gleichstellung erreicht und eine bessere Versorgung der Benachteiligten in der Gesellschaft sichergestellt, sagte ein Abgeordneter der Regierungspartei Fidesz und er\u00f6ffnete am Mittwoch in Budapest eine dreit\u00e4gige internationale Konferenz zur Roma-Integration.<\/strong><\/p>\n<p>Ungarn habe im Mai f\u00fcr sechs Monate den Vorsitz des Ministerkomitees des Europarates (CoE) \u00fcbernommen, sagte Zsolt N\u00e9meth, Mitglied der Parlamentarischen Versammlung des Europarates (PACE), der VeranstaltungDer Vorsitz biete eine herausragende Gelegenheit f\u00fcr Ungarn, seine Interessen durchzusetzen, insbesondere im Bereich der nationalen und ethnischen Minderheitenrechte, einschlie\u00dflich der Rechte der Roma-Minderheit, sagte Nemeth und f\u00fcgte hinzu, dass dies eine Priorit\u00e4t sei.<\/p>\n<blockquote>\n<p>N\u00e9meth sagte, Ungarns nationale Roma-Integrationsstrategie sei 2011 verabschiedet worden<\/p>\n<\/blockquote>\n<p>umfassendste Strategie des Landes war, die auf die Bek\u00e4mpfung der Armut und die Integration seiner Roma-Gemeinschaft abzielteEr unterstrich das Engagement der Regierung f\u00fcr die Erf\u00fcllung dieser beiden Ziele.<\/p>\n<div style=\"text-align: center;\"><a href=\"https:\/\/dailynewshungary.com\/de\/der-europarat-fordert-ungarn-auf-den-zugang-der-roma-zu-bildung-wohnraum-und-gesundheitsversorgung-zu-verbessern\/\">Der Europarat fordert Ungarn auf, den Zugang der Roma zu Bildung, Wohnraum und Gesundheitsversorgung zu verbessern<\/a><\/div>\n<p>In ihrer Ansprache zur Er\u00f6ffnung hob Snezana Samardzic-Markovic, Generaldirektorin f\u00fcr Demokratie beim Europarat, unter den Aufgaben hervor, die im Aktionsplan 2020-2025 des Europarates zur Bek\u00e4mpfung der Diskriminierung der Roma und Ma\u00dfnahmen gegen Hasskriminalit\u00e4t definiert sind. Sie forderte die Bereitstellung hochwertiger Bildung f\u00fcr Roma-Kinder und die Gleichberechtigung von Roma-Frauen als zentrale Ziele.<\/p>\n<p>\u201eSchulprogramme f\u00fcr Roma- und Nicht-Roma-Kinder sch\u00e4rfen das Bewusstsein daf\u00fcr, dass die<\/p>\n<blockquote>\n<p>Roma sind ein integraler Bestandteil nationaler und europ\u00e4ischer Gesellschaften<\/p>\n<\/blockquote>\n<p>und hervorheben, dass sie zur gemeinsamen europ\u00e4ischen Geschichte und zu unserem gemeinsamen kulturellen Erbe beigetragen haben, sagte sie\u201d L\u00e1szl\u00f3 Felkai, Staatssekret\u00e4r f\u00fcr Sicherheitspolitik des Innenministeriums, sagte, der Europarat sollte eine Rolle bei der Vorstellung der nationalen Roma-Integrationsstrategien der Mitgliedstaaten spielen, damit diese etwas \u00fcber die guten Praktiken des anderen erfahren k\u00f6nnen.<\/p>\n<p>Attila Sztojka, Regierungskommissar f\u00fcr Roma-Beziehungen, sagte, ein Job sei das, was den Mitgliedern der Roma-Gemeinschaften ihr Selbstwertgef\u00fchl zur\u00fcckgibt, und wies darauf hin, dass die Besch\u00e4ftigung der Roma in den letzten zehn Jahren um 50 Prozent gestiegen sei. P\u00e9ter Szt\u00e1ray, Staatssekret\u00e4r f\u00fcr Sicherheitspolitik des Au\u00dfenministeriums, sagte, die Konferenz wolle die Aufmerksamkeit auf Minderheitenfragen und die Bedeutung des interreligi\u00f6sen Dialogs lenken.<\/p>\n<blockquote>\n<p>\u201cHassreden, Rassismus und Antisemitismus sind in vielen Teilen Westeuropas wieder auf dem Vormarsch<\/p>\n<\/blockquote>\n<p>Deshalb sei ein h\u00e4ufigerer Dialog erforderlich, sagte er.<\/p>\n<p>Ausgew\u00e4hlte Bild: Illustration<\/p>\n","protected":false},"excerpt":{"rendered":"<p>Ungarn habe unter seiner christdemokratischen Regierung seit 2010 eine gr\u00f6\u00dfere Gleichstellung erreicht und eine bessere Versorgung der Benachteiligten in der Gesellschaft sichergestellt, sagte ein Abgeordneter der Regierungspartei Fidesz und er\u00f6ffnete am Mittwoch in Budapest eine dreit\u00e4gige internationale Konferenz zur Roma-Integration. Ungarn habe im Mai f\u00fcr sechs Monate den Vorsitz des Ministerkomitees des Europarates (CoE) \u00fcbernommen, [&hellip;]<\/p>\n","protected":false},"author":50,"featured_media":698445,"comment_status":"open","ping_status":"open","sticky":false,"template":"","format":"standard","meta":{"_acf_changed":false,"_display_image":"","footnotes":""},"categories":[1081],"tags":[2074,1102,1076],"class_list":["post-698444","post","type-post","status-publish","format-standard","has-post-thumbnail","hentry","category-politik","tag-roma","tag-ungarische-regierung","tag-ungarn"],"blocksy_meta":[],"acf":[],"author_username":"dnh","telegram_post":"","public_post_metadata":{"breaking_news":"","important":"","csempe":"","center_tile":"","disable_thumbnail":"","target_lang":"","_featured_image_style":"","telegram_post":"","_xlat_group_id":""},"public_rank_math_data":{"title":"%title% %sep% %sitename%","description":"","focus_keyword":"","canonical_url":"","robots":"","primary_category":"1081","breadcrumb_title":"","facebook_title":"","facebook_description":"","facebook_image":"","facebook_image_id":"","twitter_title":"","twitter_description":"","twitter_image":"","twitter_image_id":"","twitter_card_type":"","twitter_use_facebook":"","advanced_robots":"","pillar_content":"","seo_score":"","contentai_score":"","rich_snippet":""},"_links":{"self":[{"href":"https:\/\/dailynewshungary.com\/de\/wp-json\/wp\/v2\/posts\/698444","targetHints":{"allow":["GET"]}}],"collection":[{"href":"https:\/\/dailynewshungary.com\/de\/wp-json\/wp\/v2\/posts"}],"about":[{"href":"https:\/\/dailynewshungary.com\/de\/wp-json\/wp\/v2\/types\/post"}],"author":[{"embeddable":true,"href":"https:\/\/dailynewshungary.com\/de\/wp-json\/wp\/v2\/users\/50"}],"replies":[{"embeddable":true,"href":"https:\/\/dailynewshungary.com\/de\/wp-json\/wp\/v2\/comments?post=698444"}],"version-history":[{"count":0,"href":"https:\/\/dailynewshungary.com\/de\/wp-json\/wp\/v2\/posts\/698444\/revisions"}],"wp:featuredmedia":[{"embeddable":true,"href":"https:\/\/dailynewshungary.com\/de\/wp-json\/wp\/v2\/media\/698445"}],"wp:attachment":[{"href":"https:\/\/dailynewshungary.com\/de\/wp-json\/wp\/v2\/media?parent=698444"}],"wp:term":[{"taxonomy":"category","embeddable":true,"href":"https:\/\/dailynewshungary.com\/de\/wp-json\/wp\/v2\/categories?post=698444"},{"taxonomy":"post_tag","embeddable":true,"href":"https:\/\/dailynewshungary.com\/de\/wp-json\/wp\/v2\/tags?post=698444"}],"curies":[{"name":"wp","href":"https:\/\/api.w.org\/{rel}","templated":true}]}}