{"id":699371,"date":"2021-08-24T12:30:00","date_gmt":"2021-08-24T10:30:00","guid":{"rendered":"https:\/\/dailynewshungary.com\/de\/ungarische-universitaten-bereiten-sich-auf-eine-mogliche-vierte-welle-vor\/"},"modified":"2021-08-24T12:30:00","modified_gmt":"2021-08-24T10:30:00","slug":"ungarische-universitaten-bereiten-sich-auf-eine-mogliche-vierte-welle-vor","status":"publish","type":"post","link":"https:\/\/dailynewshungary.com\/de\/ungarische-universitaten-bereiten-sich-auf-eine-mogliche-vierte-welle-vor\/","title":{"rendered":"Ungarische Universit\u00e4ten bereiten sich auf eine m\u00f6gliche vierte Welle vor?"},"content":{"rendered":"<p><strong>Im September wird die Bildung auf traditionelle Weise an ungarischen Universit\u00e4ten beginnen, die alle mit unterschiedlichen Bildungsl\u00f6sungen vorbereitet werden, falls die vierte Welle der Pandemie in Ungarn auftritt.<\/strong><\/p>\n<p>Vermutlich wird die universit\u00e4re Ausbildung in Ungarn ab September auf traditionelle Weise mit Pr\u00e4senzunterricht beginnen Dennoch sind die Hochschuleinrichtungen auch f\u00fcr den Fall einer m\u00f6glichen vierten Welle gut auf Online-Bildung vorbereitet Wie wir bereits berichteten <strong><a rel=\"noopener noreferrer\" href=\"https:\/\/dailynewshungary.com\/de\/was-ist-von-der-vierten-covid-welle-zu-erwarten\/\" target=\"_blank\">Es gibt mehrere Szenarien, was die n\u00e4chste Welle des Coronavirus bringen wird<\/a><\/strong> Das<strong> <a rel=\"noopener noreferrer\" href=\"https:\/\/dailynewshungary.com\/de\/ungarischer-virologe-sagt-voraus-wann-die-vierte-welle-ungarn-treffen-wird-masken-werden-zuruckkehren\/\" target=\"_blank\">Nach Angaben ungarischer Virologen wird Ungarn Mitte September treffen.<\/a><\/strong><\/p>\n<p>Um unerwartete Situationen durch die Pandemie zu vermeiden, haben sich die Universit\u00e4ten Szeged und Pecs mit unterschiedlichen Lernstrategien auf das Herbstsemester vorbereitet, die<\/p>\n<blockquote class=\"wp-block-quote is-layout-flow wp-block-quote-is-layout-flow\">\n<p>Einschlie\u00dflich presentieller, hybrider und Online-Bildungsl\u00f6sungen.<\/p>\n<\/blockquote>\n<p>Nach Angaben des Direktors der Universit\u00e4t Szeged k\u00f6nnen ab September alle diese Lernstrategien umgesetzt und sofort eingeschaltet werden, wenn sich die Covid-Situation in Ungarn verschlimmert.<\/p>\n<p>Einige Universit\u00e4ten in der ungarischen Hauptstadt sind noch zur\u00fcckhaltend Wie das ungarische Nachrichtenportal <a rel=\"noreferrer noopener\" aria-label=\"hvg (opens in a new tab)\" href=\"https:\/\/hvg.hu\/itthon\/20210823_egyetemek_koronavirus?s=hk\" target=\"_blank\"><em>hvg<\/em><\/a> Berichten, bieten die E\u00f6tv\u00f6s Lor\u00e1nd Universit\u00e4t und die Katholische Universit\u00e4t P\u00e1zm\u00e1ny P\u00e9ter auch die M\u00f6glichkeit, ihre Kurse aus bestimmten Gr\u00fcnden online abzuhalten (z. B. bei gesundheitlichen Beschwerden).<\/p>\n<p>Wie wir bereits berichteten <strong><a rel=\"noopener noreferrer\" href=\"https:\/\/dailynewshungary.com\/news_to_go\/nearly-76000-freshmen-in-higher-education-from-september\/\" target=\"_blank\">Fast 76.000 Studienanf\u00e4nger werden im September ihr Hochschulstudium beginnen.<\/a><\/strong> Als Folge davon wurden<\/p>\n<blockquote class=\"wp-block-quote is-layout-flow wp-block-quote-is-layout-flow\">\n<p>Einige Budapester Universit\u00e4ten bereiten sich darauf vor, die Vorlesungen \u00fcber eine bestimmte Anzahl von Personen online abzuhalten.<\/p>\n<\/blockquote>\n<p>Die Budapest Business School wird diese Online-L\u00f6sung im Falle von Kursen anwenden, die von mehr als 50 Studenten besucht werden Im Gegensatz dazu werden an der Corvinus-Universit\u00e4t ab September Ungarischkurse \u00fcber 150 Studenten und Englischkurse \u00fcber 60 Studenten online abgehalten.<\/p>\n<p>Als <em><a rel=\"noreferrer noopener\" href=\"https:\/\/rtl.hu\/rtlklub\/hirek\/jelenleti-oktatast-terveznek-de-az-egyetemek-keszek-az-online-oktatasra-is\" target=\"_blank\">RTL-Nachrichten<\/a><\/em> Berichte, Hygienepunkte und kontinuierliche H\u00e4ndedesinfektion werden in jeder Einrichtung bereitgestellt.<\/p>\n<p>Obwohl die Verwendung von Masken im Pr\u00e4senzunterricht nicht verpflichtend ist, d\u00fcrfen die Sch\u00fcler auf Wunsch eine Maske tragen.<\/p>\n","protected":false},"excerpt":{"rendered":"<p>Im September wird die Bildung auf traditionelle Weise an ungarischen Universit\u00e4ten beginnen, die alle mit unterschiedlichen Bildungsl\u00f6sungen vorbereitet werden, falls die vierte Welle der Pandemie in Ungarn auftritt. Vermutlich wird die universit\u00e4re Ausbildung in Ungarn ab September auf traditionelle Weise mit Pr\u00e4senzunterricht beginnen Dennoch sind die Hochschuleinrichtungen auch f\u00fcr den Fall einer m\u00f6glichen vierten Welle [&hellip;]<\/p>\n","protected":false},"author":37,"featured_media":699372,"comment_status":"open","ping_status":"open","sticky":false,"template":"","format":"standard","meta":{"_acf_changed":false,"_display_image":"","footnotes":""},"categories":[1098],"tags":[1438,1111,2243,1778,1152,1076],"class_list":["post-699371","post","type-post","status-publish","format-standard","has-post-thumbnail","hentry","category-gesellschaft","tag-bildung","tag-budapest","tag-coronavirus","tag-coronavirus-in-ungarn","tag-hochschulbildung","tag-ungarn"],"blocksy_meta":[],"acf":[],"author_username":"T. Kitti","telegram_post":"","public_post_metadata":{"breaking_news":"","important":"","csempe":"","center_tile":"","disable_thumbnail":"","target_lang":"","_featured_image_style":"","telegram_post":"","_xlat_group_id":""},"public_rank_math_data":{"title":"%title% %sep% %sitename%","description":"","focus_keyword":"","canonical_url":"","robots":"","primary_category":"1098","breadcrumb_title":"","facebook_title":"","facebook_description":"","facebook_image":"","facebook_image_id":"","twitter_title":"","twitter_description":"","twitter_image":"","twitter_image_id":"","twitter_card_type":"","twitter_use_facebook":"","advanced_robots":"","pillar_content":"","seo_score":"","contentai_score":"","rich_snippet":""},"_links":{"self":[{"href":"https:\/\/dailynewshungary.com\/de\/wp-json\/wp\/v2\/posts\/699371","targetHints":{"allow":["GET"]}}],"collection":[{"href":"https:\/\/dailynewshungary.com\/de\/wp-json\/wp\/v2\/posts"}],"about":[{"href":"https:\/\/dailynewshungary.com\/de\/wp-json\/wp\/v2\/types\/post"}],"author":[{"embeddable":true,"href":"https:\/\/dailynewshungary.com\/de\/wp-json\/wp\/v2\/users\/37"}],"replies":[{"embeddable":true,"href":"https:\/\/dailynewshungary.com\/de\/wp-json\/wp\/v2\/comments?post=699371"}],"version-history":[{"count":0,"href":"https:\/\/dailynewshungary.com\/de\/wp-json\/wp\/v2\/posts\/699371\/revisions"}],"wp:featuredmedia":[{"embeddable":true,"href":"https:\/\/dailynewshungary.com\/de\/wp-json\/wp\/v2\/media\/699372"}],"wp:attachment":[{"href":"https:\/\/dailynewshungary.com\/de\/wp-json\/wp\/v2\/media?parent=699371"}],"wp:term":[{"taxonomy":"category","embeddable":true,"href":"https:\/\/dailynewshungary.com\/de\/wp-json\/wp\/v2\/categories?post=699371"},{"taxonomy":"post_tag","embeddable":true,"href":"https:\/\/dailynewshungary.com\/de\/wp-json\/wp\/v2\/tags?post=699371"}],"curies":[{"name":"wp","href":"https:\/\/api.w.org\/{rel}","templated":true}]}}