{"id":700857,"date":"2021-06-29T11:00:00","date_gmt":"2021-06-29T09:00:00","guid":{"rendered":"https:\/\/dailynewshungary.com\/de\/die-neue-ungarische-staatsopernproduktion-von-andrea-chenier-auf-operavision\/"},"modified":"2021-06-29T11:00:00","modified_gmt":"2021-06-29T09:00:00","slug":"die-neue-ungarische-staatsopernproduktion-von-andrea-chenier-auf-operavision","status":"publish","type":"post","link":"https:\/\/dailynewshungary.com\/de\/die-neue-ungarische-staatsopernproduktion-von-andrea-chenier-auf-operavision\/","title":{"rendered":"Die neue ungarische Staatsopernproduktion von Andrea Ch\u00e9nier auf OperaVision"},"content":{"rendered":"<p><strong>Die neue ungarische Staatsopernproduktion von Andrea Ch\u00e9nier, das Meisterwerk von Umberto Giordano, kann zwischen dem 2. Juli 2021 (ab 7:00 Uhr MEZ) und dem 2. Januar 2022 auf OperaVision angesehen werden. In der Aufnahme der von Fabio Ceresa inszenierten Premiere am 29. Mai sind die herausragenden ungarischen Solisten Boldizs\u00e1r L\u00e1szl\u00f3, Eszter S\u00fcmegi und Michele Kalmandy unter der Leitung von Bal\u00e1zs Kocs\u00e1r zu sehen.<\/strong><\/p>\n<p><em>\u201cDie Revolution braucht keine Dichter!\u201d<\/em> Angeblich waren dies die Schlussworte der Staatsanwaltschaft, als das Revolutionstribunal Andrea Ch\u00e9nier in der blutigsten Zeit der Franz\u00f6sischen Revolution zum Tode verurteilte In Giordanos Werk geht Ch\u00e9niers Schicksal \u00fcber tats\u00e4chliche Ereignisse hinaus und wird zur Geschichte einer tragischen Dreiecksbeziehung, in der das Leben der Protagonisten den M\u00e4chten der Geschichte, des Verrats und der amour\u00f6sen Leidenschaft ausgesetzt ist Die Musik von Giordano f\u00e4ngt die Atmosph\u00e4re von Paris sowohl vor als auch w\u00e4hrend der Franz\u00f6sischen Revolution perfekt ein. Neben der Pr\u00e4sentation eleganter Adelst\u00e4nze und popul\u00e4rer revolution\u00e4rer Lieder, wie z <em>La Marseillaise<\/em>, er stattet die Hauptfiguren auch mit Melodien von unwiderstehlicher Sch\u00f6nheit aus.<\/p>\n<p>Die Inszenierung durch den Regisseur <strong>Fabio Ceresa<\/strong> Beschw\u00f6rt die Not, die die Protagonisten w\u00e4hrend der Franz\u00f6sischen Revolution erlebten, und versucht, einen universellen Zyklus historischer \u00dcberg\u00e4nge zu etablieren: Monarchie, Tyrannei, Revolution, Terror und Chaos f\u00fchren erneut zur Auferstehung einer Monarchie. Die spektakul\u00e4ren B\u00fchnenbilder und Kost\u00fcme, die an das Zeitalter erinnern, wurden von Ceresas Stammteam entworfen, darunter <strong>Tiziano Santi<\/strong> und <strong>Giuseppe Palella<\/strong> sowie Choreografin <strong>Mattia Agatiello<\/strong>. Die Titelrolle der Urauff\u00fchrungsaufnahme wird gesungen von <strong>Boldizs\u00e1r L\u00e1szl\u00f3<\/strong>Maddalena de Coigny wird aufgef\u00fchrt von <strong>Eszter S\u00fcmegi<\/strong>Der intrigante Diener Carlo G\u00e9rard wird von aufgef\u00fchrt <strong>Michele Kalmandy<\/strong>. Weitere Besetzung beinhaltet <strong>Bernadett Wiedemann<\/strong>, <strong>Ildik\u00f3 Megyim\u00f3recz<\/strong>, <strong>Lajos Geiger<\/strong>, <strong>M\u00e1tee F\u00fclep<\/strong>, <strong>J\u00e1nos Szerekov\u00e1n<\/strong> und <strong>Andr\u00e1s H\u00e1betler<\/strong>. Die <strong>Orchester und Chor der Ungarischen Staatsoper<\/strong> (Chorleiter: <strong>G\u00e1bor Csiki<\/strong>) werden vom Generalmusikdirektor geleitet <strong>Bal\u00e1zs Kocs\u00e1r<\/strong>.<\/p>\n<p>Die von Opera Europa, dem europ\u00e4ischen Verband der Opernh\u00e4user und Festivals, angebotene Plattform OperaVision startete im Herbst 2017, um das Genre bei Opernliebhabern und &#8211; novizen zu f\u00f6rdern Unterst\u00fctzt durch das Creative Europe Programm der Europ\u00e4ischen Union bringt OperaVision 29 Partner aus 17 L\u00e4ndern zusammen und l\u00e4dt Sie ein, zu reisen und die Vielfalt der Oper von wo immer Sie wollen, wann immer Sie wollen, zu entdecken Fr\u00fchere Beitr\u00e4ge der Ungarischen Staatsoper inklusive <em>H\u00e4nsel und Gretel<\/em> Von Humperdinck <em>B\u00e1nk B\u00e1n (Der Vizek\u00f6nig B\u00e1nk)<\/em> Von Erkel und <em>L&#8217;oca del Cairo, ossia Lo sposo deluso<\/em> Von Mozart, die alle zum Anschauen bereitstanden <a href=\"http:\/\/www.operavision.eu\" target=\"_blank\" rel=\"noopener noreferrer\">www.operavision.eu<\/a>.<\/p>\n","protected":false},"excerpt":{"rendered":"<p>Die neue ungarische Staatsopernproduktion von Andrea Ch\u00e9nier, das Meisterwerk von Umberto Giordano, kann zwischen dem 2. Juli 2021 (ab 7:00 Uhr MEZ) und dem 2. Januar 2022 auf OperaVision angesehen werden. In der Aufnahme der von Fabio Ceresa inszenierten Premiere am 29. Mai sind die herausragenden ungarischen Solisten Boldizs\u00e1r L\u00e1szl\u00f3, Eszter S\u00fcmegi und Michele Kalmandy [&hellip;]<\/p>\n","protected":false},"author":2,"featured_media":700858,"comment_status":"open","ping_status":"open","sticky":false,"template":"","format":"standard","meta":{"_acf_changed":false,"_display_image":"","footnotes":""},"categories":[1151],"tags":[1111,1483,1745,1076],"class_list":["post-700857","post","type-post","status-publish","format-standard","has-post-thumbnail","hentry","category-kulturen","tag-budapest","tag-ereignis","tag-oper","tag-ungarn"],"blocksy_meta":[],"acf":[],"author_username":"alk","telegram_post":"","public_post_metadata":{"breaking_news":"","important":"","csempe":"","center_tile":"","disable_thumbnail":"","target_lang":"","_featured_image_style":"","telegram_post":"","_xlat_group_id":""},"public_rank_math_data":{"title":"%title% %sep% %sitename%","description":"","focus_keyword":"","canonical_url":"","robots":"","primary_category":"1151","breadcrumb_title":"","facebook_title":"","facebook_description":"","facebook_image":"","facebook_image_id":"","twitter_title":"","twitter_description":"","twitter_image":"","twitter_image_id":"","twitter_card_type":"","twitter_use_facebook":"","advanced_robots":"","pillar_content":"","seo_score":"","contentai_score":"","rich_snippet":""},"_links":{"self":[{"href":"https:\/\/dailynewshungary.com\/de\/wp-json\/wp\/v2\/posts\/700857","targetHints":{"allow":["GET"]}}],"collection":[{"href":"https:\/\/dailynewshungary.com\/de\/wp-json\/wp\/v2\/posts"}],"about":[{"href":"https:\/\/dailynewshungary.com\/de\/wp-json\/wp\/v2\/types\/post"}],"author":[{"embeddable":true,"href":"https:\/\/dailynewshungary.com\/de\/wp-json\/wp\/v2\/users\/2"}],"replies":[{"embeddable":true,"href":"https:\/\/dailynewshungary.com\/de\/wp-json\/wp\/v2\/comments?post=700857"}],"version-history":[{"count":0,"href":"https:\/\/dailynewshungary.com\/de\/wp-json\/wp\/v2\/posts\/700857\/revisions"}],"wp:featuredmedia":[{"embeddable":true,"href":"https:\/\/dailynewshungary.com\/de\/wp-json\/wp\/v2\/media\/700858"}],"wp:attachment":[{"href":"https:\/\/dailynewshungary.com\/de\/wp-json\/wp\/v2\/media?parent=700857"}],"wp:term":[{"taxonomy":"category","embeddable":true,"href":"https:\/\/dailynewshungary.com\/de\/wp-json\/wp\/v2\/categories?post=700857"},{"taxonomy":"post_tag","embeddable":true,"href":"https:\/\/dailynewshungary.com\/de\/wp-json\/wp\/v2\/tags?post=700857"}],"curies":[{"name":"wp","href":"https:\/\/api.w.org\/{rel}","templated":true}]}}