{"id":701660,"date":"2021-06-04T15:00:00","date_gmt":"2021-06-04T13:00:00","guid":{"rendered":"https:\/\/dailynewshungary.com\/de\/nationaler-tag-des-zusammenhalts-oppositionelle-parteien-gedenken-trianon-jubilaums\/"},"modified":"2021-06-04T15:00:00","modified_gmt":"2021-06-04T13:00:00","slug":"nationaler-tag-des-zusammenhalts-oppositionelle-parteien-gedenken-trianon-jubilaums","status":"publish","type":"post","link":"https:\/\/dailynewshungary.com\/de\/nationaler-tag-des-zusammenhalts-oppositionelle-parteien-gedenken-trianon-jubilaums\/","title":{"rendered":"Nationaler Tag des Zusammenhalts \u2013 oppositionelle Parteien gedenken Trianon-Jubil\u00e4ums"},"content":{"rendered":"<p><strong>Ungarns Oppositionsparteien feierten am Freitag den 101. Jahrestag der Unterzeichnung des Friedensvertrags von Trianon, durch den Ungarn zwei Drittel seines Territoriums an Nachbarl\u00e4nder verlor.<\/strong><\/p>\n<p>In einer Erkl\u00e4rung sagte die Sozialistische Partei, dass zwar die Unterzeichnung des <a href=\"https:\/\/dailynewshungary.com\/de\/der-grose-britische-zuguberfall-wie-eine-15-kopfige-bande-1963-26-millionen-pfund-stahl\/\">Friedensvertrag von Trianon<\/a> \u201cnationale Trag\u00f6die\u201d war, reichte es nicht aus, dies einfach anzuerkennen Vielmehr besteht der Weg nach vorn f\u00fcr Ungarn darin, die Vorstellungen davon, was es bedeutet, Ungar und Europ\u00e4er zu sein, miteinander zu verkn\u00fcpfen, sagten sie.<\/p>\n<blockquote>\n<p>Die Partei sagte, dass der 4. Juni nicht nur der Jahrestag der Unterzeichnung des Trianon-Vertrags sei, sondern auch ein Tag, um den Zusammenhalt der Nation zu w\u00fcrdigen.<\/p>\n<\/blockquote>\n<p>Sie sagten, Ungarn als Mitglied der Europ\u00e4ischen Union k\u00f6nne viel mehr f\u00fcr ethnische Ungarn jenseits der Grenze tun, als es als \u201cAu\u00dfenstehender\u201d k\u00f6nne.<\/p>\n<p>\u201eHundertein Jahre sp\u00e4ter sind wir Mitglieder eines Blocks, in dem die Grenzen, die die ungarische Nation trennen, entweder immer unbedeutender werden oder ganz verschwinden, und wir glauben, dass wir in dieser Gemeinschaft die freie Nutzung erreichen und st\u00e4rken k\u00f6nnen.\u201cder Muttersprache, der Selbstbestimmung und der Durchsetzung von Minderheitenrechten\u201d, hei\u00dft es in der Erkl\u00e4rung.<\/p>\n<blockquote>\n<p>Die Partei forderte au\u00dferdem einen neuen Kompromiss und eine neue Zusammenarbeit in Bezug auf die Politik f\u00fcr Ungarn im Ausland, die ihrer Meinung nach der Schl\u00fcssel zur nationalen Einheit sei.<\/p>\n<\/blockquote>\n<p>Die Sozialisten erkl\u00e4rten, die Politik f\u00fcr Ungarn im Ausland sei daher ein wesentlicher Bestandteil ihres Wahlprogramms f\u00fcr die Vorwahlen der OppositionSie f\u00fcgten hinzu, dass ihre Plattform die Bewahrung der nationalen Identit\u00e4t und des kulturellen Erbes der Ungarn an ihrem Geburtsort sowie die territoriale, kulturelle und sprachliche Autonomie der ethnischen Ungarn jenseits der Grenze bef\u00fcrworte.<\/p>\n<p>Green LMP sagte, der Tag des nationalen Zusammenhalts sei eine \u201csymbolische Br\u00fccke\u201d, die alle Ungarn verbandEs hie\u00df, der Jahrestag des Trianon-Vertrags sei ein Tag, um an die Vergangenheit zu erinnern und in die Zukunft zu blicken.<\/p>\n<blockquote>\n<p>\u201cDas Karpatenbecken ist unser gemeinsames Erbe\u201d, sagte LMP in einer Stellungnahme \u201cDa konzentriert sich die St\u00e4rke unserer nationalen Gemeinschaft und hier werden die Verbindungen wieder aufgebaut, die vor 101 Jahren verloren gegangen sind\u201d<\/p>\n<\/blockquote>\n<p>Die Liberale Partei sagte, dass nur ein starkes Europa die Wunden Trianons heilen k\u00f6nneDie Partei erkl\u00e4rte in einer Erkl\u00e4rung, sie sei \u00fcberzeugt, dass das Interesse aller Ungarn in einer st\u00e4rkeren und einheitlicheren Europ\u00e4ischen Union liege \u201cWeil es die EU ist, die die Durchsetzung der Minderheitenrechte in den Mitgliedstaaten garantieren kann\u201d, sagten sie.<\/p>\n<p>\u201cDaher bleiben wir der Erweiterung und Integration der Europ\u00e4ischen Union sowie dem Beitritt der Ukraine zum Block verpflichtet\u201d, hei\u00dft es in der Erkl\u00e4rung \u201cWir sind davon \u00fcberzeugt, dass nur tolerante und einladende Nationen starke Nationen sind Und diejenigen, die politisches Kapital aus der Spaltung des Volkes suchen, begehen eine S\u00fcnde gegen das Land, so gro\u00df wie der Schmerz, den Trianon verursacht hat\u201d<\/p>\n","protected":false},"excerpt":{"rendered":"<p>Ungarns Oppositionsparteien feierten am Freitag den 101. Jahrestag der Unterzeichnung des Friedensvertrags von Trianon, durch den Ungarn zwei Drittel seines Territoriums an Nachbarl\u00e4nder verlor. In einer Erkl\u00e4rung sagte die Sozialistische Partei, dass zwar die Unterzeichnung des Friedensvertrag von Trianon \u201cnationale Trag\u00f6die\u201d war, reichte es nicht aus, dies einfach anzuerkennen Vielmehr besteht der Weg nach vorn [&hellip;]<\/p>\n","protected":false},"author":33,"featured_media":701661,"comment_status":"open","ping_status":"open","sticky":false,"template":"","format":"standard","meta":{"_acf_changed":false,"_display_image":"","footnotes":""},"categories":[1081],"tags":[3791,1873,1695,1126,1076,1652],"class_list":["post-701660","post","type-post","status-publish","format-standard","has-post-thumbnail","hentry","category-politik","tag-liberale","tag-lmp","tag-sozialisten","tag-ungarische-geschichte","tag-ungarn","tag-vertrag-von-trianon"],"blocksy_meta":[],"acf":[],"author_username":"ugyelet","telegram_post":"","public_post_metadata":{"breaking_news":"","important":"","csempe":"","center_tile":"","disable_thumbnail":"","target_lang":"","_featured_image_style":"","telegram_post":"","_xlat_group_id":""},"public_rank_math_data":{"title":"%title% %sep% %sitename%","description":"","focus_keyword":"","canonical_url":"","robots":"","primary_category":"1081","breadcrumb_title":"","facebook_title":"","facebook_description":"","facebook_image":"","facebook_image_id":"","twitter_title":"","twitter_description":"","twitter_image":"","twitter_image_id":"","twitter_card_type":"","twitter_use_facebook":"","advanced_robots":"","pillar_content":"","seo_score":"","contentai_score":"","rich_snippet":""},"_links":{"self":[{"href":"https:\/\/dailynewshungary.com\/de\/wp-json\/wp\/v2\/posts\/701660","targetHints":{"allow":["GET"]}}],"collection":[{"href":"https:\/\/dailynewshungary.com\/de\/wp-json\/wp\/v2\/posts"}],"about":[{"href":"https:\/\/dailynewshungary.com\/de\/wp-json\/wp\/v2\/types\/post"}],"author":[{"embeddable":true,"href":"https:\/\/dailynewshungary.com\/de\/wp-json\/wp\/v2\/users\/33"}],"replies":[{"embeddable":true,"href":"https:\/\/dailynewshungary.com\/de\/wp-json\/wp\/v2\/comments?post=701660"}],"version-history":[{"count":0,"href":"https:\/\/dailynewshungary.com\/de\/wp-json\/wp\/v2\/posts\/701660\/revisions"}],"wp:featuredmedia":[{"embeddable":true,"href":"https:\/\/dailynewshungary.com\/de\/wp-json\/wp\/v2\/media\/701661"}],"wp:attachment":[{"href":"https:\/\/dailynewshungary.com\/de\/wp-json\/wp\/v2\/media?parent=701660"}],"wp:term":[{"taxonomy":"category","embeddable":true,"href":"https:\/\/dailynewshungary.com\/de\/wp-json\/wp\/v2\/categories?post=701660"},{"taxonomy":"post_tag","embeddable":true,"href":"https:\/\/dailynewshungary.com\/de\/wp-json\/wp\/v2\/tags?post=701660"}],"curies":[{"name":"wp","href":"https:\/\/api.w.org\/{rel}","templated":true}]}}