{"id":702023,"date":"2021-05-25T22:50:00","date_gmt":"2021-05-25T20:50:00","guid":{"rendered":"https:\/\/dailynewshungary.com\/de\/ungarn-schickt-polizisten-nach-serbien-nordmazedonien\/"},"modified":"2021-05-25T22:50:00","modified_gmt":"2021-05-25T20:50:00","slug":"ungarn-schickt-polizisten-nach-serbien-nordmazedonien","status":"publish","type":"post","link":"https:\/\/dailynewshungary.com\/de\/ungarn-schickt-polizisten-nach-serbien-nordmazedonien\/","title":{"rendered":"Ungarn schickt Polizisten nach Serbien, Nordmazedonien"},"content":{"rendered":"<p><strong>Ungarn habe neue Polizeieinheiten entsandt, um den \u00f6rtlichen Streitkr\u00e4ften bei der Patrouille an den Grenzen in Serbien und Nordmazedonien zu helfen, teilte die nationale Polizei am Dienstag mit.<\/strong><\/p>\n<p>Die Nationalpolizei hat eine 20-k\u00f6pfige Einheit f\u00fcr den Dienst in Serbien und ein 30-k\u00f6pfiges Kontingent f\u00fcr den Dienst in Nordmazedonien eingesetztSie werden daran arbeiten, einen Zustrom illegaler Migranten auf EU-Territorium zu verhindern, hei\u00dft es in der Erkl\u00e4rung.<\/p>\n<blockquote>\n<p>Die Polizisten sollen die Grenzen der beiden L\u00e4nder patrouillieren und dabei helfen, Menschenschmuggler und illegale Migranten festzunehmen.<\/p>\n<\/blockquote>\n<p>Sie werden mit einer Reihe von Infrarotkameras und Polizeijeep-Autos ausgestattet.<\/p>\n<p>Einige der ungarischen Offiziere werden in den inneren Teilen der beiden L\u00e4nder stationiert sein.<\/p>\n","protected":false},"excerpt":{"rendered":"<p>Ungarn habe neue Polizeieinheiten entsandt, um den \u00f6rtlichen Streitkr\u00e4ften bei der Patrouille an den Grenzen in Serbien und Nordmazedonien zu helfen, teilte die nationale Polizei am Dienstag mit. Die Nationalpolizei hat eine 20-k\u00f6pfige Einheit f\u00fcr den Dienst in Serbien und ein 30-k\u00f6pfiges Kontingent f\u00fcr den Dienst in Nordmazedonien eingesetztSie werden daran arbeiten, einen Zustrom illegaler [&hellip;]<\/p>\n","protected":false},"author":3,"featured_media":0,"comment_status":"open","ping_status":"open","sticky":false,"template":"","format":"standard","meta":{"_acf_changed":false,"_display_image":"","footnotes":""},"categories":[1101],"tags":[1243,1445,1236,1488,1163],"class_list":["post-702023","post","type-post","status-publish","format-standard","hentry","category-flashnews","tag-balkan","tag-migration","tag-polizei","tag-serbia","tag-ungarische-polizei"],"blocksy_meta":[],"acf":[],"author_username":"becsi","telegram_post":"","public_post_metadata":{"breaking_news":"","important":"","csempe":"","center_tile":"","disable_thumbnail":"","target_lang":"","_featured_image_style":"","telegram_post":"","_xlat_group_id":""},"public_rank_math_data":{"title":"%title% %sep% %sitename%","description":"","focus_keyword":"","canonical_url":"","robots":"","primary_category":"1101","breadcrumb_title":"","facebook_title":"","facebook_description":"","facebook_image":"","facebook_image_id":"","twitter_title":"","twitter_description":"","twitter_image":"","twitter_image_id":"","twitter_card_type":"","twitter_use_facebook":"","advanced_robots":"","pillar_content":"","seo_score":"","contentai_score":"","rich_snippet":""},"_links":{"self":[{"href":"https:\/\/dailynewshungary.com\/de\/wp-json\/wp\/v2\/posts\/702023","targetHints":{"allow":["GET"]}}],"collection":[{"href":"https:\/\/dailynewshungary.com\/de\/wp-json\/wp\/v2\/posts"}],"about":[{"href":"https:\/\/dailynewshungary.com\/de\/wp-json\/wp\/v2\/types\/post"}],"author":[{"embeddable":true,"href":"https:\/\/dailynewshungary.com\/de\/wp-json\/wp\/v2\/users\/3"}],"replies":[{"embeddable":true,"href":"https:\/\/dailynewshungary.com\/de\/wp-json\/wp\/v2\/comments?post=702023"}],"version-history":[{"count":0,"href":"https:\/\/dailynewshungary.com\/de\/wp-json\/wp\/v2\/posts\/702023\/revisions"}],"wp:attachment":[{"href":"https:\/\/dailynewshungary.com\/de\/wp-json\/wp\/v2\/media?parent=702023"}],"wp:term":[{"taxonomy":"category","embeddable":true,"href":"https:\/\/dailynewshungary.com\/de\/wp-json\/wp\/v2\/categories?post=702023"},{"taxonomy":"post_tag","embeddable":true,"href":"https:\/\/dailynewshungary.com\/de\/wp-json\/wp\/v2\/tags?post=702023"}],"curies":[{"name":"wp","href":"https:\/\/api.w.org\/{rel}","templated":true}]}}