{"id":702042,"date":"2021-05-25T14:40:00","date_gmt":"2021-05-25T12:40:00","guid":{"rendered":"https:\/\/dailynewshungary.com\/de\/tschechen-ernennen-den-alten-gesundheitsminister-erneut-nachdem-sie-in-acht-monaten-vier-verloren-hatten\/"},"modified":"2021-05-25T14:40:00","modified_gmt":"2021-05-25T12:40:00","slug":"tschechen-ernennen-den-alten-gesundheitsminister-erneut-nachdem-sie-in-acht-monaten-vier-verloren-hatten","status":"publish","type":"post","link":"https:\/\/dailynewshungary.com\/de\/tschechen-ernennen-den-alten-gesundheitsminister-erneut-nachdem-sie-in-acht-monaten-vier-verloren-hatten\/","title":{"rendered":"Tschechen ernennen den alten Gesundheitsminister erneut, nachdem sie in acht Monaten vier verloren hatten"},"content":{"rendered":"<p><strong>Der tschechische Gesundheitsminister Petr Arenberger trat am Dienstag nach weniger als zwei Monaten im Amt zur\u00fcck, nachdem er wegen Immobilienbesitz und anderen Gesch\u00e4ftsbeziehungen unter die Beobachtung der Medien geraten war, und war damit der vierte Gesundheitsminister, der innerhalb von acht Monaten ausschied.<\/strong><\/p>\n<p>Sein Portfolio in einem Land, das eine der weltweit h\u00f6chsten Pro-Kopf-Infektionsraten mit Coronaviren erlitten hat, geht auf Adam Vojtech zur\u00fcck, der im vergangenen September nach einem Sommer lockerer Beschr\u00e4nkungen eine drastische Verschlechterung der Epidemiesituation erlebte.<\/p>\n<p>Vier Monate vor einer Wahl sagte die Opposition, die Personalpolitik von Premierminister Andrej Babis sei chaotisch und \u00e4hnelte der mittelalterlichen Astronomischen Uhr auf dem Prager Altstadtplatz, die st\u00fcndlich wechselnde Heiligenstatuen zeigt.<\/p>\n<p>Vojtech wurde letztes Jahr durch einen Epidemiologen und Oberst der Reservearmee ersetzt, der aufgab, nachdem er beim Brechen der Pandemiebeschr\u00e4nkungen beim Besuch eines Restaurants erwischt worden war.<\/p>\n<p>Ein weiterer Minister wurde nach Meinungsverschiedenheiten mit Babis und auf Druck von Pr\u00e4sident Milos Zeman, der erfolglos von der Regierung den Kauf des russischen Sputnik-V-Impfstoffs gefordert hatte, verdr\u00e4ngt.<\/p>\n<p>Arenberger war Prager Krankenhausdirektor, bevor er am 7. April in die Regierung eintrat, als die Tschechische Republik gerade die bisher schlimmste COVID-19-Welle hinter sich hatte.<\/p>\n<blockquote>\n<p>Die t\u00e4glichen Infektionen haben sich stark verlangsamt, von Spitzenwerten von rund 17.000 im Januar und M\u00e4rz bis zu den am Montag gemeldeten 695.<\/p>\n<\/blockquote>\n<p>Die Impfungen im Land mit 10,7 Millionen Einwohnern haben sich auf \u00fcber 80.000 an jedem Wochentag beschleunigt, und Gesch\u00e4fte und Restaurantterrassen wurden im Zuge einer schrittweisen Lockerung der Beschr\u00e4nkungen wiederer\u00f6ffnet.<\/p>\n<blockquote>\n<p>Arenberger k\u00fcndigte auf Druck von Medienberichten \u00fcber die Anzahl seiner Immobilien, von denen eines an das von ihm geleitete Krankenhaus vermietet wurde. Er war auch wegen klinischer Studien in seiner Privatklinik und der Privatisierung einer Wohnung in der Prager Innenstadt einer genauen Pr\u00fcfung ausgesetzt.<\/p>\n<\/blockquote>\n<p>Er hat ein Fehlverhalten bestrittenAm Dienstag sagte er, eine falsch ausgef\u00fcllte Verm\u00f6genserkl\u00e4rung habe wahrscheinlich Spekulationen ausgel\u00f6st.<\/p>\n<p>Laut Our World in Data hat die Tschechische Republik die zweith\u00f6chste Pro-Kopf-Todesrate weltweit durch das neue Coronavirus. Bis Dienstag waren 30.041 Menschen an COVID-19 gestorben.<\/p>\n<ul>\n<li><a href=\"https:\/\/dailynewshungary.com\/de\/der-polnische-premierminister-sagt-die-tschechen-seien-damit-einverstanden-die-klage-wegen-der-turow-mine-zuruckzuziehen\/\" target=\"_blank\" rel=\"noopener noreferrer\">Der polnische Premierminister sagt, die Tschechen seien damit einverstanden, die Klage wegen der Turow-Mine zur\u00fcckzuziehen<\/a><\/li>\n<\/ul>\n","protected":false},"excerpt":{"rendered":"<p>Der tschechische Gesundheitsminister Petr Arenberger trat am Dienstag nach weniger als zwei Monaten im Amt zur\u00fcck, nachdem er wegen Immobilienbesitz und anderen Gesch\u00e4ftsbeziehungen unter die Beobachtung der Medien geraten war, und war damit der vierte Gesundheitsminister, der innerhalb von acht Monaten ausschied. Sein Portfolio in einem Land, das eine der weltweit h\u00f6chsten Pro-Kopf-Infektionsraten mit Coronaviren [&hellip;]<\/p>\n","protected":false},"author":2,"featured_media":702043,"comment_status":"open","ping_status":"open","sticky":false,"template":"","format":"standard","meta":{"_acf_changed":false,"_display_image":"","footnotes":""},"categories":[1154],"tags":[2243,1366],"class_list":["post-702042","post","type-post","status-publish","format-standard","has-post-thumbnail","hentry","category-welt","tag-coronavirus","tag-tschechische-republik"],"blocksy_meta":[],"acf":[],"author_username":"alk","telegram_post":"","public_post_metadata":{"breaking_news":"","important":"","csempe":"","center_tile":"","disable_thumbnail":"","target_lang":"","_featured_image_style":"","telegram_post":"","_xlat_group_id":""},"public_rank_math_data":{"title":"%title% %sep% %sitename%","description":"","focus_keyword":"","canonical_url":"","robots":"","primary_category":"1154","breadcrumb_title":"","facebook_title":"","facebook_description":"","facebook_image":"","facebook_image_id":"","twitter_title":"","twitter_description":"","twitter_image":"","twitter_image_id":"","twitter_card_type":"","twitter_use_facebook":"","advanced_robots":"","pillar_content":"","seo_score":"","contentai_score":"","rich_snippet":""},"_links":{"self":[{"href":"https:\/\/dailynewshungary.com\/de\/wp-json\/wp\/v2\/posts\/702042","targetHints":{"allow":["GET"]}}],"collection":[{"href":"https:\/\/dailynewshungary.com\/de\/wp-json\/wp\/v2\/posts"}],"about":[{"href":"https:\/\/dailynewshungary.com\/de\/wp-json\/wp\/v2\/types\/post"}],"author":[{"embeddable":true,"href":"https:\/\/dailynewshungary.com\/de\/wp-json\/wp\/v2\/users\/2"}],"replies":[{"embeddable":true,"href":"https:\/\/dailynewshungary.com\/de\/wp-json\/wp\/v2\/comments?post=702042"}],"version-history":[{"count":0,"href":"https:\/\/dailynewshungary.com\/de\/wp-json\/wp\/v2\/posts\/702042\/revisions"}],"wp:featuredmedia":[{"embeddable":true,"href":"https:\/\/dailynewshungary.com\/de\/wp-json\/wp\/v2\/media\/702043"}],"wp:attachment":[{"href":"https:\/\/dailynewshungary.com\/de\/wp-json\/wp\/v2\/media?parent=702042"}],"wp:term":[{"taxonomy":"category","embeddable":true,"href":"https:\/\/dailynewshungary.com\/de\/wp-json\/wp\/v2\/categories?post=702042"},{"taxonomy":"post_tag","embeddable":true,"href":"https:\/\/dailynewshungary.com\/de\/wp-json\/wp\/v2\/tags?post=702042"}],"curies":[{"name":"wp","href":"https:\/\/api.w.org\/{rel}","templated":true}]}}