{"id":702079,"date":"2021-05-24T15:17:15","date_gmt":"2021-05-24T13:17:15","guid":{"rendered":"https:\/\/dailynewshungary.com\/de\/g7-steht-kurz-vor-einer-einigung-uber-die-besteuerung-der-grosten-unternehmen-der-welt-ft\/"},"modified":"2021-05-24T15:17:15","modified_gmt":"2021-05-24T13:17:15","slug":"g7-steht-kurz-vor-einer-einigung-uber-die-besteuerung-der-grosten-unternehmen-der-welt-ft","status":"publish","type":"post","link":"https:\/\/dailynewshungary.com\/de\/g7-steht-kurz-vor-einer-einigung-uber-die-besteuerung-der-grosten-unternehmen-der-welt-ft\/","title":{"rendered":"G7 steht kurz vor einer Einigung \u00fcber die Besteuerung der gr\u00f6\u00dften Unternehmen der Welt \u2013 FT"},"content":{"rendered":"<p><strong>Die Gruppe der sieben L\u00e4nder steht kurz davor, eine Einigung \u00fcber die Unternehmensbesteuerung multinationaler Unternehmen zu erzielen und damit den Weg f\u00fcr ein globales Abkommen sp\u00e4ter im Jahr freizumachen, berichtete die Financial Times.<\/strong><\/p>\n<p>Nachdem die Vereinigten Staaten zugestimmt hatten, einen Mindestsatz von mindestens 15% zu akzeptieren, erkl\u00e4rten Frankreich, Deutschland und Italien, der neue Vorschlag sei eine gute Grundlage f\u00fcr die Abdichtung eines internationalen Abkommens bis Juli.<\/p>\n<p>Gro\u00dfbritannien erkl\u00e4rte, es begr\u00fc\u00dfe das Engagement der Vereinigten Staaten, eine L\u00f6sung zu finden, \u00e4u\u00dferte sich jedoch nicht konkret zum US-Vorschlag.<\/p>\n<p>Bereits am Freitag k\u00f6nne man sich auf einen G7-Deal einigen, nachdem in den letzten Tagen Fortschritte unter Spitzenfunktion\u00e4ren erzielt worden seien, teilte die FT mit.<\/p>\n<ul>\n<li>Lesen Sie auch: <a href=\"https:\/\/dailynewshungary.com\/de\/ungarn-lehnt-plane-zur-einfuhrung-einer-globalen-mindeststeuer-ab\/\" target=\"_blank\" rel=\"noopener noreferrer\">Ungarn lehnt Pl\u00e4ne zur Einf\u00fchrung einer globalen Mindeststeuer ab<\/a><\/li>\n<\/ul>\n<p>\u201cDie Welt ist n\u00e4her als je zuvor an einer globalen Mindeststeuer\u201d, sagte der nationale Sicherheitsberater der USA, Jake Sullivan, am 22. Mai.<\/p>\n<blockquote>\n<p>\u201cToll zu h\u00f6ren, wie positiv unser Vorschlag aufgenommen wird\u201d, sagte er auf Twitter \u201cSo sieht es aus, die Welt dazu zu f\u00fchren, das Rennen nach unten zu beenden\u201d<\/p>\n<\/blockquote>\n<p>Fast 140 L\u00e4nder streben an, in diesem Sommer eine breite Einigung \u00fcber die \u00dcberarbeitung der Regeln f\u00fcr die Besteuerung multinationaler Konzerne und gro\u00dfer Technologieunternehmen wie Alphabet Inc und Facebook Inc. zu erzielen.<\/p>\n<p>Auf die Frage, ob Gro\u00dfbritannien sich den Vereinigten Staaten anschlie\u00dfen und einen Mindeststeuersatz von 15% akzeptieren w\u00fcrde, sagte ein Sprecher von Premierminister Boris Johnson: \u201e<\/p>\n<blockquote>\n<p>\u201cDas Erreichen einer internationalen Vereinbarung dar\u00fcber, wie gro\u00dfe digitale Unternehmen besteuert werden, ist eine Priorit\u00e4t, und wir begr\u00fc\u00dfen das erneute Engagement der USA, zu einer L\u00f6sung zu gelangen\u201d<\/p>\n<\/blockquote>\n<p>\u201cEs ist von entscheidender Bedeutung, dass jedes Abkommen sicherstellt, dass digitale Unternehmen im Vereinigten K\u00f6nigreich Steuern zahlen, die ihre wirtschaftlichen Aktivit\u00e4ten widerspiegeln\u201d, f\u00fcgte er hinzu.<\/p>\n","protected":false},"excerpt":{"rendered":"<p>Die Gruppe der sieben L\u00e4nder steht kurz davor, eine Einigung \u00fcber die Unternehmensbesteuerung multinationaler Unternehmen zu erzielen und damit den Weg f\u00fcr ein globales Abkommen sp\u00e4ter im Jahr freizumachen, berichtete die Financial Times. Nachdem die Vereinigten Staaten zugestimmt hatten, einen Mindestsatz von mindestens 15% zu akzeptieren, erkl\u00e4rten Frankreich, Deutschland und Italien, der neue Vorschlag sei [&hellip;]<\/p>\n","protected":false},"author":2,"featured_media":702080,"comment_status":"open","ping_status":"open","sticky":false,"template":"","format":"standard","meta":{"_acf_changed":false,"_display_image":"","footnotes":""},"categories":[1154],"tags":[1167,1104],"class_list":["post-702079","post","type-post","status-publish","format-standard","has-post-thumbnail","hentry","category-welt","tag-steuer","tag-wirtschaft"],"blocksy_meta":[],"acf":[],"author_username":"alk","telegram_post":"","public_post_metadata":{"breaking_news":"","important":"","csempe":"","center_tile":"","disable_thumbnail":"","target_lang":"","_featured_image_style":"","telegram_post":"","_xlat_group_id":""},"public_rank_math_data":{"title":"%title% %sep% %sitename%","description":"","focus_keyword":"","canonical_url":"","robots":"","primary_category":"1154","breadcrumb_title":"","facebook_title":"","facebook_description":"","facebook_image":"","facebook_image_id":"","twitter_title":"","twitter_description":"","twitter_image":"","twitter_image_id":"","twitter_card_type":"","twitter_use_facebook":"","advanced_robots":"","pillar_content":"","seo_score":"","contentai_score":"","rich_snippet":""},"_links":{"self":[{"href":"https:\/\/dailynewshungary.com\/de\/wp-json\/wp\/v2\/posts\/702079","targetHints":{"allow":["GET"]}}],"collection":[{"href":"https:\/\/dailynewshungary.com\/de\/wp-json\/wp\/v2\/posts"}],"about":[{"href":"https:\/\/dailynewshungary.com\/de\/wp-json\/wp\/v2\/types\/post"}],"author":[{"embeddable":true,"href":"https:\/\/dailynewshungary.com\/de\/wp-json\/wp\/v2\/users\/2"}],"replies":[{"embeddable":true,"href":"https:\/\/dailynewshungary.com\/de\/wp-json\/wp\/v2\/comments?post=702079"}],"version-history":[{"count":0,"href":"https:\/\/dailynewshungary.com\/de\/wp-json\/wp\/v2\/posts\/702079\/revisions"}],"wp:featuredmedia":[{"embeddable":true,"href":"https:\/\/dailynewshungary.com\/de\/wp-json\/wp\/v2\/media\/702080"}],"wp:attachment":[{"href":"https:\/\/dailynewshungary.com\/de\/wp-json\/wp\/v2\/media?parent=702079"}],"wp:term":[{"taxonomy":"category","embeddable":true,"href":"https:\/\/dailynewshungary.com\/de\/wp-json\/wp\/v2\/categories?post=702079"},{"taxonomy":"post_tag","embeddable":true,"href":"https:\/\/dailynewshungary.com\/de\/wp-json\/wp\/v2\/tags?post=702079"}],"curies":[{"name":"wp","href":"https:\/\/api.w.org\/{rel}","templated":true}]}}