{"id":702560,"date":"2021-05-12T14:00:00","date_gmt":"2021-05-12T12:00:00","guid":{"rendered":"https:\/\/dailynewshungary.com\/de\/ungarn-verurteilt-palastinensische-terroranschlage-gegen-israel\/"},"modified":"2021-05-12T14:00:00","modified_gmt":"2021-05-12T12:00:00","slug":"ungarn-verurteilt-palastinensische-terroranschlage-gegen-israel","status":"publish","type":"post","link":"https:\/\/dailynewshungary.com\/de\/ungarn-verurteilt-palastinensische-terroranschlage-gegen-israel\/","title":{"rendered":"Ungarn verurteilt pal\u00e4stinensische Terroranschl\u00e4ge gegen Israel"},"content":{"rendered":"<p><strong>Ungarn verurteilt entschieden die j\u00fcngsten Raketenangriffe bestimmter pal\u00e4stinensischer Terrororganisationen aus Gaza auf israelische St\u00e4dte, sagte Au\u00dfenminister P\u00e9ter Szijj\u00e1rt\u00f3 am Mittwoch.<\/strong><\/p>\n<p>\u201cWir dr\u00fccken unsere volle Solidarit\u00e4t mit Israel aus und erkennen sein Recht auf Selbstverteidigung an\u201d, sagte Szijj\u00e1rt\u00f3 auf Facebook.<\/p>\n<blockquote>\n<p>Er f\u00fcgte hinzu, dass \u201csinnlose Gewalt\u201d gegen Zivilisten \u201cunverz\u00fcglich aufh\u00f6ren muss\u201d.<\/p>\n<\/blockquote>\n<ul>\n<li><a href=\"https:\/\/dailynewshungary.com\/de\/impfung-auslandischer-staatsburger-beginnt-in-wenigen-tagen\/\">Impfung ausl\u00e4ndischer Staatsb\u00fcrger beginnt in wenigen Tagen<\/a><\/li>\n<\/ul>\n<p>Quelle: MTI<\/p>\n","protected":false},"excerpt":{"rendered":"<p>Ungarn verurteilt entschieden die j\u00fcngsten Raketenangriffe bestimmter pal\u00e4stinensischer Terrororganisationen aus Gaza auf israelische St\u00e4dte, sagte Au\u00dfenminister P\u00e9ter Szijj\u00e1rt\u00f3 am Mittwoch. \u201cWir dr\u00fccken unsere volle Solidarit\u00e4t mit Israel aus und erkennen sein Recht auf Selbstverteidigung an\u201d, sagte Szijj\u00e1rt\u00f3 auf Facebook. Er f\u00fcgte hinzu, dass \u201csinnlose Gewalt\u201d gegen Zivilisten \u201cunverz\u00fcglich aufh\u00f6ren muss\u201d. Impfung ausl\u00e4ndischer Staatsb\u00fcrger beginnt in [&hellip;]<\/p>\n","protected":false},"author":70,"featured_media":0,"comment_status":"open","ping_status":"open","sticky":false,"template":"","format":"standard","meta":{"_acf_changed":false,"_display_image":"","footnotes":""},"categories":[1101],"tags":[1470,1156,1543,1102,1076],"class_list":["post-702560","post","type-post","status-publish","format-standard","hentry","category-flashnews","tag-ausenministerium-fur-ungarn","tag-israel","tag-terrorismus","tag-ungarische-regierung","tag-ungarn"],"blocksy_meta":[],"acf":[],"author_username":"rekan","telegram_post":"","public_post_metadata":{"breaking_news":"","important":"","csempe":"","center_tile":"","disable_thumbnail":"","target_lang":"","_featured_image_style":"","telegram_post":"","_xlat_group_id":""},"public_rank_math_data":{"title":"%title% %sep% %sitename%","description":"","focus_keyword":"","canonical_url":"","robots":"","primary_category":"1101","breadcrumb_title":"","facebook_title":"","facebook_description":"","facebook_image":"","facebook_image_id":"","twitter_title":"","twitter_description":"","twitter_image":"","twitter_image_id":"","twitter_card_type":"","twitter_use_facebook":"","advanced_robots":"","pillar_content":"","seo_score":"","contentai_score":"","rich_snippet":""},"_links":{"self":[{"href":"https:\/\/dailynewshungary.com\/de\/wp-json\/wp\/v2\/posts\/702560","targetHints":{"allow":["GET"]}}],"collection":[{"href":"https:\/\/dailynewshungary.com\/de\/wp-json\/wp\/v2\/posts"}],"about":[{"href":"https:\/\/dailynewshungary.com\/de\/wp-json\/wp\/v2\/types\/post"}],"author":[{"embeddable":true,"href":"https:\/\/dailynewshungary.com\/de\/wp-json\/wp\/v2\/users\/70"}],"replies":[{"embeddable":true,"href":"https:\/\/dailynewshungary.com\/de\/wp-json\/wp\/v2\/comments?post=702560"}],"version-history":[{"count":0,"href":"https:\/\/dailynewshungary.com\/de\/wp-json\/wp\/v2\/posts\/702560\/revisions"}],"wp:attachment":[{"href":"https:\/\/dailynewshungary.com\/de\/wp-json\/wp\/v2\/media?parent=702560"}],"wp:term":[{"taxonomy":"category","embeddable":true,"href":"https:\/\/dailynewshungary.com\/de\/wp-json\/wp\/v2\/categories?post=702560"},{"taxonomy":"post_tag","embeddable":true,"href":"https:\/\/dailynewshungary.com\/de\/wp-json\/wp\/v2\/tags?post=702560"}],"curies":[{"name":"wp","href":"https:\/\/api.w.org\/{rel}","templated":true}]}}