{"id":702628,"date":"2021-05-10T17:39:30","date_gmt":"2021-05-10T15:39:30","guid":{"rendered":"https:\/\/dailynewshungary.com\/de\/elf-tote-als-eine-bombe-in-afghanistan-einen-bus-in-die-luft-jagt\/"},"modified":"2021-05-10T17:39:30","modified_gmt":"2021-05-10T15:39:30","slug":"elf-tote-als-eine-bombe-in-afghanistan-einen-bus-in-die-luft-jagt","status":"publish","type":"post","link":"https:\/\/dailynewshungary.com\/de\/elf-tote-als-eine-bombe-in-afghanistan-einen-bus-in-die-luft-jagt\/","title":{"rendered":"Elf Tote, als eine Bombe in Afghanistan einen Bus in die Luft jagt"},"content":{"rendered":"<p><strong>Eine Bombe habe in Afghanistan einen Bus in die Luft gesprengt, mindestens 11 Menschen get\u00f6tet und Dutzende verletzt, sagten Beamte am Montag, die j\u00fcngste in einer Reihe t\u00f6dlicher Explosionen, die beim Abzug ausl\u00e4ndischer Streitkr\u00e4fte stattgefunden habe.<\/strong><\/p>\n<p>Die Bombe am Stra\u00dfenrand sei am sp\u00e4ten Sonntag in der s\u00fcdlichen Provinz Zabul explodiert, sagte der Sprecher des Provinzgouverneurs, Gul Islam Sial.<\/p>\n<p>Unter den Verwundeten seien auch Frauen und Kinder, sagte erEin Sprecher des Innenministeriums sagte, 28 Menschen seien verletzt worden.<\/p>\n<p>Es gab keinen unmittelbaren Verantwortungsanspruch Aufst\u00e4ndische der Taliban reagierten nicht sofort auf eine Bitte um Stellungnahme.<\/p>\n<blockquote>\n<p>Am fr\u00fchen Montag traf eine Explosion einen Kleinbus in der Provinz Parwan n\u00f6rdlich der Hauptstadt Kabul, wobei zwei Menschen get\u00f6tet und neun verletzt wurden, teilte das Innenministerium mit.<\/p>\n<\/blockquote>\n<p>Die Gewalt hat in den letzten Wochen stark zugenommen, nachdem die Vereinigten Staaten angek\u00fcndigt hatten, bis zum 11. September alle ihre Truppen abzuziehen, 20 Jahre nachdem Al-Qaida-Angriffe auf die Vereinigten Staaten eine von den USA gef\u00fchrte Intervention in Afghanistan ausgel\u00f6st hatten.<\/p>\n<blockquote>\n<p>Die Taliban k\u00fcndigten am sp\u00e4ten Sonntag an, dass sie sp\u00e4ter in dieser Woche einen dreit\u00e4gigen Waffenstillstand f\u00fcr den religi\u00f6sen Feiertag Eid al-Fitr erkl\u00e4ren w\u00fcrden.<\/p>\n<\/blockquote>\n<p>Die Waffenstillstandserkl\u00e4rung erfolgte zwei Tage, nachdem bei Bombenanschl\u00e4gen vor einer Schule in Kabul 68 Menschen, die meisten davon M\u00e4dchen, get\u00f6tet und mehr als 165 Menschen verletzt wurden.<\/p>\n","protected":false},"excerpt":{"rendered":"<p>Eine Bombe habe in Afghanistan einen Bus in die Luft gesprengt, mindestens 11 Menschen get\u00f6tet und Dutzende verletzt, sagten Beamte am Montag, die j\u00fcngste in einer Reihe t\u00f6dlicher Explosionen, die beim Abzug ausl\u00e4ndischer Streitkr\u00e4fte stattgefunden habe. Die Bombe am Stra\u00dfenrand sei am sp\u00e4ten Sonntag in der s\u00fcdlichen Provinz Zabul explodiert, sagte der Sprecher des Provinzgouverneurs, [&hellip;]<\/p>\n","protected":false},"author":2,"featured_media":702629,"comment_status":"open","ping_status":"open","sticky":false,"template":"","format":"standard","meta":{"_acf_changed":false,"_display_image":"","footnotes":""},"categories":[1154],"tags":[1094,1580,1543],"class_list":["post-702628","post","type-post","status-publish","format-standard","has-post-thumbnail","hentry","category-welt","tag-asien","tag-naher-osten","tag-terrorismus"],"blocksy_meta":[],"acf":[],"author_username":"alk","telegram_post":"","public_post_metadata":{"breaking_news":"","important":"","csempe":"","center_tile":"","disable_thumbnail":"","target_lang":"","_featured_image_style":"","telegram_post":"","_xlat_group_id":""},"public_rank_math_data":{"title":"%title% %sep% %sitename%","description":"","focus_keyword":"","canonical_url":"","robots":"","primary_category":"1154","breadcrumb_title":"","facebook_title":"","facebook_description":"","facebook_image":"","facebook_image_id":"","twitter_title":"","twitter_description":"","twitter_image":"","twitter_image_id":"","twitter_card_type":"","twitter_use_facebook":"","advanced_robots":"","pillar_content":"","seo_score":"","contentai_score":"","rich_snippet":""},"_links":{"self":[{"href":"https:\/\/dailynewshungary.com\/de\/wp-json\/wp\/v2\/posts\/702628","targetHints":{"allow":["GET"]}}],"collection":[{"href":"https:\/\/dailynewshungary.com\/de\/wp-json\/wp\/v2\/posts"}],"about":[{"href":"https:\/\/dailynewshungary.com\/de\/wp-json\/wp\/v2\/types\/post"}],"author":[{"embeddable":true,"href":"https:\/\/dailynewshungary.com\/de\/wp-json\/wp\/v2\/users\/2"}],"replies":[{"embeddable":true,"href":"https:\/\/dailynewshungary.com\/de\/wp-json\/wp\/v2\/comments?post=702628"}],"version-history":[{"count":0,"href":"https:\/\/dailynewshungary.com\/de\/wp-json\/wp\/v2\/posts\/702628\/revisions"}],"wp:featuredmedia":[{"embeddable":true,"href":"https:\/\/dailynewshungary.com\/de\/wp-json\/wp\/v2\/media\/702629"}],"wp:attachment":[{"href":"https:\/\/dailynewshungary.com\/de\/wp-json\/wp\/v2\/media?parent=702628"}],"wp:term":[{"taxonomy":"category","embeddable":true,"href":"https:\/\/dailynewshungary.com\/de\/wp-json\/wp\/v2\/categories?post=702628"},{"taxonomy":"post_tag","embeddable":true,"href":"https:\/\/dailynewshungary.com\/de\/wp-json\/wp\/v2\/tags?post=702628"}],"curies":[{"name":"wp","href":"https:\/\/api.w.org\/{rel}","templated":true}]}}