{"id":709194,"date":"2021-04-27T15:25:00","date_gmt":"2021-04-27T13:25:00","guid":{"rendered":"https:\/\/dailynewshungary.com\/de\/wien-wird-nachste-woche-seinen-coronavirus-lockdown-lockern\/"},"modified":"2021-04-27T15:25:00","modified_gmt":"2021-04-27T13:25:00","slug":"wien-wird-nachste-woche-seinen-coronavirus-lockdown-lockern","status":"publish","type":"post","link":"https:\/\/dailynewshungary.com\/de\/wien-wird-nachste-woche-seinen-coronavirus-lockdown-lockern\/","title":{"rendered":"Wien wird n\u00e4chste Woche seinen Coronavirus-Lockdown lockern"},"content":{"rendered":"<p><strong>Wien werde seine Coronavirus-Sperre n\u00e4chste Woche, einen Monat nach ihrer Einf\u00fchrung, vorsichtig lockern, sagte der linke B\u00fcrgermeister am Dienstag und kritisierte die Pl\u00e4ne der konservativ gef\u00fchrten Regierung f\u00fcr eine umfassende Lockerung der Beschr\u00e4nkungen auf nationaler Ebene im n\u00e4chsten Monat.<\/strong><\/p>\n<p><a href=\"https:\/\/dailynewshungary.com\/de\/der-grose-britische-zuguberfall-wie-eine-15-kopfige-bande-1963-26-millionen-pfund-stahl\/\" target=\"_blank\" rel=\"noopener noreferrer\">\u00d6sterreich<\/a> Drei nationale Lockdowns hatte, von denen der letzte im Februar gelockert wurde Wien f\u00fchrte jedoch am 1. April wieder einen vollst\u00e4ndigen Lockdown ein, um Krankenh\u00e4usern zu helfen, die mit steigenden F\u00e4llen konfrontiert sind, insbesondere der gef\u00e4hrlicheren sogenannten britischen Variante.<\/p>\n<p>Die Infektionen haben in diesem Monat landesweit nachgelassen, bleiben aber mit mehr als 1.500 pro Tag hartn\u00e4ckig hoch. Trotzdem sagte Bundeskanzler Sebastian Kurz letzte Woche, dass Restaurants, Hotels und Theater am 19. Mai landesweit wiederer\u00f6ffnet werden, obwohl die Provinzen bei Bedarf vor Ort strengere Regeln haben k\u00f6nnen.<\/p>\n<blockquote>\n<p>\u201cDie Situation verbessert sich, muss aber dennoch sehr ernst genommen werden\u201d, sagte der Wiener B\u00fcrgermeister Michael Ludwig von den Sozialdemokraten auf einer Pressekonferenz, in der er ank\u00fcndigte, dass nicht unbedingt notwendige Gesch\u00e4fte am Montag, 3. Mai, wieder \u00f6ffnen w\u00fcrden.<\/p>\n<\/blockquote>\n<p>Die oppositionellen Sozialdemokraten kritisieren zunehmend voreilige Lockerungsschritte der Regierungskoalition Kurz mit den Gr\u00fcnen.<\/p>\n<p>Kurzs Konservative haben in Meinungsumfragen immer noch einen souver\u00e4nen Vorsprung, aber aktuelle Umfragen zeigen, dass ihre Unterst\u00fctzung schwindet.<\/p>\n<blockquote>\n<p>\u201cZu dem 19. Mai und der Ank\u00fcndigung der Regierung, dass viel gleichzeitig ge\u00f6ffnet wird, glaube ich pers\u00f6nlich, dass man hier sehr vorsichtig handeln sollte\u201d, sagte Ludwig.<\/p>\n<\/blockquote>\n<p>\u201cIch denke, eine solche allgemeine \u00d6ffnung ist sehr schwierig und hier stimme ich mit der \u00fcberwiegenden Mehrheit der Experten \u00fcberein\u201d, sagte er und f\u00fcgte hinzu, dass niemand eine verl\u00e4ssliche Prognose f\u00fcr die Situation vor mehr als 10 Tagen abgeben k\u00f6nne.<\/p>\n<ul>\n<li>Lesen Sie auch: <a href=\"https:\/\/dailynewshungary.com\/de\/ungarische-virologen-die-wiedereroffnung-der-terrassen-war-in-ungarn-zu-fruh\/\" target=\"_blank\" rel=\"noopener noreferrer\">Ungarische Virologen \u2013 die Wiederer\u00f6ffnung der Terrassen war zu fr\u00fch<\/a><\/li>\n<\/ul>\n<p>Kurz sagte, eine Lockerung der Beschr\u00e4nkungen werde die Zahl der Infektionen erh\u00f6hen, aber die Impfung von Risikogruppen sollte die Krankenhauseinweisungen einschr\u00e4nken, und auch andere Faktoren wie Arbeitspl\u00e4tze seien wichtig.<\/p>\n<blockquote>\n<p>\u201cBei aller Sympathie f\u00fcr die wirtschaftlichen Herausforderungen zum Beispiel wird die Gesundheit der Menschen f\u00fcr mich immer an erster Stelle stehen\u201d, sagte Ludwig.<\/p>\n<\/blockquote>\n","protected":false},"excerpt":{"rendered":"<p>Wien werde seine Coronavirus-Sperre n\u00e4chste Woche, einen Monat nach ihrer Einf\u00fchrung, vorsichtig lockern, sagte der linke B\u00fcrgermeister am Dienstag und kritisierte die Pl\u00e4ne der konservativ gef\u00fchrten Regierung f\u00fcr eine umfassende Lockerung der Beschr\u00e4nkungen auf nationaler Ebene im n\u00e4chsten Monat. \u00d6sterreich Drei nationale Lockdowns hatte, von denen der letzte im Februar gelockert wurde Wien f\u00fchrte jedoch [&hellip;]<\/p>\n","protected":false},"author":2,"featured_media":709195,"comment_status":"open","ping_status":"open","sticky":false,"template":"","format":"standard","meta":{"_acf_changed":false,"_display_image":"","footnotes":""},"categories":[1154],"tags":[2243,1129],"class_list":["post-709194","post","type-post","status-publish","format-standard","has-post-thumbnail","hentry","category-welt","tag-coronavirus","tag-osterreich"],"blocksy_meta":[],"acf":[],"author_username":"alk","telegram_post":"","public_post_metadata":{"breaking_news":"","important":"","csempe":"","center_tile":"","disable_thumbnail":"","target_lang":"","_featured_image_style":"","telegram_post":"","_xlat_group_id":""},"public_rank_math_data":{"title":"%title% %sep% %sitename%","description":"","focus_keyword":"","canonical_url":"","robots":"","primary_category":"1154","breadcrumb_title":"","facebook_title":"","facebook_description":"","facebook_image":"","facebook_image_id":"","twitter_title":"","twitter_description":"","twitter_image":"","twitter_image_id":"","twitter_card_type":"","twitter_use_facebook":"","advanced_robots":"","pillar_content":"","seo_score":"","contentai_score":"","rich_snippet":""},"_links":{"self":[{"href":"https:\/\/dailynewshungary.com\/de\/wp-json\/wp\/v2\/posts\/709194","targetHints":{"allow":["GET"]}}],"collection":[{"href":"https:\/\/dailynewshungary.com\/de\/wp-json\/wp\/v2\/posts"}],"about":[{"href":"https:\/\/dailynewshungary.com\/de\/wp-json\/wp\/v2\/types\/post"}],"author":[{"embeddable":true,"href":"https:\/\/dailynewshungary.com\/de\/wp-json\/wp\/v2\/users\/2"}],"replies":[{"embeddable":true,"href":"https:\/\/dailynewshungary.com\/de\/wp-json\/wp\/v2\/comments?post=709194"}],"version-history":[{"count":0,"href":"https:\/\/dailynewshungary.com\/de\/wp-json\/wp\/v2\/posts\/709194\/revisions"}],"wp:featuredmedia":[{"embeddable":true,"href":"https:\/\/dailynewshungary.com\/de\/wp-json\/wp\/v2\/media\/709195"}],"wp:attachment":[{"href":"https:\/\/dailynewshungary.com\/de\/wp-json\/wp\/v2\/media?parent=709194"}],"wp:term":[{"taxonomy":"category","embeddable":true,"href":"https:\/\/dailynewshungary.com\/de\/wp-json\/wp\/v2\/categories?post=709194"},{"taxonomy":"post_tag","embeddable":true,"href":"https:\/\/dailynewshungary.com\/de\/wp-json\/wp\/v2\/tags?post=709194"}],"curies":[{"name":"wp","href":"https:\/\/api.w.org\/{rel}","templated":true}]}}