{"id":709496,"date":"2021-04-20T10:45:00","date_gmt":"2021-04-20T08:45:00","guid":{"rendered":"https:\/\/dailynewshungary.com\/de\/familienschlusselwert-der-christdemokratie-sagt-fidesz-vizechef\/"},"modified":"2021-04-20T10:45:00","modified_gmt":"2021-04-20T08:45:00","slug":"familienschlusselwert-der-christdemokratie-sagt-fidesz-vizechef","status":"publish","type":"post","link":"https:\/\/dailynewshungary.com\/de\/familienschlusselwert-der-christdemokratie-sagt-fidesz-vizechef\/","title":{"rendered":"Familienschl\u00fcsselwert der Christdemokratie, sagt Fidesz-Vizechef"},"content":{"rendered":"<p><strong>Laut der Dienstagausgabe der Tageszeitung Magyar Hirlap bezeichnete Katalin Nov\u00e1k, stellvertretende Vorsitzende von Fidesz, die Familie auf einer internationalen Konferenz \u00fcber die Zukunft der Christdemokratie in Europa als den zentralen Wert der Christdemokratie.<\/strong><\/p>\n<p>Auf der Online-Konferenz des Political Network for Values, an der am Montag Gesetzgeber und f\u00fchrende Politiker teilnahmen, forderte Nov\u00e1k, der seit Herbst 2019 auch f\u00fcr Familienpolitik zust\u00e4ndig und Leiter der internationalen Organisation ist, die Wahrung traditioneller Familienwerte und die Definition der Ehe durch die Verbindung von Mann und Frau und die Eltern-Kind-Beziehung.<\/p>\n<p>sagte Nov\u00e1k<\/p>\n<blockquote>\n<p>Der Staat, der f\u00fcr Ordnung und Sicherheit sorgt, war ein weiterer wichtiger Baustein der Christdemokratie.<\/p>\n<\/blockquote>\n<p>Der Minister betonte auch die Bedeutung der Gleichstellung von M\u00e4nnern und Frauen und erkl\u00e4rte, dass dies zwar nicht bedeute, dass sie als gleich betrachtet werden sollten, sie aber gleiche Chancen haben und gleichzeitig ihre Unterschiede respektieren sollten.<\/p>\n<blockquote>\n<p>Nov\u00e1k bestand darauf, dass viele europ\u00e4ische christdemokratische Parteien ihre traditionellen Werte auf der Strecke gelassen und dem linksliberalen Mediendruck nachgegeben h\u00e4tten.<\/p>\n<\/blockquote>\n<p>Sie bestand auch darauf, dass die Europ\u00e4ische Volkspartei nach links ger\u00fcckt sei Nov\u00e1k f\u00fcgte hinzu, dass dies der Grund sei, warum Premierminister Viktor Orb\u00e1n, der italienische Politiker Matteo Salvini und der polnische Premierminister Mateusz Morawiecki dabei seien, ein neues B\u00fcndnis zu bilden.<\/p>\n<ul>\n<li>Lesen Sie auch: <a href=\"https:\/\/dailynewshungary.com\/de\/italienische-und-polnische-staats-und-regierungschefs-fordern-nach-einem-treffen-mit-premierminister-orban-eine-renaissance-der-traditionellen-europaischen-werte\/\" target=\"_blank\" rel=\"noopener noreferrer\">Italienische und polnische Staats- und Regierungschefs fordern nach einem Treffen mit Premierminister Orb\u00e1n eine Renaissance der traditionellen europ\u00e4ischen Werte<\/a><\/li>\n<\/ul>\n<p>sagte Nov\u00e1k<\/p>\n<blockquote>\n<p>Die Liberalen von heute weigerten sich, Meinungen zu akzeptieren, die im Widerspruch zu ihren eigenen standen, und sie stigmatisierten und schlossen jeden aus, der nicht genau so dachte wie sie.<\/p>\n<\/blockquote>\n<p>Wie wir gestern weitergeschrieben haben, wurde <a href=\"https:\/\/dailynewshungary.com\/news_to_go\/fidesz-joins-coe-conservatives-group\/\" target=\"_blank\" rel=\"noopener noreferrer\">Ungarns Fidesz-Parteigruppe in der Parlamentarischen Versammlung des Europarates (PACE) hat sich der Fraktion der Europ\u00e4ischen Konservativen und der Demokratischen Allianz (EC\/DA) angeschlossen<\/a>.<\/p>\n","protected":false},"excerpt":{"rendered":"<p>Laut der Dienstagausgabe der Tageszeitung Magyar Hirlap bezeichnete Katalin Nov\u00e1k, stellvertretende Vorsitzende von Fidesz, die Familie auf einer internationalen Konferenz \u00fcber die Zukunft der Christdemokratie in Europa als den zentralen Wert der Christdemokratie. Auf der Online-Konferenz des Political Network for Values, an der am Montag Gesetzgeber und f\u00fchrende Politiker teilnahmen, forderte Nov\u00e1k, der seit Herbst [&hellip;]<\/p>\n","protected":false},"author":2,"featured_media":709497,"comment_status":"open","ping_status":"open","sticky":false,"template":"","format":"standard","meta":{"_acf_changed":false,"_display_image":"","footnotes":""},"categories":[1081],"tags":[1522,1082,1091,1102,1076],"class_list":["post-709496","post","type-post","status-publish","format-standard","has-post-thumbnail","hentry","category-politik","tag-epp","tag-europaische-union","tag-fidesz","tag-ungarische-regierung","tag-ungarn"],"blocksy_meta":[],"acf":[],"author_username":"alk","telegram_post":"","public_post_metadata":{"breaking_news":"","important":"","csempe":"","center_tile":"","disable_thumbnail":"","target_lang":"","_featured_image_style":"","telegram_post":"","_xlat_group_id":""},"public_rank_math_data":{"title":"%title% %sep% %sitename%","description":"","focus_keyword":"","canonical_url":"","robots":"","primary_category":"1081","breadcrumb_title":"","facebook_title":"","facebook_description":"","facebook_image":"","facebook_image_id":"","twitter_title":"","twitter_description":"","twitter_image":"","twitter_image_id":"","twitter_card_type":"","twitter_use_facebook":"","advanced_robots":"","pillar_content":"","seo_score":"","contentai_score":"","rich_snippet":""},"_links":{"self":[{"href":"https:\/\/dailynewshungary.com\/de\/wp-json\/wp\/v2\/posts\/709496","targetHints":{"allow":["GET"]}}],"collection":[{"href":"https:\/\/dailynewshungary.com\/de\/wp-json\/wp\/v2\/posts"}],"about":[{"href":"https:\/\/dailynewshungary.com\/de\/wp-json\/wp\/v2\/types\/post"}],"author":[{"embeddable":true,"href":"https:\/\/dailynewshungary.com\/de\/wp-json\/wp\/v2\/users\/2"}],"replies":[{"embeddable":true,"href":"https:\/\/dailynewshungary.com\/de\/wp-json\/wp\/v2\/comments?post=709496"}],"version-history":[{"count":0,"href":"https:\/\/dailynewshungary.com\/de\/wp-json\/wp\/v2\/posts\/709496\/revisions"}],"wp:featuredmedia":[{"embeddable":true,"href":"https:\/\/dailynewshungary.com\/de\/wp-json\/wp\/v2\/media\/709497"}],"wp:attachment":[{"href":"https:\/\/dailynewshungary.com\/de\/wp-json\/wp\/v2\/media?parent=709496"}],"wp:term":[{"taxonomy":"category","embeddable":true,"href":"https:\/\/dailynewshungary.com\/de\/wp-json\/wp\/v2\/categories?post=709496"},{"taxonomy":"post_tag","embeddable":true,"href":"https:\/\/dailynewshungary.com\/de\/wp-json\/wp\/v2\/tags?post=709496"}],"curies":[{"name":"wp","href":"https:\/\/api.w.org\/{rel}","templated":true}]}}