{"id":710104,"date":"2021-04-05T14:20:00","date_gmt":"2021-04-05T12:20:00","guid":{"rendered":"https:\/\/dailynewshungary.com\/de\/demonstranten-in-myanmar-machen-ostereier-zu-einem-symbol-des-trotzes\/"},"modified":"2021-04-05T14:20:00","modified_gmt":"2021-04-05T12:20:00","slug":"demonstranten-in-myanmar-machen-ostereier-zu-einem-symbol-des-trotzes","status":"publish","type":"post","link":"https:\/\/dailynewshungary.com\/de\/demonstranten-in-myanmar-machen-ostereier-zu-einem-symbol-des-trotzes\/","title":{"rendered":"Demonstranten in Myanmar machen Ostereier zu einem Symbol des Trotzes"},"content":{"rendered":"<p><strong>Gegner der Milit\u00e4rherrschaft in Myanmar schrieben am Sonntag Protestbotschaften auf Ostereier, w\u00e4hrend Tausende andere wieder auf der Stra\u00dfe waren, einen Putsch vom 1. Februar anprangerten und sich den Sicherheitskr\u00e4ften stellten, die mindestens drei M\u00e4nner erschossen hatten.<\/strong><\/p>\n<p>In der j\u00fcngsten einer Reihe spontaner Trotzbekundungen waren auf Fotos in den sozialen Medien Botschaften wie \u201eFr\u00fchlingsrevolution\u201c\u201eWir m\u00fcssen gewinnen\u201d und \u201eGet out MAH\u201d \u201eHinweis auf Junta-F\u00fchrer Min Aung Hlaing \u201eAugenschein\u201d auf Eiern zu sehen.<\/p>\n<p>\u201cIm Osten dreht sich alles um die Zukunft und die Menschen in Myanmar haben eine gro\u00dfe Zukunft in einer f\u00f6deralen Demokratie\u201d, sagte Dr. Sasa, internationaler Gesandter der gest\u00fcrzten Zivilregierung, in einer Erkl\u00e4rung.<\/p>\n<p>Sasa, der nur einen Namen verwendet, ist Angeh\u00f6riger einer weitgehend christlichen ethnischen Minderheit in dem \u00fcberwiegend buddhistischen Land.<\/p>\n<p>Die Kampagne gegen den Sturz der gew\u00e4hlten Regierung von Aung San Suu Kyi umfasste Proteste, eine Kampagne des zivilen Ungehorsams mit Streiks und schrulligen Aufstandsakten, die sich in den sozialen Medien verbreiteten.<\/p>\n<blockquote>\n<p>Junge Menschen in der Hauptstadt Yangon verteilten Eier mit Protestbotschaften, wie Bilder in Beitr\u00e4gen zeigten.<\/p>\n<\/blockquote>\n<p>Trotz eines blutigen Vorgehens und Razzien gegen Aktivistenf\u00fchrer sind Tag und Nacht Menschenmengen auf die Stra\u00dfe gekommen, um die R\u00fcckkehr der Milit\u00e4rherrschaft nach einem Jahrzehnt zaghafter Schritte in Richtung Demokratie abzulehnen.<\/p>\n<p>Die Assistance Association for Political Prisoners (AAPP), eine Aktivistengruppe, die Opfer und Verhaftungen \u00fcberwacht, sagte, die Zahl der Toten sei bis zum sp\u00e4ten Samstag auf 557 gestiegen.<\/p>\n<p>In der Hauptstadt Naypyitaw wurden zwei M\u00e4nner get\u00f6tet, als die Polizei auf Motorr\u00e4der auf Demonstranten schoss, berichtete die Nachrichtenseite Irrawaddy. Ein Mann wurde zuvor in der n\u00f6rdlichen Stadt Bhamo get\u00f6tet, teilte die Nachrichtenagentur Myanmar Now mit.<\/p>\n<blockquote>\n<p>Ein Social-Media-Nutzer ver\u00f6ffentlichte sp\u00e4ter Bilder von scheinbar einer Sanit\u00e4terin, die nach einer Ausgangssperre in der zweiten Stadt Mandalay nach einer Protestkundgebung dort verwundet und unbeaufsichtigt auf einer Stra\u00dfe lag.<\/p>\n<\/blockquote>\n<p>Die Polizei und ein Sprecher der Junta beantworteten keine Telefonanrufe mit der Bitte um Stellungnahme.<\/p>\n<p>Eine riesige Menschenmenge, darunter viele Frauen in Strohh\u00fcten, str\u00f6mte durch die Innenstadt von Taze und sang Parolen, wie Bilder von DVB TV News zeigten. Menschenmengen waren auch in anderen St\u00e4dten unterwegs.<\/p>\n<p>Die AAPP sagte, 2.658 Menschen seien in Haft, darunter vier Frauen und ein Mann, der letzte Woche in Interviews auf den Stra\u00dfen von Yangon mit einem CNN-Nachrichtenteam sprach, das zu Besuch war.<\/p>\n<p>Ein Sprecher von CNN sagte, das Netzwerk wisse von Berichten \u00fcber Inhaftierungen nach dem Besuch des Teams und dr\u00e4nge die Beh\u00f6rden um Informationen.<\/p>\n<p>In einem durchgesickerten Clip aus einem CNN-Interview mit dem Sprecher der Junta, Zaw Min Tun, fragte CNN, was Suu Kyis Vater, der Held der Unabh\u00e4ngigkeit Myanmars, General Aung San, denken w\u00fcrde, wenn er den Staat jetzt im Land sehen k\u00f6nnte.<\/p>\n<p>\u201cEr w\u00fcrde sagen &#8216;meine Tochter, du bist so ein Narr&#8217;,\u201d Zaw Min Tun antwortete.<\/p>\n<p>Der Clip, der noch nicht vom Sender ausgestrahlt wurde, wurde von einer unbekannten Person gefilmt, die w\u00e4hrend des Interviews anwesend war, und ging im Land viral.<\/p>\n<h2>&#8216;WISSEN IST KLAR&#8217;<\/h2>\n<p>Die Jutna, die darum k\u00e4mpft, die Proteste zu beenden, hat eine Kampagne zur Unterdr\u00fcckung der Kritik intensiviert und Internetanbieter angewiesen, drahtloses Breitband zu k\u00fcrzen, das die meisten Menschen f\u00fcr den Internetzugang nutzen.<\/p>\n<p>Au\u00dferdem wurden Haftbefehle gegen fast 60 Prominente angek\u00fcndigt, die f\u00fcr ihren Widerstand gegen den Putsch bekannt sind, darunter Social-Media-Influencer, Models und einen Hip-Hop-Star, im Rahmen eines Gesetzes gegen die Anstiftung zu abweichenden Meinungen in den Streitkr\u00e4ften.<\/p>\n<p>Die in den letzten drei Tagen in den Nachrichtensendungen des Staatsfernsehens bekannt gegebenen Anklagen k\u00f6nnen mit einer dreij\u00e4hrigen Haftstrafe geahndet werden.<\/p>\n<p>Einer der Angeklagten, der Blogger Thurein Hlaing Win, sagte gegen\u00fcber Reuters, er sei schockiert, als er als Krimineller gebrandmarkt wurde, und verstecke sich.<\/p>\n<blockquote>\n<p>\u201cWenn ich daf\u00fcr bestraft werde, ist mein Gewissen rein&#8230; Jeder kennt die Wahrheit\u201d, sagte er telefonisch.<\/p>\n<\/blockquote>\n<p>Das Milit\u00e4r regierte die ehemalige britische Kolonie nach der Machtergreifung im Jahr 1962 mit eiserner Faust, bis es vor einem Jahrzehnt begann, sich aus der Politik zur\u00fcckzuziehen, Suu Kyi aus dem Hausarrest zu entlassen und eine Wahl zuzulassen, die ihre Partei 2015 gewann.<\/p>\n<p>Darin hei\u00dft es, sie habe die Regierung von Suu Kyi verdr\u00e4ngen m\u00fcssen, weil eine Wahl im November, die ihre Partei erneut problemlos gewonnen habe, manipuliert worden sei. Die Wahlkommission sagt, die Abstimmung sei fair gewesen.<\/p>\n<blockquote>\n<p>Das Milit\u00e4r hat Neuwahlen versprochen, aber keinen Termin festgelegt.<\/p>\n<\/blockquote>\n<p>Suu Kyi sitzt in Haft und wird mit Anklagen konfrontiert, die 14 Jahre Gef\u00e4ngnis nach sich ziehen k\u00f6nnten Ihr Anwalt sagt, die Anklage sei erfunden.<\/p>\n<p>Kr\u00e4fte ethnischer Minderheiten, die seit Jahrzehnten um Autonomie k\u00e4mpfen, haben ihre Unterst\u00fctzung gr\u00f6\u00dftenteils hinter die demokratiefreundliche Bewegung geworfen und \u00c4ngste vor wachsenden Konflikten und Chaos geweckt.<\/p>\n<p>Die Karen National Union, die 2012 einen Waffenstillstand unterzeichnete, hat die ersten milit\u00e4rischen Luftangriffe auf ihre Streitkr\u00e4fte seit mehr als 20 Jahren erlebt und Tausende von Fl\u00fcchtlingen nach Thailand geschickt Auch im Norden kam es zu K\u00e4mpfen zwischen der Armee und ethnischen Kachin-Aufst\u00e4ndischen.<\/p>\n<p>Die Partei von Suu Kyi hat geschworen, eine f\u00f6derale Demokratie aufzubauen, die Hauptforderung der Minderheitengruppen.<\/p>\n<ul>\n<li><a href=\"https:\/\/dailynewshungary.com\/de\/seltsame-und-besondere-ungarische-ostertraditionen\/\" target=\"_blank\" rel=\"noopener noreferrer\">Seltsame und besondere ungarische Ostertraditionen<\/a><\/li>\n<\/ul>\n","protected":false},"excerpt":{"rendered":"<p>Gegner der Milit\u00e4rherrschaft in Myanmar schrieben am Sonntag Protestbotschaften auf Ostereier, w\u00e4hrend Tausende andere wieder auf der Stra\u00dfe waren, einen Putsch vom 1. Februar anprangerten und sich den Sicherheitskr\u00e4ften stellten, die mindestens drei M\u00e4nner erschossen hatten. In der j\u00fcngsten einer Reihe spontaner Trotzbekundungen waren auf Fotos in den sozialen Medien Botschaften wie \u201eFr\u00fchlingsrevolution\u201c\u201eWir m\u00fcssen gewinnen\u201d [&hellip;]<\/p>\n","protected":false},"author":2,"featured_media":710105,"comment_status":"open","ping_status":"open","sticky":false,"template":"","format":"standard","meta":{"_acf_changed":false,"_display_image":"","footnotes":""},"categories":[1154],"tags":[1094,1266,1324],"class_list":["post-710104","post","type-post","status-publish","format-standard","has-post-thumbnail","hentry","category-welt","tag-asien","tag-demonstration","tag-ostern"],"blocksy_meta":[],"acf":[],"author_username":"alk","telegram_post":"","public_post_metadata":{"breaking_news":"","important":"","csempe":"","center_tile":"","disable_thumbnail":"","target_lang":"","_featured_image_style":"","telegram_post":"","_xlat_group_id":""},"public_rank_math_data":{"title":"%title% %sep% %sitename%","description":"","focus_keyword":"","canonical_url":"","robots":"","primary_category":"1154","breadcrumb_title":"","facebook_title":"","facebook_description":"","facebook_image":"","facebook_image_id":"","twitter_title":"","twitter_description":"","twitter_image":"","twitter_image_id":"","twitter_card_type":"","twitter_use_facebook":"","advanced_robots":"","pillar_content":"","seo_score":"","contentai_score":"","rich_snippet":""},"_links":{"self":[{"href":"https:\/\/dailynewshungary.com\/de\/wp-json\/wp\/v2\/posts\/710104","targetHints":{"allow":["GET"]}}],"collection":[{"href":"https:\/\/dailynewshungary.com\/de\/wp-json\/wp\/v2\/posts"}],"about":[{"href":"https:\/\/dailynewshungary.com\/de\/wp-json\/wp\/v2\/types\/post"}],"author":[{"embeddable":true,"href":"https:\/\/dailynewshungary.com\/de\/wp-json\/wp\/v2\/users\/2"}],"replies":[{"embeddable":true,"href":"https:\/\/dailynewshungary.com\/de\/wp-json\/wp\/v2\/comments?post=710104"}],"version-history":[{"count":0,"href":"https:\/\/dailynewshungary.com\/de\/wp-json\/wp\/v2\/posts\/710104\/revisions"}],"wp:featuredmedia":[{"embeddable":true,"href":"https:\/\/dailynewshungary.com\/de\/wp-json\/wp\/v2\/media\/710105"}],"wp:attachment":[{"href":"https:\/\/dailynewshungary.com\/de\/wp-json\/wp\/v2\/media?parent=710104"}],"wp:term":[{"taxonomy":"category","embeddable":true,"href":"https:\/\/dailynewshungary.com\/de\/wp-json\/wp\/v2\/categories?post=710104"},{"taxonomy":"post_tag","embeddable":true,"href":"https:\/\/dailynewshungary.com\/de\/wp-json\/wp\/v2\/tags?post=710104"}],"curies":[{"name":"wp","href":"https:\/\/api.w.org\/{rel}","templated":true}]}}