{"id":711147,"date":"2021-03-04T19:18:34","date_gmt":"2021-03-04T18:18:34","guid":{"rendered":"https:\/\/dailynewshungary.com\/de\/so-werden-die-verscharften-beschrankungen-unser-leben-verandern\/"},"modified":"2021-03-04T19:18:34","modified_gmt":"2021-03-04T18:18:34","slug":"so-werden-die-verscharften-beschrankungen-unser-leben-verandern","status":"publish","type":"post","link":"https:\/\/dailynewshungary.com\/de\/so-werden-die-verscharften-beschrankungen-unser-leben-verandern\/","title":{"rendered":"So werden die versch\u00e4rften Beschr\u00e4nkungen unser Leben ver\u00e4ndern"},"content":{"rendered":"<p><strong>Ab dem 8. M\u00e4rz wird Ungarn aufgrund der versch\u00e4rften dritten Welle der Pandemie und der sich immer weiter verschlechternden statistischen Daten wieder schlie\u00dfenKinderg\u00e4rten und Grundschulen bleiben bis zum 7. April geschlossen, und nur Anbieter, die lebenswichtige G\u00fcter verkaufen, haben bis zum 22. M\u00e4rz ge\u00f6ffnet. Also, was f\u00fcr ein Leben k\u00f6nnen wir in den kommenden Wochen erwarten?&nbsp;<\/strong><\/p>\n<ul>\n<li><strong><a href=\"https:\/\/dailynewshungary.com\/de\/brechen-ungarn-schliest-fur-zwei-wochen-um-die-ausbreitung-von-covid-einzudammen\/\">BRECHEN! Ungarn schlie\u00dft f\u00fcr zwei Wochen, um die Ausbreitung von Covid einzud\u00e4mmen<\/a><\/strong><\/li>\n<\/ul>\n<p><em><a href=\"https:\/\/index.hu\/gazdasag\/2021\/03\/04\/marcius-8-bezaras-vasarlas-iskola\/\" target=\"_blank\" rel=\"noopener\">Index<\/a> <\/em>Versuchte, diese Frage anhand einiger wesentlicher Aspekte zu beantworten:<\/p>\n<h4>Wo kann ich einkaufen gehen?<\/h4>\n<p>Alle nicht lebensnotwendigen Gesch\u00e4fte sind ab Montag f\u00fcr zwei Wochen geschlossen, das hei\u00dft bis zum 22. M\u00e4rz Ausnahmen sind Lebensmittelgesch\u00e4fte, Apotheken, Drogerien, Tankstellen.<\/p>\n<h4>Wie wirkt sich das auf die Bildung aus?<\/h4>\n<p>Kinderg\u00e4rten und Grundschulen sollen laut dem Leiter des Ministerpr\u00e4sidentenamtes bis zum 7. April schlie\u00dfen, das bedeutet 3 Wochen plus die Fr\u00fchjahrspause.<\/p>\n<p>An weiterf\u00fchrenden Schulen und Universit\u00e4ten wird die Bildung in einem digitalen Format fortgesetzt.<\/p>\n<h4>Wie sieht es mit Dienstleistungen aus?<\/h4>\n<p>Was wir an dieser Stelle sehen, ist, dass alle Dienstleistungen au\u00dfer der privaten Gesundheitsversorgung eingestellt werden m\u00fcssen.<\/p>\n<h4>Wie sieht es mit Spazierengehen, Wandern und anderen Outdoor-Aktivit\u00e4ten aus?<\/h4>\n<p>Parks und Arboreten bleiben weiterhin ge\u00f6ffnet, sodass Outdoor-Sportarten weiterhin m\u00f6glich sind. Allerdings m\u00fcssen Sicherheitsvorschriften wie die Verwendung einer Maske und ein Sicherheitsabstand von eineinhalb Metern beim Gehen, Wandern, Laufen oder Radfahren beachtet werden.<\/p>\n<blockquote>\n<p>Die Verwendung von Masken im Freien ist \u00fcberall Pflicht!<\/p>\n<\/blockquote>\n<h4>Sind wir wieder im Homeoffice in Vollzeit?<\/h4>\n<p>Die Arbeiten d\u00fcrfen fortgesetzt werden, es sollten jedoch nach M\u00f6glichkeit Home-Office-Einrichtungen bereitgestellt werden.<\/p>\n<h4>Werden FFP2-Masken obligatorisch sein?<\/h4>\n<p>Es kursieren Ger\u00fcchte, dass \u00e4hnliche Sicherheitsbestimmungen wie in der Slowakei in Kraft treten k\u00f6nnten, darunter das Tragen einer obligatorischen FFP2-Maske in Gesch\u00e4ften sowie in allen geschlossenen R\u00e4umen. Dies wurde noch nicht best\u00e4tigt.<\/p>\n<h4>Werden auch die Grenz\u00fcberg\u00e4nge versch\u00e4rft?<\/h4>\n<p>Im Falle des Personenverkehrs ja. wird es jedoch keine Versch\u00e4rfung des Transit &#8211; und G\u00fcterverkehrs geben, die Einzelheiten der weiteren Einschr\u00e4nkungen des Personenverkehrs sind noch nicht gekl\u00e4rt.<\/p>\n<h4>Was sind die offenen Fragen?<\/h4>\n<p>Die Er\u00f6ffnung\/Schlie\u00dfung von Banken, Post\u00e4mtern, Kirchen, Tabakl\u00e4den, sowie die Schlie\u00dfung von Krippen wurde noch nicht angegangen, bestehende Lohnzusch\u00fcsse f\u00fcr Hotellerie und Gastronomie werden auf alle Branchen ausgeweitet, die jetzt schlie\u00dfen m\u00fcssen.<\/p>\n<p>Die detaillierte Regelung wird voraussichtlich im Ungarischen Anzeiger (Magyar K\u00f6zl\u00f6ny) ver\u00f6ffentlicht, der gegen Mitternacht herauskommen wird.<\/p>\n","protected":false},"excerpt":{"rendered":"<p>Ab dem 8. M\u00e4rz wird Ungarn aufgrund der versch\u00e4rften dritten Welle der Pandemie und der sich immer weiter verschlechternden statistischen Daten wieder schlie\u00dfenKinderg\u00e4rten und Grundschulen bleiben bis zum 7. April geschlossen, und nur Anbieter, die lebenswichtige G\u00fcter verkaufen, haben bis zum 22. M\u00e4rz ge\u00f6ffnet. Also, was f\u00fcr ein Leben k\u00f6nnen wir in den kommenden Wochen [&hellip;]<\/p>\n","protected":false},"author":7,"featured_media":711148,"comment_status":"open","ping_status":"open","sticky":false,"template":"","format":"standard","meta":{"_acf_changed":false,"_display_image":"","footnotes":""},"categories":[1098],"tags":[2243,1778,2210,1107,1089,1423,1102],"class_list":["post-711147","post","type-post","status-publish","format-standard","has-post-thumbnail","hentry","category-gesellschaft","tag-coronavirus","tag-coronavirus-in-ungarn","tag-coronavirus-impfstoff-in-ungarn","tag-gesundheit","tag-nutzlich","tag-recht","tag-ungarische-regierung"],"blocksy_meta":[],"acf":[],"author_username":"Szandi","telegram_post":"","public_post_metadata":{"breaking_news":"","important":"","csempe":"","center_tile":"","disable_thumbnail":"","target_lang":"","_featured_image_style":"","telegram_post":"","_xlat_group_id":""},"public_rank_math_data":{"title":"%title% %sep% %sitename%","description":"","focus_keyword":"","canonical_url":"","robots":"","primary_category":"1098","breadcrumb_title":"","facebook_title":"","facebook_description":"","facebook_image":"","facebook_image_id":"","twitter_title":"","twitter_description":"","twitter_image":"","twitter_image_id":"","twitter_card_type":"","twitter_use_facebook":"","advanced_robots":"","pillar_content":"","seo_score":"","contentai_score":"","rich_snippet":""},"_links":{"self":[{"href":"https:\/\/dailynewshungary.com\/de\/wp-json\/wp\/v2\/posts\/711147","targetHints":{"allow":["GET"]}}],"collection":[{"href":"https:\/\/dailynewshungary.com\/de\/wp-json\/wp\/v2\/posts"}],"about":[{"href":"https:\/\/dailynewshungary.com\/de\/wp-json\/wp\/v2\/types\/post"}],"author":[{"embeddable":true,"href":"https:\/\/dailynewshungary.com\/de\/wp-json\/wp\/v2\/users\/7"}],"replies":[{"embeddable":true,"href":"https:\/\/dailynewshungary.com\/de\/wp-json\/wp\/v2\/comments?post=711147"}],"version-history":[{"count":0,"href":"https:\/\/dailynewshungary.com\/de\/wp-json\/wp\/v2\/posts\/711147\/revisions"}],"wp:featuredmedia":[{"embeddable":true,"href":"https:\/\/dailynewshungary.com\/de\/wp-json\/wp\/v2\/media\/711148"}],"wp:attachment":[{"href":"https:\/\/dailynewshungary.com\/de\/wp-json\/wp\/v2\/media?parent=711147"}],"wp:term":[{"taxonomy":"category","embeddable":true,"href":"https:\/\/dailynewshungary.com\/de\/wp-json\/wp\/v2\/categories?post=711147"},{"taxonomy":"post_tag","embeddable":true,"href":"https:\/\/dailynewshungary.com\/de\/wp-json\/wp\/v2\/tags?post=711147"}],"curies":[{"name":"wp","href":"https:\/\/api.w.org\/{rel}","templated":true}]}}