{"id":712731,"date":"2021-01-14T11:10:00","date_gmt":"2021-01-14T10:10:00","guid":{"rendered":"https:\/\/dailynewshungary.com\/de\/ge-investiert-92-mio-eur-in-den-ausbau-digitaler-entwicklungszentren-in-ungarn\/"},"modified":"2021-01-14T11:10:00","modified_gmt":"2021-01-14T10:10:00","slug":"ge-investiert-92-mio-eur-in-den-ausbau-digitaler-entwicklungszentren-in-ungarn","status":"publish","type":"post","link":"https:\/\/dailynewshungary.com\/de\/ge-investiert-92-mio-eur-in-den-ausbau-digitaler-entwicklungszentren-in-ungarn\/","title":{"rendered":"GE investiert 9,2 Mio. EUR in den Ausbau digitaler Entwicklungszentren in Ungarn"},"content":{"rendered":"<p><strong>GE werde 3,3 Milliarden Forint (9,2 Mio. EUR) investieren, um seine digitalen Entwicklungszentren in Budapest und in Szeged in S\u00fcdungarn zu erweitern, teilte der Minister f\u00fcr ausw\u00e4rtige Angelegenheiten und Handel am Donnerstag mit.<\/strong><\/p>\n<p>Die Regierung unterst\u00fctze die Investition, die 45 Stellen f\u00fcr Ingenieure schaffen werde, mit einem Forint-Zuschuss von 675 Millionen, sagte P\u00e9ter Szijj\u00e1rt\u00f3 auf einer Pressekonferenz.<\/p>\n<p>Endre Ascsillan, CEE-Vizepr\u00e4sident von GE Global, sagte, GE Healthcare werde mit der Investition ein neues Forschungsprojekt starten, das sich auf auf k\u00fcnstlicher Intelligenz basierende L\u00f6sungen f\u00fcr globale M\u00e4rkte konzentriert.<\/p>\n","protected":false},"excerpt":{"rendered":"<p>GE werde 3,3 Milliarden Forint (9,2 Mio. EUR) investieren, um seine digitalen Entwicklungszentren in Budapest und in Szeged in S\u00fcdungarn zu erweitern, teilte der Minister f\u00fcr ausw\u00e4rtige Angelegenheiten und Handel am Donnerstag mit. Die Regierung unterst\u00fctze die Investition, die 45 Stellen f\u00fcr Ingenieure schaffen werde, mit einem Forint-Zuschuss von 675 Millionen, sagte P\u00e9ter Szijj\u00e1rt\u00f3 auf [&hellip;]<\/p>\n","protected":false},"author":46,"featured_media":0,"comment_status":"open","ping_status":"open","sticky":false,"template":"","format":"standard","meta":{"_acf_changed":false,"_display_image":"","footnotes":""},"categories":[1101],"tags":[1096,1385,1343,1386,1137,1076],"class_list":["post-712731","post","type-post","status-publish","format-standard","hentry","category-flashnews","tag-arbeitsmarkt","tag-forschung","tag-investitionen","tag-szeged","tag-ungarische-wirtschaft","tag-ungarn"],"blocksy_meta":[],"acf":[],"author_username":"barbara.smn","telegram_post":"","public_post_metadata":{"breaking_news":"","important":"","csempe":"","center_tile":"","disable_thumbnail":"","target_lang":"","_featured_image_style":"","telegram_post":"","_xlat_group_id":""},"public_rank_math_data":{"title":"%title% %sep% %sitename%","description":"","focus_keyword":"","canonical_url":"","robots":"","primary_category":"1101","breadcrumb_title":"","facebook_title":"","facebook_description":"","facebook_image":"","facebook_image_id":"","twitter_title":"","twitter_description":"","twitter_image":"","twitter_image_id":"","twitter_card_type":"","twitter_use_facebook":"","advanced_robots":"","pillar_content":"","seo_score":"","contentai_score":"","rich_snippet":""},"_links":{"self":[{"href":"https:\/\/dailynewshungary.com\/de\/wp-json\/wp\/v2\/posts\/712731","targetHints":{"allow":["GET"]}}],"collection":[{"href":"https:\/\/dailynewshungary.com\/de\/wp-json\/wp\/v2\/posts"}],"about":[{"href":"https:\/\/dailynewshungary.com\/de\/wp-json\/wp\/v2\/types\/post"}],"author":[{"embeddable":true,"href":"https:\/\/dailynewshungary.com\/de\/wp-json\/wp\/v2\/users\/46"}],"replies":[{"embeddable":true,"href":"https:\/\/dailynewshungary.com\/de\/wp-json\/wp\/v2\/comments?post=712731"}],"version-history":[{"count":0,"href":"https:\/\/dailynewshungary.com\/de\/wp-json\/wp\/v2\/posts\/712731\/revisions"}],"wp:attachment":[{"href":"https:\/\/dailynewshungary.com\/de\/wp-json\/wp\/v2\/media?parent=712731"}],"wp:term":[{"taxonomy":"category","embeddable":true,"href":"https:\/\/dailynewshungary.com\/de\/wp-json\/wp\/v2\/categories?post=712731"},{"taxonomy":"post_tag","embeddable":true,"href":"https:\/\/dailynewshungary.com\/de\/wp-json\/wp\/v2\/tags?post=712731"}],"curies":[{"name":"wp","href":"https:\/\/api.w.org\/{rel}","templated":true}]}}