{"id":714062,"date":"2020-12-01T17:01:05","date_gmt":"2020-12-01T16:01:05","guid":{"rendered":"https:\/\/dailynewshungary.com\/de\/turkei-und-russland-einigen-sich-auf-die-bedingungen-eines-gemeinsamen-zentrums-fur-den-waffenstillstand-in-berg-karabach\/"},"modified":"2020-12-01T17:01:05","modified_gmt":"2020-12-01T16:01:05","slug":"turkei-und-russland-einigen-sich-auf-die-bedingungen-eines-gemeinsamen-zentrums-fur-den-waffenstillstand-in-berg-karabach","status":"publish","type":"post","link":"https:\/\/dailynewshungary.com\/de\/turkei-und-russland-einigen-sich-auf-die-bedingungen-eines-gemeinsamen-zentrums-fur-den-waffenstillstand-in-berg-karabach\/","title":{"rendered":"T\u00fcrkei und Russland einigen sich auf die Bedingungen eines gemeinsamen Zentrums f\u00fcr den Waffenstillstand in Berg-Karabach"},"content":{"rendered":"<p><strong>Die T\u00fcrkei und Russland haben sich auf die technischen Details der Einrichtung eines gemeinsamen Zentrums zur \u00dcberwachung des Waffenstillstands zwischen Armenien und Aserbaidschan in der Region Berg-Karabach geeinigt, teilte das t\u00fcrkische Verteidigungsministerium am Dienstag mit.<\/strong><\/p>\n<p>\u201cDie Diskussionen \u00fcber technische Details bez\u00fcglich der Einrichtung und der Pflichtengrunds\u00e4tze des T\u00fcrkisch-Russischen Gemeinsamen Zentrums sind abgeschlossen und ein Memorandum unterzeichnet\u201d, teilte das Ministerium in einer schriftlichen Erkl\u00e4rung mit.<\/p>\n<p>Die notwendigen Arbeiten zur schnellstm\u00f6glichen Aktivierung des Zentrums seien im Gange, f\u00fcgte es hinzu.<\/p>\n<p>Das Ministerium erinnerte daran, dass der t\u00fcrkische Verteidigungsminister Hulusi Akar und sein russischer Amtskollege Sergey Shoigu am 11. November eine Absichtserkl\u00e4rung zur Einrichtung des gemeinsamen Zentrums im Einklang mit dem Waffenstillstandsabkommen zwischen Armenien und Aserbaidschan unterzeichnet hatten, das die Zusammenst\u00f6\u00dfe in Bergland beendete -Karabach-Region.<\/p>\n<blockquote>\n<p>N\u00e4here Angaben dazu, wo genau das Zentrum angesiedelt sein wird oder das Mandat der dort einzusetzenden t\u00fcrkischen Truppen wurden in der Stellungnahme nicht gemacht.<\/p>\n<\/blockquote>\n<p>Das t\u00fcrkische Parlament hat letzten Monat die Erlaubnis f\u00fcr die Entsendung t\u00fcrkischer Truppen nach Aserbaidschan zur \u00dcberwachung des Waffenstillstands erteilt.<\/p>\n","protected":false},"excerpt":{"rendered":"<p>Die T\u00fcrkei und Russland haben sich auf die technischen Details der Einrichtung eines gemeinsamen Zentrums zur \u00dcberwachung des Waffenstillstands zwischen Armenien und Aserbaidschan in der Region Berg-Karabach geeinigt, teilte das t\u00fcrkische Verteidigungsministerium am Dienstag mit. \u201cDie Diskussionen \u00fcber technische Details bez\u00fcglich der Einrichtung und der Pflichtengrunds\u00e4tze des T\u00fcrkisch-Russischen Gemeinsamen Zentrums sind abgeschlossen und ein Memorandum [&hellip;]<\/p>\n","protected":false},"author":88,"featured_media":714063,"comment_status":"open","ping_status":"open","sticky":false,"template":"","format":"standard","meta":{"_acf_changed":false,"_display_image":"","footnotes":""},"categories":[1154],"tags":[1237,1238,1184,1204,1209,1200],"class_list":["post-714062","post","type-post","status-publish","format-standard","has-post-thumbnail","hentry","category-welt","tag-aserbaidschan","tag-kaukasus","tag-krieg","tag-militar","tag-russland","tag-turkei"],"blocksy_meta":[],"acf":[],"author_username":"alpar.kato","telegram_post":"","public_post_metadata":{"breaking_news":"","important":"","csempe":"","center_tile":"","disable_thumbnail":"","target_lang":"","_featured_image_style":"","telegram_post":"","_xlat_group_id":""},"public_rank_math_data":{"title":"%title% %sep% %sitename%","description":"","focus_keyword":"","canonical_url":"","robots":"","primary_category":"1154","breadcrumb_title":"","facebook_title":"","facebook_description":"","facebook_image":"","facebook_image_id":"","twitter_title":"","twitter_description":"","twitter_image":"","twitter_image_id":"","twitter_card_type":"","twitter_use_facebook":"","advanced_robots":"","pillar_content":"","seo_score":"","contentai_score":"","rich_snippet":""},"_links":{"self":[{"href":"https:\/\/dailynewshungary.com\/de\/wp-json\/wp\/v2\/posts\/714062","targetHints":{"allow":["GET"]}}],"collection":[{"href":"https:\/\/dailynewshungary.com\/de\/wp-json\/wp\/v2\/posts"}],"about":[{"href":"https:\/\/dailynewshungary.com\/de\/wp-json\/wp\/v2\/types\/post"}],"author":[{"embeddable":true,"href":"https:\/\/dailynewshungary.com\/de\/wp-json\/wp\/v2\/users\/88"}],"replies":[{"embeddable":true,"href":"https:\/\/dailynewshungary.com\/de\/wp-json\/wp\/v2\/comments?post=714062"}],"version-history":[{"count":0,"href":"https:\/\/dailynewshungary.com\/de\/wp-json\/wp\/v2\/posts\/714062\/revisions"}],"wp:featuredmedia":[{"embeddable":true,"href":"https:\/\/dailynewshungary.com\/de\/wp-json\/wp\/v2\/media\/714063"}],"wp:attachment":[{"href":"https:\/\/dailynewshungary.com\/de\/wp-json\/wp\/v2\/media?parent=714062"}],"wp:term":[{"taxonomy":"category","embeddable":true,"href":"https:\/\/dailynewshungary.com\/de\/wp-json\/wp\/v2\/categories?post=714062"},{"taxonomy":"post_tag","embeddable":true,"href":"https:\/\/dailynewshungary.com\/de\/wp-json\/wp\/v2\/tags?post=714062"}],"curies":[{"name":"wp","href":"https:\/\/api.w.org\/{rel}","templated":true}]}}