{"id":714469,"date":"2020-11-21T19:30:00","date_gmt":"2020-11-21T18:30:00","guid":{"rendered":"https:\/\/dailynewshungary.com\/de\/wie-kamen-die-besten-ungarischen-universitaten-zu-ihren-namen\/"},"modified":"2020-11-21T19:30:00","modified_gmt":"2020-11-21T18:30:00","slug":"wie-kamen-die-besten-ungarischen-universitaten-zu-ihren-namen","status":"publish","type":"post","link":"https:\/\/dailynewshungary.com\/de\/wie-kamen-die-besten-ungarischen-universitaten-zu-ihren-namen\/","title":{"rendered":"Wie kamen die besten ungarischen Universit\u00e4ten zu ihren Namen?"},"content":{"rendered":"<p><strong>Ungarns Hochschulbildung kann sich vieler ber\u00fchmter Universit\u00e4ten r\u00fchmen Nicht alle dieser Universit\u00e4ten sind wie die Technische Universit\u00e4t Budapest; die meisten von ihnen tragen die Namen ber\u00fchmter ungarischer Personen Die Namen von Kajalberg Kand\u00f3, Ignaz Semmelweis, Lor\u00e1nd E\u00f6tv\u00f6s, St. Stephan und P\u00e9ter P\u00e1zm\u00e1ny geh\u00f6ren alle verschiedenen Hochschuleinrichtungen an. Aber nach wem sind diese Institutionen benannt?<\/strong><\/p>\n<p><strong>St. Stephan I.<\/strong><br \/>Er war der letzte Gro\u00dff\u00fcrst der Ungarn und der erste K\u00f6nig von Ungarn, geboren wurde er unter dem heidnischen Namen Vajk, er war das erste Mitglied seiner Familie, das ein gl\u00e4ubiger Christ wurde, nach dem Tod seines Vaters G\u00e9za musste er um den Thron k\u00e4mpfen Er besiegte seinen Verwandten Kopp\u00e1ny. Er wurde am 25. Dezember 1000 oder 1. Januar 1001 mit einer von Papst Sylvester II. entsandten Krone gekr\u00f6nt. Stephan errichtete mindestens ein Erzbistum, sechs Bist\u00fcmer und drei Benediktinerkl\u00f6ster, was dazu f\u00fchrte, dass sich die Kirche in Ungarn unabh\u00e4ngig von den Erzbisch\u00f6fen des R\u00f6mischen Reiches entwickelte. Er f\u00f6rderte die Ausbreitung des Christentums Er reformierte das System der lokalen Verwaltung.1 In einer dauerhaften Zeit des Friedens starb Hekes von Hekes von Hekes in Ungarn 1.<\/p>\n<figure id=\"attachment_342059\" aria-describedby=\"caption-attachment-342059\" style=\"width: 2048px\" class=\"wp-caption alignnone\"><img loading=\"lazy\" decoding=\"async\" class=\"size-full wp-image-342059\" src=\"https:\/\/contentf5.dailynewshungary.com\/wp-content\/uploads\/2020\/08\/rsz_godollo_university_campus.jpg\" alt=\"szent istv\u00e1n Universit\u00e4t g\u00f6d\u00f6ll\u0151\" width=\"2048\" height=\"2048\"><figcaption id=\"caption-attachment-342059\" class=\"wp-caption-text\">Foto: www.facebook.com\/szentistvanegyetem<\/figcaption><\/figure>\n<p><strong>Kaim\u00e1n Kand\u00f3<\/strong><br \/>Kaulm\u00e1n Kand\u00f3 war ein ungarischer Ingenieur, der Erfinder des Phasenumrichters. Er studierte Maschinenbau an der Technischen Universit\u00e4t Budapest, reiste nach seinem Milit\u00e4rdienst nach Frankreich und arbeitete dort. Er entwickelte ein v\u00f6llig neues Entwurfs-Berechnungsverfahren Dadurch konnten wirtschaftliche AC-Fahrmotoren hergestellt werden Er war ein Pionier in der Entwicklung der elektrischen AC-Eisenbahntraktion. Viele moderne elektrische Z\u00fcge arbeiten nach dem gleichen dreiphasigen Hochspannungs-AC-Prinzip. Im Jahr 2001 erhielt er den posthumen Ungarischen Kulturerbepreis. In Budapest trug auch die ehemalige Elektrotechnikschule Kand\u00f3 K\u00e1lm\u00e1n, die heute zur Universit\u00e4t \u00d3buda geh\u00f6rt, seinen Namen.<\/p>\n<figure id=\"attachment_363316\" aria-describedby=\"caption-attachment-363316\" style=\"width: 2048px\" class=\"wp-caption alignnone\"><img loading=\"lazy\" decoding=\"async\" class=\"size-full wp-image-363316\" src=\"https:\/\/contentf5.dailynewshungary.com\/wp-content\/uploads\/2020\/11\/kando-kalman-university.jpg\" alt=\"Universit\u00e4t Kand\u00f3 K\u00e1lm\u00e1n\" width=\"2048\" height=\"1365\"><figcaption id=\"caption-attachment-363316\" class=\"wp-caption-text\">Foto: www.facebook.com\/kando.hu<\/figcaption><\/figure>\n<ul>\n<li><a href=\"https:\/\/dailynewshungary.com\/de\/warum-erreicht-die-zahl-derjenigen-die-an-einer-ungarischen-hochschulbildung-studieren-mochten-einen-tiefpunkt\/\" target=\"_blank\" rel=\"noopener noreferrer\">Warum erreicht die Zahl derjenigen, die an einer ungarischen Hochschulbildung studieren m\u00f6chten, einen Tiefpunkt?<\/a><\/li>\n<li><a href=\"https:\/\/dailynewshungary.com\/news_to_go\/enrollment-in-hungarys-higher-education-drops-sharply\/\" target=\"_blank\" rel=\"noopener noreferrer\">Die Einschreibungen an Ungarns Hochschulen gehen stark zur\u00fcck<\/a><\/li>\n<\/ul>\n<p><strong>Lor\u00e1nd E\u00f6tv\u00f6s<\/strong><br \/>Lor\u00e1nd E\u00f6tv\u00f6s war ein ungarischer Physiker, man erinnert sich vor allem an ihn f\u00fcr seine Arbeiten \u00fcber Gravitation und Oberfl\u00e4chenspannung, und die Erfindung des Torsionspendels, er wurde 1848 geboren, studierte Rechtswissenschaften, wechselte dann zur Physik, wurde Universit\u00e4tsprofessor in Budapest, fast ein halbes Jahrhundert lang hatte er eine f\u00fchrende Rolle in der ungarischen Wissenschaft, sein schwaches \u00c4quivalenzprinzip spielt in der Relativit\u00e4tstheorie eine herausragende Rolle, und Albert Einstein zitierte 1916 das E\u00f6tv\u00f6s-ExperimentDie E\u00f6tv\u00f6s-Lor\u00e1nd-Universit\u00e4t in Budapest tr\u00e4gt seinen Namen.<\/p>\n<figure id=\"attachment_363318\" aria-describedby=\"caption-attachment-363318\" style=\"width: 714px\" class=\"wp-caption alignnone\"><img loading=\"lazy\" decoding=\"async\" class=\"size-full wp-image-363318\" src=\"https:\/\/contentf5.dailynewshungary.com\/wp-content\/uploads\/2020\/11\/eotvos-lorand-univeristy.jpg\" alt=\"E\u00f6tv\u00f6s Lor\u00e1nd Universit\u00e4t\" width=\"714\" height=\"892\"><figcaption id=\"caption-attachment-363318\" class=\"wp-caption-text\">Foto: www.facebook.com\/elte.megeri<\/figcaption><\/figure>\n<p><strong>P\u00e9ter P\u00e1zm\u00e1ny<\/strong><br \/>P\u00e9ter P\u00e1zm\u00e1ny war ein ungarischer Jesuit, Philosoph, Theologe, Kardinalkanzelredner und Staatsmann, er war eine der einflussreichsten Pers\u00f6nlichkeiten der Gegenreformation, sein wichtigstes Verm\u00e4chtnis ist die Schaffung der ungarischen Literatursprache, er wurde 1570 geboren, er durchlief sein Noviziat in Krakau, studierte dann Philosophie in Wien und Theologie in Rom P\u00e1zm\u00e1ny war die Seele der katholischen Erneuerung in Ungarn P\u00e1zm\u00e1ny als Oberhaupt der ungarischen katholischen Kirche nutzte alles, was der Expansion und Schw\u00e4chung des Protestantismus im Wege stehen konnte, der auf Kosten seiner Kirche einflussreich geworden war.<\/p>\n<figure id=\"attachment_363317\" aria-describedby=\"caption-attachment-363317\" style=\"width: 940px\" class=\"wp-caption alignnone\"><img loading=\"lazy\" decoding=\"async\" class=\"size-full wp-image-363317\" src=\"https:\/\/contentf5.dailynewshungary.com\/wp-content\/uploads\/2020\/11\/pazmany-peter-katolikus-egyetem.jpg\" alt=\"Katholische Universit\u00e4t P\u00e1zm\u00e1ny P\u00e9ter\" width=\"940\" height=\"788\"><figcaption id=\"caption-attachment-363317\" class=\"wp-caption-text\">Foto: www.facebook.com\/ppke.official<\/figcaption><\/figure>\n<p><strong>Ignaz Semmelweis<\/strong><br \/>Ignaz Phillipp Semmelweis war ein ungarischer Mediziner und Wissenschaftler, er ist vor allem als fr\u00fcher Pionier antiseptischer Verfahren bekannt Er ist der \u201cRetter der M\u00fctter\u201d Semmelweis entdeckte, dass die Inzidenz des Wochenbettfiebers durch den Einsatz der H\u00e4ndedesinfektion in Geburtskliniken drastisch gesenkt werden konnte Diese Art von Fieber war im 19. Jahrhundert recht h\u00e4ufig Ignaz Semmelweis schlug die Praxis des H\u00e4ndewaschens mit Kalklochl\u00f6sungen vorDas sieht ganz offensichtlich aus, aber damals waren Semmelweis&#8217; Beobachtungen gegen die etablierten wissenschaftlichen und medizinischen Meinungen. Semmelweis&#8217; Praxis fand erst Jahre nach seinem Tod breite Akzeptanz an der Medizinischen Universit\u00e4t Budapest. Am 7. November 1969 wurde die Medizinische Universit\u00e4t Budapest benannt.<\/p>\n<figure id=\"attachment_363319\" aria-describedby=\"caption-attachment-363319\" style=\"width: 580px\" class=\"wp-caption alignnone\"><img loading=\"lazy\" decoding=\"async\" class=\"size-full wp-image-363319\" src=\"https:\/\/contentf5.dailynewshungary.com\/wp-content\/uploads\/2020\/11\/semmelweis-university.jpg\" alt=\"Semmelweis-universit\u00e4t\" width=\"580\" height=\"300\"><figcaption id=\"caption-attachment-363319\" class=\"wp-caption-text\">Foto: www.facebook.com\/semmelweisegyetem<\/figcaption><\/figure>\n","protected":false},"excerpt":{"rendered":"<p>Ungarns Hochschulbildung kann sich vieler ber\u00fchmter Universit\u00e4ten r\u00fchmen Nicht alle dieser Universit\u00e4ten sind wie die Technische Universit\u00e4t Budapest; die meisten von ihnen tragen die Namen ber\u00fchmter ungarischer Personen Die Namen von Kajalberg Kand\u00f3, Ignaz Semmelweis, Lor\u00e1nd E\u00f6tv\u00f6s, St. Stephan und P\u00e9ter P\u00e1zm\u00e1ny geh\u00f6ren alle verschiedenen Hochschuleinrichtungen an. Aber nach wem sind diese Institutionen benannt? St. [&hellip;]<\/p>\n","protected":false},"author":48,"featured_media":714470,"comment_status":"open","ping_status":"open","sticky":false,"template":"","format":"standard","meta":{"_acf_changed":false,"_display_image":"","footnotes":""},"categories":[3552],"tags":[1111,1152,1126,1076],"class_list":["post-714469","post","type-post","status-publish","format-standard","has-post-thumbnail","hentry","category-spezialungarisch","tag-budapest","tag-hochschulbildung","tag-ungarische-geschichte","tag-ungarn"],"blocksy_meta":[],"acf":[],"author_username":"bandrew","telegram_post":"","public_post_metadata":{"breaking_news":"","important":"","csempe":"","center_tile":"","disable_thumbnail":"","target_lang":"","_featured_image_style":"","telegram_post":"","_xlat_group_id":""},"public_rank_math_data":{"title":"%title% %sep% %sitename%","description":"","focus_keyword":"","canonical_url":"","robots":"","primary_category":"3552","breadcrumb_title":"","facebook_title":"","facebook_description":"","facebook_image":"","facebook_image_id":"","twitter_title":"","twitter_description":"","twitter_image":"","twitter_image_id":"","twitter_card_type":"","twitter_use_facebook":"","advanced_robots":"","pillar_content":"","seo_score":"","contentai_score":"","rich_snippet":""},"_links":{"self":[{"href":"https:\/\/dailynewshungary.com\/de\/wp-json\/wp\/v2\/posts\/714469","targetHints":{"allow":["GET"]}}],"collection":[{"href":"https:\/\/dailynewshungary.com\/de\/wp-json\/wp\/v2\/posts"}],"about":[{"href":"https:\/\/dailynewshungary.com\/de\/wp-json\/wp\/v2\/types\/post"}],"author":[{"embeddable":true,"href":"https:\/\/dailynewshungary.com\/de\/wp-json\/wp\/v2\/users\/48"}],"replies":[{"embeddable":true,"href":"https:\/\/dailynewshungary.com\/de\/wp-json\/wp\/v2\/comments?post=714469"}],"version-history":[{"count":0,"href":"https:\/\/dailynewshungary.com\/de\/wp-json\/wp\/v2\/posts\/714469\/revisions"}],"wp:featuredmedia":[{"embeddable":true,"href":"https:\/\/dailynewshungary.com\/de\/wp-json\/wp\/v2\/media\/714470"}],"wp:attachment":[{"href":"https:\/\/dailynewshungary.com\/de\/wp-json\/wp\/v2\/media?parent=714469"}],"wp:term":[{"taxonomy":"category","embeddable":true,"href":"https:\/\/dailynewshungary.com\/de\/wp-json\/wp\/v2\/categories?post=714469"},{"taxonomy":"post_tag","embeddable":true,"href":"https:\/\/dailynewshungary.com\/de\/wp-json\/wp\/v2\/tags?post=714469"}],"curies":[{"name":"wp","href":"https:\/\/api.w.org\/{rel}","templated":true}]}}