{"id":714570,"date":"2020-11-19T06:30:00","date_gmt":"2020-11-19T05:30:00","guid":{"rendered":"https:\/\/dailynewshungary.com\/de\/malta-verlegt-asylbewerber-nach-finnland-rumanien\/"},"modified":"2020-11-19T06:30:00","modified_gmt":"2020-11-19T05:30:00","slug":"malta-verlegt-asylbewerber-nach-finnland-rumanien","status":"publish","type":"post","link":"https:\/\/dailynewshungary.com\/de\/malta-verlegt-asylbewerber-nach-finnland-rumanien\/","title":{"rendered":"Malta verlegt Asylbewerber nach Finnland, Rum\u00e4nien"},"content":{"rendered":"<p><strong>Malta habe zwei Gruppen von Migranten nach Finnland und Rum\u00e4nien \u00fcberstellt, teilte die Regierung am Mittwoch in einer Erkl\u00e4rung mit.<\/strong><\/p>\n<p>Die Gruppen, zu denen mehrere Frauen und Kinder geh\u00f6rten, reisten auf getrennten Fl\u00fcgen in die beiden L\u00e4nder, die im Rahmen der von der Europ\u00e4ischen Kommission getroffenen Lastenteilungsvereinbarung die Aufnahme von Migranten aus Malta akzeptierten.<\/p>\n<p>Im vergangenen Monat wurden 81 Asylbewerber mit einem Flug, der im Rahmen des Neuansiedlungsprogramms der Europ\u00e4ischen Union (EU) organisiert wurde, von Malta nach Deutschland \u00fcberstellt.<\/p>\n<p>Die maltesische Regierung erkl\u00e4rte, dass bis Ende des Jahres mehr Asylsuchende in andere EU-Mitgliedstaaten umgesiedelt werden.<\/p>\n<blockquote>\n<p>Malta hatte zugestimmt, mehr als 400 Migranten von Touristenschiffen auszuschiffen, die au\u00dferhalb der Hoheitsgew\u00e4sser des Landes vor Anker lagen, bis eine L\u00f6sung auf europ\u00e4ischer Ebene gefunden wurde.<\/p>\n<\/blockquote>\n<p>Malta schloss im April aufgrund der COVID-19-Pandemie seine H\u00e4fen f\u00fcr Asylsuchende und teilte der EU mit, dass es keine Rettungsaktionen auf See durchf\u00fchren k\u00f6nne. Es kam jedoch weiterhin seiner internationalen Verpflichtung zur Rettung von Menschen in Seenot nach.<\/p>\n<blockquote>\n<p>Am 23. September legte die Europ\u00e4ische Kommission einen neuen Pakt zu Migration und Asyl vor<\/p>\n<\/blockquote>\n<p>Festlegung eines \u201cfaireren, europ\u00e4ischeren Ansatzes\u201d f\u00fcr die Steuerung von Migration und Asyl Ziel ist es, eine umfassende und nachhaltige Politik auf den Weg zu bringen, die eine humane und wirksame langfristige Antwort auf die aktuellen Herausforderungen der irregul\u00e4ren Migration bietet, indem legale Migrationspfade entwickelt, Fl\u00fcchtlinge und andere Neuank\u00f6mmlinge besser integriert und Migrationspartnerschaften mit Herkunfts &#8211; und Transitl\u00e4ndern zum gegenseitigen Nutzen vertieft werden.<\/p>\n<ul>\n<li><a href=\"https:\/\/dailynewshungary.com\/de\/justizminister-ungarn-schwarze-schafe-fur-die-ablehnung-der-migration\/\" target=\"_blank\" rel=\"noopener noreferrer\">Justizminister: Ungarn &#8216;schwarze Schafe f\u00fcr die Ablehnung der Migration&#8217;<\/a><\/li>\n<\/ul>\n","protected":false},"excerpt":{"rendered":"<p>Malta habe zwei Gruppen von Migranten nach Finnland und Rum\u00e4nien \u00fcberstellt, teilte die Regierung am Mittwoch in einer Erkl\u00e4rung mit. Die Gruppen, zu denen mehrere Frauen und Kinder geh\u00f6rten, reisten auf getrennten Fl\u00fcgen in die beiden L\u00e4nder, die im Rahmen der von der Europ\u00e4ischen Kommission getroffenen Lastenteilungsvereinbarung die Aufnahme von Migranten aus Malta akzeptierten. Im [&hellip;]<\/p>\n","protected":false},"author":2,"featured_media":714571,"comment_status":"open","ping_status":"open","sticky":false,"template":"","format":"standard","meta":{"_acf_changed":false,"_display_image":"","footnotes":""},"categories":[1098],"tags":[1082,1179,1445,1425],"class_list":["post-714570","post","type-post","status-publish","format-standard","has-post-thumbnail","hentry","category-gesellschaft","tag-europaische-union","tag-malta","tag-migration","tag-rumanien"],"blocksy_meta":[],"acf":[],"author_username":"alk","telegram_post":"","public_post_metadata":{"breaking_news":"","important":"","csempe":"","center_tile":"","disable_thumbnail":"","target_lang":"","_featured_image_style":"","telegram_post":"","_xlat_group_id":""},"public_rank_math_data":{"title":"%title% %sep% %sitename%","description":"","focus_keyword":"","canonical_url":"","robots":"","primary_category":"1098","breadcrumb_title":"","facebook_title":"","facebook_description":"","facebook_image":"","facebook_image_id":"","twitter_title":"","twitter_description":"","twitter_image":"","twitter_image_id":"","twitter_card_type":"","twitter_use_facebook":"","advanced_robots":"","pillar_content":"","seo_score":"","contentai_score":"","rich_snippet":""},"_links":{"self":[{"href":"https:\/\/dailynewshungary.com\/de\/wp-json\/wp\/v2\/posts\/714570","targetHints":{"allow":["GET"]}}],"collection":[{"href":"https:\/\/dailynewshungary.com\/de\/wp-json\/wp\/v2\/posts"}],"about":[{"href":"https:\/\/dailynewshungary.com\/de\/wp-json\/wp\/v2\/types\/post"}],"author":[{"embeddable":true,"href":"https:\/\/dailynewshungary.com\/de\/wp-json\/wp\/v2\/users\/2"}],"replies":[{"embeddable":true,"href":"https:\/\/dailynewshungary.com\/de\/wp-json\/wp\/v2\/comments?post=714570"}],"version-history":[{"count":0,"href":"https:\/\/dailynewshungary.com\/de\/wp-json\/wp\/v2\/posts\/714570\/revisions"}],"wp:featuredmedia":[{"embeddable":true,"href":"https:\/\/dailynewshungary.com\/de\/wp-json\/wp\/v2\/media\/714571"}],"wp:attachment":[{"href":"https:\/\/dailynewshungary.com\/de\/wp-json\/wp\/v2\/media?parent=714570"}],"wp:term":[{"taxonomy":"category","embeddable":true,"href":"https:\/\/dailynewshungary.com\/de\/wp-json\/wp\/v2\/categories?post=714570"},{"taxonomy":"post_tag","embeddable":true,"href":"https:\/\/dailynewshungary.com\/de\/wp-json\/wp\/v2\/tags?post=714570"}],"curies":[{"name":"wp","href":"https:\/\/api.w.org\/{rel}","templated":true}]}}