{"id":714586,"date":"2020-11-18T16:00:00","date_gmt":"2020-11-18T15:00:00","guid":{"rendered":"https:\/\/dailynewshungary.com\/de\/ungarischer-staat-kauft-einen-internationalen-flughafen-und-entwickelt-drei-weitere\/"},"modified":"2020-11-18T16:00:00","modified_gmt":"2020-11-18T15:00:00","slug":"ungarischer-staat-kauft-einen-internationalen-flughafen-und-entwickelt-drei-weitere","status":"publish","type":"post","link":"https:\/\/dailynewshungary.com\/de\/ungarischer-staat-kauft-einen-internationalen-flughafen-und-entwickelt-drei-weitere\/","title":{"rendered":"Ungarischer Staat kauft einen internationalen Flughafen und entwickelt drei weitere"},"content":{"rendered":"<p><strong>Die Eigentumsrechte am internationalen Flughafen S\u00e1rmellek werden nun von der ungarischen Tourismusagentur ausge\u00fcbt, da der Staat 90% des Unternehmens gekauft hat, das den Flughafen betreibt. Die Regierung hat au\u00dferdem \u00fcber die Unterst\u00fctzung der Entwicklungen an den Flugh\u00e4fen B\u00f6rg\u00f6nd und Per sowie \u00fcber die \u00dcbertragung einer Eisenbahnstrecke zur Verl\u00e4ngerung der Start- und Landebahn des Luftwaffenst\u00fctzpunkts P\u00e1pa entschieden.<\/strong><\/p>\n<p>Der ungarische Staat gab rund 114 Millionen Forint aus, um 90% des Eigentums am Flughafen H\u00e9v\u00edz Balaton Kft von der Gemeinde H\u00e9v\u00edz zu erwerben. Die restlichen 10% blieben bei der Gemeinde 1. <a href=\"https:\/\/magyarnemzet.hu\/gazdasag\/tobbsegi-tulajdonos-lett-sarmelleken-a-magyar-allam-8950994\/\" target=\"_blank\" rel=\"noopener noreferrer\">Magyar Nemzet<\/a> Basierend auf Informationen der ungarischen nationalen Verm\u00f6gensverwaltung Zrt. Die ungarische Tourismusagentur wird bis zum 31. Dezember 2022 die Eigentumsrechte am Flughafen aus\u00fcben, da dieser am 11. November im ungarischen Staatsanzeiger ver\u00f6ffentlicht wurde und m\u00f6glicherweise die touristischen Entwicklungen in der Region vorantreibt.<\/p>\n<blockquote>\n<p>Warum war es notwendig, dass der Staat Eigentumsrechte \u00fcbertr\u00e4gt? durch den Kauf des Flughafens, der fr\u00fcher dem Flughafen H\u00e9v\u00edz Balaton Kft. und der Gemeinde H\u00e9v\u00edz geh\u00f6rte, soll die Transparenz staatlicher Beihilfen erh\u00f6ht und der Tourismus entwickelt werden, da er heute ein Sektor von besonderer strategischer Bedeutung ist.<\/p>\n<\/blockquote>\n<p>Doch nicht nur dies wurde am 11<sup>th<\/sup> November; die Regierung beschloss auch \u00fcber die Entwicklung von drei weiteren ungarischen Flugh\u00e4fen Als <a href=\"https:\/\/airportal.hu\/allami-tobbsegi-tulajdonu-lett-a-sarmelleki-repter-fejlesztik-borgondot-pert-es-papat\/\" target=\"_blank\" rel=\"noopener noreferrer\">FLUGportal<\/a> Berichtet, geh\u00f6ren dazu:<\/p>\n<p><strong>Entwicklung des Alba Airport am B\u00f6rg\u00f6nd<\/strong><\/p>\n<p>Zur Entwicklung des Flughafens Alba am B\u00f6rg\u00f6nd (neben Szekesfeh\u00e9rv\u00e1r gelegen) (einem kleinen \u00f6ffentlichen Flughafen, der f\u00fcr Sport- und Gesch\u00e4ftszwecke genutzt wird) beschloss die ungarische Regierung, 750 Millionen Forint zur Unterst\u00fctzung der Erstellung einer Machbarkeitsstudie bereitzustellen. Der Minister f\u00fcr Innovation und Technologie von L\u00e1szl\u00f3 Palkovics wird der Gemeinde Szekesfeh\u00e9rv\u00e1r ein unterst\u00fctzendes Dokument ausstellen.<\/p>\n<p><strong>Entwicklung des Flughafens Gy ofr-P\u00e9r<\/strong><\/p>\n<p>Die Regierung wird auch die Entwicklung des Flughafens Gy.r-P\u00e9r unterst\u00fctzen. Das Ministerium f\u00fcr Innovation und Technologie bereitet einen Vorschlag f\u00fcr die Entwicklungen vor und stellt gleichzeitig sicher, dass die Kosten f\u00fcr EU-Radverkehrsprogramme in Frage kommen.<\/p>\n<p><strong>Verl\u00e4ngerung der Landebahn des Luftwaffenst\u00fctzpunkts P\u00e1pa<\/strong><\/p>\n<p>Schlie\u00dflich beschloss die Regierung, die f\u00fcr die Verlegung einer Eisenbahnstrecke erforderlichen Entwicklungen zu finanzieren, um die Landebahn des Luftwaffenst\u00fctzpunkts P\u00e1pa verl\u00e4ngern zu k\u00f6nnen.<\/p>\n","protected":false},"excerpt":{"rendered":"<p>Die Eigentumsrechte am internationalen Flughafen S\u00e1rmellek werden nun von der ungarischen Tourismusagentur ausge\u00fcbt, da der Staat 90% des Unternehmens gekauft hat, das den Flughafen betreibt. Die Regierung hat au\u00dferdem \u00fcber die Unterst\u00fctzung der Entwicklungen an den Flugh\u00e4fen B\u00f6rg\u00f6nd und Per sowie \u00fcber die \u00dcbertragung einer Eisenbahnstrecke zur Verl\u00e4ngerung der Start- und Landebahn des Luftwaffenst\u00fctzpunkts P\u00e1pa [&hellip;]<\/p>\n","protected":false},"author":47,"featured_media":714587,"comment_status":"open","ping_status":"open","sticky":false,"template":"","format":"standard","meta":{"_acf_changed":false,"_display_image":"","footnotes":""},"categories":[1281],"tags":[1289,1115,1343,1079,1102,1076],"class_list":["post-714586","post","type-post","status-publish","format-standard","has-post-thumbnail","hentry","category-geschaft","tag-balaton","tag-flughafen","tag-investitionen","tag-tourismus","tag-ungarische-regierung","tag-ungarn"],"blocksy_meta":[],"acf":[],"author_username":"annardori","telegram_post":"","public_post_metadata":{"breaking_news":"","important":"","csempe":"","center_tile":"","disable_thumbnail":"","target_lang":"","_featured_image_style":"","telegram_post":"","_xlat_group_id":""},"public_rank_math_data":{"title":"%title% %sep% %sitename%","description":"","focus_keyword":"","canonical_url":"","robots":"","primary_category":"1281","breadcrumb_title":"","facebook_title":"","facebook_description":"","facebook_image":"","facebook_image_id":"","twitter_title":"","twitter_description":"","twitter_image":"","twitter_image_id":"","twitter_card_type":"","twitter_use_facebook":"","advanced_robots":"","pillar_content":"","seo_score":"","contentai_score":"","rich_snippet":""},"_links":{"self":[{"href":"https:\/\/dailynewshungary.com\/de\/wp-json\/wp\/v2\/posts\/714586","targetHints":{"allow":["GET"]}}],"collection":[{"href":"https:\/\/dailynewshungary.com\/de\/wp-json\/wp\/v2\/posts"}],"about":[{"href":"https:\/\/dailynewshungary.com\/de\/wp-json\/wp\/v2\/types\/post"}],"author":[{"embeddable":true,"href":"https:\/\/dailynewshungary.com\/de\/wp-json\/wp\/v2\/users\/47"}],"replies":[{"embeddable":true,"href":"https:\/\/dailynewshungary.com\/de\/wp-json\/wp\/v2\/comments?post=714586"}],"version-history":[{"count":0,"href":"https:\/\/dailynewshungary.com\/de\/wp-json\/wp\/v2\/posts\/714586\/revisions"}],"wp:featuredmedia":[{"embeddable":true,"href":"https:\/\/dailynewshungary.com\/de\/wp-json\/wp\/v2\/media\/714587"}],"wp:attachment":[{"href":"https:\/\/dailynewshungary.com\/de\/wp-json\/wp\/v2\/media?parent=714586"}],"wp:term":[{"taxonomy":"category","embeddable":true,"href":"https:\/\/dailynewshungary.com\/de\/wp-json\/wp\/v2\/categories?post=714586"},{"taxonomy":"post_tag","embeddable":true,"href":"https:\/\/dailynewshungary.com\/de\/wp-json\/wp\/v2\/tags?post=714586"}],"curies":[{"name":"wp","href":"https:\/\/api.w.org\/{rel}","templated":true}]}}