{"id":714717,"date":"2020-11-15T08:30:00","date_gmt":"2020-11-15T07:30:00","guid":{"rendered":"https:\/\/dailynewshungary.com\/de\/digitale-bildung-nicht-an-jeder-ungarischen-universitat-alle-details-unten\/"},"modified":"2020-11-15T08:30:00","modified_gmt":"2020-11-15T07:30:00","slug":"digitale-bildung-nicht-an-jeder-ungarischen-universitat-alle-details-unten","status":"publish","type":"post","link":"https:\/\/dailynewshungary.com\/de\/digitale-bildung-nicht-an-jeder-ungarischen-universitat-alle-details-unten\/","title":{"rendered":"Digitale Bildung: nicht an jeder ungarischen Universit\u00e4t? \u2013 Alle Details unten!"},"content":{"rendered":"<p><strong><span data-preserver-spaces=\"true\">Wir haben in letzter Zeit sehr viele E-Mails von ausl\u00e4ndischen Studenten erhalten, die in Ungarn leben, Sie beklagen, dass, obwohl die Regierung allen Universit\u00e4ten befahl, online zu unterrichten, ihre Institutionen nicht verpflichtet waren Daher m\u00fcssen sie immer noch an Pr\u00e4senzkursen teilnehmen Wir haben nach den Antworten gesucht, die Sie unten lesen k\u00f6nnen.&nbsp;<\/span><\/strong><\/p>\n<p><span data-preserver-spaces=\"true\">Einer der E-Mail-Schreiber beklagte, dass die Lehre an der Fakult\u00e4t f\u00fcr Zahnmedizin in Szeged nicht online gegangen sei, wodurch die Leitung der Einrichtung die Studenten gef\u00e4hrde \u201c<\/span><em><span data-preserver-spaces=\"true\">Interessant ist hier, dass die meisten Lehrer der zahnmedizinischen Fakult\u00e4t den Covid-19-Test erhalten haben, und sie waren positiv, und angesichts dieser Situation \u00f6ffnen sie die Fakult\u00e4t erneut, um das Virus immer weiter zu verbreiten mehr und unterst\u00fctzt erneut die Tatsache, dass&nbsp;<\/span><\/em><\/p>\n<blockquote>\n<p><span style=\"color: #0000ff;\"><em>Das Leben internationaler Studierender bedeutet ihnen nichts.&nbsp;<\/em><\/span><\/p>\n<\/blockquote>\n<p><em><span data-preserver-spaces=\"true\">Ich bitte Sie aufrichtig, diesen Artikel zu melden, damit die Menschen in Ungarn verstehen, was hier vor sich geht, und anstatt die Schuld den Internationalen zuzuschieben, geben Sie diesen erstaunlich dummen Menschen die Schuld, die f\u00fcr solche Entscheidungen verantwortlich sind<\/span><\/em><span data-preserver-spaces=\"true\">\u201d schrieb der ausl\u00e4ndische Student in seinem Brief.<\/span><\/p>\n<p><span data-preserver-spaces=\"true\">Nach <\/span><em><a class=\"editor-rtfLink\" href=\"https:\/\/telex.hu\/koronavirus\/2020\/11\/13\/a-sote-nem-all-at-teljesen-online-oktatasra\" target=\"_blank\" rel=\"noopener noreferrer\">Telex<\/a><\/em><span data-preserver-spaces=\"true\">(nicht alle Universit\u00e4ten k\u00f6nnen online unterrichten, weil einige Fakult\u00e4ten F\u00e4higkeiten und Fertigkeiten entwickeln m\u00fcssen, f\u00fcr die Pr\u00e4senzunterricht unvermeidlich ist Deshalb blieb beispielsweise auch die Medizinische Universit\u00e4t Semmelweis im hybriden Lehrsystem und erlaubt ihren Studierenden, auch in ihren Wohnheimen zu bleiben.<\/span><\/p>\n<ul>\n<li><a class=\"editor-rtfLink\" href=\"https:\/\/dailynewshungary.com\/de\/die-ersten-tage-der-ausgangssperre-in-ungarn-und-den-nachbarlandern-videos\/\" target=\"_blank\" rel=\"noopener noreferrer\"><span data-preserver-spaces=\"true\">Die ersten Tage der Ausgangssperre in Ungarn und den Nachbarl\u00e4ndern \u2013 Videos<\/span><\/a><\/li>\n<li><a class=\"editor-rtfLink\" href=\"https:\/\/dailynewshungary.com\/de\/karte-zeigt-wo-genau-sie-in-budapest-eine-maske-tragen-mussen\/\" target=\"_blank\" rel=\"noopener noreferrer\"><span data-preserver-spaces=\"true\">Karte zeigt, wo genau Sie in Budapest eine Maske tragen m\u00fcssen!<\/span><\/a><\/li>\n<li><a class=\"editor-rtfLink\" href=\"https:\/\/dailynewshungary.com\/de\/brutale-offentliche-schlagerei-am-letzten-tag-vor-dem-lockdown-im-budapester-parteiviertel-video\/\" target=\"_blank\" rel=\"noopener noreferrer\"><span data-preserver-spaces=\"true\">Brutale \u00f6ffentliche Schl\u00e4gerei am letzten Tag vor dem Lockdown im Budapester Parteiviertel \u2013 VIDEO<\/span><\/a><\/li>\n<\/ul>\n<p><span data-preserver-spaces=\"true\">Sie k\u00f6nnen das, denn auch wenn PM Viktor Orb\u00e1n am Montag sagte, dass alle Universit\u00e4ten wieder auf Online-Lehre umstellen m\u00fcssten, gibt es Ausnahmen.<\/span><\/p>\n<blockquote>\n<p><span style=\"color: #0000ff;\" data-preserver-spaces=\"true\">Die Rektoren der Institutionen k\u00f6nnen beim f\u00fcr Hochschulbildung zust\u00e4ndigen Minister eine Sondergenehmigung f\u00fcr die Durchf\u00fchrung pers\u00f6nlicher Kurse einholen.<\/span><\/p>\n<\/blockquote>\n<p><span data-preserver-spaces=\"true\">So hat es zum Beispiel die Rektorin der Universit\u00e4t Szeged, B\u00e9la Merkely, getan und das Dokument erhalten, Die Universit\u00e4t sagte, dass sie einige Teile des Medizinunterrichts online verschieben k\u00f6nnen, aber es gibt einige Kurse, die die Anwesenheit der Studenten erfordern Daher sind die Vorlesungen online, w\u00e4hrend einige \u00dcbungskurse noch offline sind Dar\u00fcber hinaus wird die Universit\u00e4t den Staat und einige praktische Pr\u00fcfungen auch an der Universit\u00e4t organisieren Das bereitet einigen Studenten Schwierigkeiten, denn manchmal kommt es vor, dass ihre Vorlesung erst 15 Minuten vor Beginn einer praktischen Klasse endet Vorausgesetzt, sie haben keinen unbegrenzten mobilen Internetzugang, ist es eine gro\u00dfe Schwierigkeit, an beiden teilzunehmen, da alle Orte, an denen eine ausreichend schnelle Internetverbindung besteht, geschlossen werden k\u00f6nnen.<\/span><\/p>\n<blockquote>\n<p><span style=\"color: #0000ff;\" data-preserver-spaces=\"true\">Im Falle der Universit\u00e4t Szeged hat das Ministerium das entsprechende Dokument noch nicht ausgestellt.&nbsp;<\/span><\/p>\n<\/blockquote>\n<p><span data-preserver-spaces=\"true\">Der Bildungsdirektor sagte, dass sie planen, Pr\u00e4senzunterricht nur dann abzuhalten, wenn er unvermeidlich sei. Nur diejenigen Studenten k\u00f6nnen in den Wohnheimen bleiben, die Kurse besuchen oder an Forschungsprojekten teilnehmen m\u00fcssen.<\/span><\/p>\n","protected":false},"excerpt":{"rendered":"<p>Wir haben in letzter Zeit sehr viele E-Mails von ausl\u00e4ndischen Studenten erhalten, die in Ungarn leben, Sie beklagen, dass, obwohl die Regierung allen Universit\u00e4ten befahl, online zu unterrichten, ihre Institutionen nicht verpflichtet waren Daher m\u00fcssen sie immer noch an Pr\u00e4senzkursen teilnehmen Wir haben nach den Antworten gesucht, die Sie unten lesen k\u00f6nnen.&nbsp; Einer der E-Mail-Schreiber [&hellip;]<\/p>\n","protected":false},"author":18,"featured_media":714718,"comment_status":"open","ping_status":"open","sticky":false,"template":"","format":"standard","meta":{"_acf_changed":false,"_display_image":"","footnotes":""},"categories":[1098],"tags":[1438,1111,2243,1778,1116,1107,1152,1582,1386,1076],"class_list":["post-714717","post","type-post","status-publish","format-standard","has-post-thumbnail","hentry","category-gesellschaft","tag-bildung","tag-budapest","tag-coronavirus","tag-coronavirus-in-ungarn","tag-debrecen","tag-gesundheit","tag-hochschulbildung","tag-krankenhaus","tag-szeged","tag-ungarn"],"blocksy_meta":[],"acf":[],"author_username":"johnwoods","telegram_post":"","public_post_metadata":{"breaking_news":"","important":"","csempe":"","center_tile":"","disable_thumbnail":"","target_lang":"","_featured_image_style":"","telegram_post":"","_xlat_group_id":""},"public_rank_math_data":{"title":"%title% %sep% %sitename%","description":"","focus_keyword":"","canonical_url":"","robots":"","primary_category":"1098","breadcrumb_title":"","facebook_title":"","facebook_description":"","facebook_image":"","facebook_image_id":"","twitter_title":"","twitter_description":"","twitter_image":"","twitter_image_id":"","twitter_card_type":"","twitter_use_facebook":"","advanced_robots":"","pillar_content":"","seo_score":"","contentai_score":"","rich_snippet":""},"_links":{"self":[{"href":"https:\/\/dailynewshungary.com\/de\/wp-json\/wp\/v2\/posts\/714717","targetHints":{"allow":["GET"]}}],"collection":[{"href":"https:\/\/dailynewshungary.com\/de\/wp-json\/wp\/v2\/posts"}],"about":[{"href":"https:\/\/dailynewshungary.com\/de\/wp-json\/wp\/v2\/types\/post"}],"author":[{"embeddable":true,"href":"https:\/\/dailynewshungary.com\/de\/wp-json\/wp\/v2\/users\/18"}],"replies":[{"embeddable":true,"href":"https:\/\/dailynewshungary.com\/de\/wp-json\/wp\/v2\/comments?post=714717"}],"version-history":[{"count":0,"href":"https:\/\/dailynewshungary.com\/de\/wp-json\/wp\/v2\/posts\/714717\/revisions"}],"wp:featuredmedia":[{"embeddable":true,"href":"https:\/\/dailynewshungary.com\/de\/wp-json\/wp\/v2\/media\/714718"}],"wp:attachment":[{"href":"https:\/\/dailynewshungary.com\/de\/wp-json\/wp\/v2\/media?parent=714717"}],"wp:term":[{"taxonomy":"category","embeddable":true,"href":"https:\/\/dailynewshungary.com\/de\/wp-json\/wp\/v2\/categories?post=714717"},{"taxonomy":"post_tag","embeddable":true,"href":"https:\/\/dailynewshungary.com\/de\/wp-json\/wp\/v2\/tags?post=714717"}],"curies":[{"name":"wp","href":"https:\/\/api.w.org\/{rel}","templated":true}]}}