{"id":714739,"date":"2020-11-14T12:00:00","date_gmt":"2020-11-14T11:00:00","guid":{"rendered":"https:\/\/dailynewshungary.com\/de\/die-ersten-tage-der-ausgangssperre-in-ungarn-und-den-nachbarlandern-videos\/"},"modified":"2020-11-14T12:00:00","modified_gmt":"2020-11-14T11:00:00","slug":"die-ersten-tage-der-ausgangssperre-in-ungarn-und-den-nachbarlandern-videos","status":"publish","type":"post","link":"https:\/\/dailynewshungary.com\/de\/die-ersten-tage-der-ausgangssperre-in-ungarn-und-den-nachbarlandern-videos\/","title":{"rendered":"Die ersten Tage der Ausgangssperre in Ungarn und den Nachbarl\u00e4ndern \u2013 Videos"},"content":{"rendered":"<p><strong>Neue Beschr\u00e4nkungen und Schutzma\u00dfnahmen wurden von der ungarischen Regierung eingef\u00fchrt, w\u00e4hrend das Land die zweite Welle der Coronavirus-Pandemie bek\u00e4mpft Viele haben auf strengere Vorschriften gewartet, w\u00e4hrend andere \u00fcber die \u00c4nderungen nicht erfreut sind.<\/strong><\/p>\n<p>Premierminister Viktor Orb\u00e1n k\u00fcndigte am Montag an, dass am Mittwoch strengere Regeln in Kraft treten w\u00fcrden, eine Entscheidung, die viele Menschen gefordert haben. Die neuen Vorschriften umfassen eine Ausgangssperre von 8 Uhr, die R\u00fcckkehr zur Online-Schule f\u00fcr Kinder \u00fcber 14 Jahre sowie f\u00fcr alle Universit\u00e4tsstudenten und die Schlie\u00dfung von Restaurants Werfen wir einen Blick darauf, wie die ersten Tage des Lockdowns verliefen und wie die ungarische Regierung im Vergleich zu den Nachbarl\u00e4ndern gegen die Pandemie k\u00e4mpft.<\/p>\n<p>Die Hauptteile der neuen Ma\u00dfnahmen sind:<\/p>\n<ul class=\"wp-block-list\">\n<li> Eine Ausgangssperre von 8 bis 5 Uhr <\/li>\n<li>\n<blockquote>\n<p> Menschen, die nicht in der Lage sind, in Restaurants zu speisen, aber die Lieferung ist immer noch m\u00f6glich<\/p>\n<\/blockquote>\n<\/li>\n<li> Gesch\u00e4fte und Gesch\u00e4fte m\u00fcssen um 7 Uhr schlie\u00dfen <\/li>\n<li>\n<blockquote>\n<p> Hotels, die keine Touristen aufnehmen k\u00f6nnen, <\/p>\n<\/blockquote>\n<\/li>\n<li>\n<blockquote>\n<p> Kultur-, Sport-, Privat- und andere Arten von Veranstaltungen sind verboten<span style=\"font-size: inherit; letter-spacing: inherit; color: rgb(25, 30, 35);\"> sowie Familien &#8211; und andere Zusammenk\u00fcnfte, die <\/span><\/p>\n<\/blockquote>\n<\/li>\n<li> Freizeiteinrichtungen sind verboten, besucht zu werden <\/li>\n<li> Sch\u00fcler \u00fcber 14 Jahren kehren zum Online-Schulunterricht zur\u00fcck <\/li>\n<li> Strengere Maskenregeln, die von Ort zu Ort unterschiedlich sein k\u00f6nnen <\/li>\n<li> und gegen jeden, der sich nicht an die Vorschriften h\u00e4lt, kann eine Geldstrafe von 281 \u20ac bis 2.810 \u20ac verh\u00e4ngt werden. <\/li>\n<\/ul>\n<p>Diese werden 30 Tage lang wirksam sein und anschlie\u00dfend neu bewertet.<\/p>\n<p>Lesen Sie eine detailliertere Beschreibung der Einschr\u00e4nkungen <a href=\"https:\/\/dailynewshungary.com\/de\/hier-sind-die-einzelheiten-der-neuen-covid-masnahmen-ungarns\/\" target=\"_blank\" rel=\"noopener noreferrer\">HIER<\/a>.<\/p>\n<figure class=\"wp-block-embed-youtube wp-block-embed is-type-video is-provider-youtube wp-embed-aspect-16-9 wp-has-aspect-ratio\">\n<div class=\"wp-block-embed__wrapper\">\n<iframe loading=\"lazy\" title=\"A fut\u00e1rok, a buszok \u00e9s a TEK-esek \u00e9jszak\u00e1ja\" width=\"1480\" height=\"833\" src=\"https:\/\/www.youtube.com\/embed\/tEL-txtWiAc?feature=oembed\" frameborder=\"0\" allow=\"accelerometer; autoplay; clipboard-write; encrypted-media; gyroscope; picture-in-picture; web-share\" referrerpolicy=\"strict-origin-when-cross-origin\" allowfullscreen=\"\"><\/iframe>\n<\/div>\n<\/figure>\n<p>\u00d6sterreich hat eineinhalb Wochen zuvor \u00e4hnliche Ma\u00dfnahmen ergriffen, die bis Ende November intakt bleiben werden Ihre Ausgangssperre ist jedoch eine Stunde l\u00e4nger, und Bewegung oder Gehen sind nach 8 Uhr weiterhin erlaubt, lt <a rel=\"noopener noreferrer\" href=\"https:\/\/news.yahoo.com\/austria-orders-curfew-shutting-restaurants-155511604.html\" target=\"_blank\"><em>Yahoo<\/em><\/a>. Die Unternehmen, die aufgrund des Lockdowns schlie\u00dfen mussten, erhalten finanzielle Unterst\u00fctzung, die 80% der Verk\u00e4ufe betr\u00e4gt, die sie ein Jahr zuvor get\u00e4tigt hatten.<\/p>\n<p>\u00c4hnlich verliefen auch die Ma\u00dfnahmen Sloweniens, mit einer Ausgangssperre von 9 bis 6 Uhr morgens, einem Reiseverbot zwischen den 12 Regionen des Landes, einer Senkung der Grenze f\u00fcr Personen bei privaten Versammlungen auf nur sechs und einem Wechsel von Kindern ab der 6. Klasse Online-Schulbildung, lt <a rel=\"noopener noreferrer\" href=\"https:\/\/medicalxpress.com\/news\/2020-10-slovenia-curfew-virus-surge.html\" target=\"_blank\"><em>Medizinische Xpress<\/em><\/a>.<\/p>\n<figure class=\"wp-block-embed-youtube wp-block-embed is-type-video is-provider-youtube wp-embed-aspect-16-9 wp-has-aspect-ratio\">\n<div class=\"wp-block-embed__wrapper\">\nhttps:\/\/www.youtube.com\/watch?v=iiU-x_mdpp0\n<\/div>\n<\/figure>\n<p>Auf der anderen Seite des Spektrums steht unser s\u00fcdlicher Nachbar Kroatien. Es scheint, als h\u00e4tten ihre Beh\u00f6rden nicht die Absicht, wie andere europ\u00e4ische L\u00e4nder eine Sperrung oder Ausgangssperre zu verh\u00e4ngen.<\/p>\n<blockquote class=\"wp-block-quote is-layout-flow wp-block-quote-is-layout-flow\">\n<p>Viele ungarische B\u00fcrger hatten strengere Vorschriften gefordert und sind mit der Ausgangssperre und anderen Vorschriften zufrieden; Es scheint jedoch, dass viele ein Problem damit haben oder es nur schwer haben, die neuen Regeln zu befolgen. Am zweiten Tag der Ausgangssperre musste die Polizei in 324 F\u00e4llen Ma\u00dfnahmen ergreifen, weil Menschen gegen die Ausgangssperre versto\u00dfen hatten. 39 Personen wurden verwarnt, 170 wurden mit einer Geldstrafe belegt, w\u00e4hrend gegen 115 Vertragsverletzungsanzeigen eingereicht wurden und drei wegen Verst\u00f6\u00dfen gegen die Regeln \u00f6ffentlicher Versammlungen angezeigt wurden.<\/p>\n<\/blockquote>\n<p>Auch die Armee und die Anti-Terror-Einheiten waren zusammen mit der Polizei daran beteiligt, die Einhaltung der Ausgangssperre sicherzustellen, eine Aktion, die Gergely Kar\u00e1csony und viele andere in Frage stellten und kritisierten.<\/p>\n<blockquote class=\"wp-block-quote is-layout-flow wp-block-quote-is-layout-flow\">\n<p>\u201cSicherlich nicht mit Angst und Drohungen, sondern mit aufrichtiger Rede, frei von politischen Parolen und falscher Erfolgspropaganda, ist es m\u00f6glich, die Zusammenarbeit der Menschen zu erreichen. Und die Budapester setzen wieder ein Zeichen,\u201d sagte er, berichtete <em>hvg<\/em>.<\/p>\n<\/blockquote>\n","protected":false},"excerpt":{"rendered":"<p>Neue Beschr\u00e4nkungen und Schutzma\u00dfnahmen wurden von der ungarischen Regierung eingef\u00fchrt, w\u00e4hrend das Land die zweite Welle der Coronavirus-Pandemie bek\u00e4mpft Viele haben auf strengere Vorschriften gewartet, w\u00e4hrend andere \u00fcber die \u00c4nderungen nicht erfreut sind. Premierminister Viktor Orb\u00e1n k\u00fcndigte am Montag an, dass am Mittwoch strengere Regeln in Kraft treten w\u00fcrden, eine Entscheidung, die viele Menschen gefordert [&hellip;]<\/p>\n","protected":false},"author":36,"featured_media":714740,"comment_status":"open","ping_status":"open","sticky":false,"template":"","format":"standard","meta":{"_acf_changed":false,"_display_image":"","footnotes":""},"categories":[1098],"tags":[2243,1778,1107,1423,1076,1128],"class_list":["post-714739","post","type-post","status-publish","format-standard","has-post-thumbnail","hentry","category-gesellschaft","tag-coronavirus","tag-coronavirus-in-ungarn","tag-gesundheit","tag-recht","tag-ungarn","tag-viktor-orban"],"blocksy_meta":[],"acf":[],"author_username":"kata","telegram_post":"","public_post_metadata":{"breaking_news":"","important":"","csempe":"","center_tile":"","disable_thumbnail":"","target_lang":"","_featured_image_style":"","telegram_post":"","_xlat_group_id":""},"public_rank_math_data":{"title":"%title% %sep% %sitename%","description":"","focus_keyword":"","canonical_url":"","robots":"","primary_category":"1098","breadcrumb_title":"","facebook_title":"","facebook_description":"","facebook_image":"","facebook_image_id":"","twitter_title":"","twitter_description":"","twitter_image":"","twitter_image_id":"","twitter_card_type":"","twitter_use_facebook":"","advanced_robots":"","pillar_content":"","seo_score":"","contentai_score":"","rich_snippet":""},"_links":{"self":[{"href":"https:\/\/dailynewshungary.com\/de\/wp-json\/wp\/v2\/posts\/714739","targetHints":{"allow":["GET"]}}],"collection":[{"href":"https:\/\/dailynewshungary.com\/de\/wp-json\/wp\/v2\/posts"}],"about":[{"href":"https:\/\/dailynewshungary.com\/de\/wp-json\/wp\/v2\/types\/post"}],"author":[{"embeddable":true,"href":"https:\/\/dailynewshungary.com\/de\/wp-json\/wp\/v2\/users\/36"}],"replies":[{"embeddable":true,"href":"https:\/\/dailynewshungary.com\/de\/wp-json\/wp\/v2\/comments?post=714739"}],"version-history":[{"count":0,"href":"https:\/\/dailynewshungary.com\/de\/wp-json\/wp\/v2\/posts\/714739\/revisions"}],"wp:featuredmedia":[{"embeddable":true,"href":"https:\/\/dailynewshungary.com\/de\/wp-json\/wp\/v2\/media\/714740"}],"wp:attachment":[{"href":"https:\/\/dailynewshungary.com\/de\/wp-json\/wp\/v2\/media?parent=714739"}],"wp:term":[{"taxonomy":"category","embeddable":true,"href":"https:\/\/dailynewshungary.com\/de\/wp-json\/wp\/v2\/categories?post=714739"},{"taxonomy":"post_tag","embeddable":true,"href":"https:\/\/dailynewshungary.com\/de\/wp-json\/wp\/v2\/tags?post=714739"}],"curies":[{"name":"wp","href":"https:\/\/api.w.org\/{rel}","templated":true}]}}